{"id":309765,"date":"2026-01-17T00:56:10","date_gmt":"2026-01-17T00:56:10","guid":{"rendered":"https:\/\/www.europesays.com\/it\/309765\/"},"modified":"2026-01-17T00:56:10","modified_gmt":"2026-01-17T00:56:10","slug":"volley-blackmount-venafro-volley-3-2","status":"publish","type":"post","link":"https:\/\/www.europesays.com\/it\/309765\/","title":{"rendered":"Volley Blackmount \u2013 Venafro Volley 3-2"},"content":{"rendered":"<p>Nella serata di mercoled\u00ec 15 gennaio si \u00e8 giocata la prima partita dell\u2019anno per le ragazze dell\u2019Under 16 della Blackmount contro le pari et\u00e0 del Venafro Volley. \u00a0<\/p>\n<p>La partita inizia in sordina: entrambe le squadre procedono punto a punto, superandosi a vicenda, finch\u00e9 le rossobl\u00f9 riescono a creare un distacco che risulta decisivo ai fini del set. Il Montenero vince cos\u00ec il primo parziale per 25-14.<\/p>\n<p>Il secondo set parte sulla scia del primo: la Blackmount entra forte e d\u00e0 subito una spallata alle avversarie, accumulando diversi punti di vantaggio. Proprio quando sembra andare tutto per il verso giusto, per\u00f2, le venafrane con calma ricuciono lo svantaggio, si portano avanti e completano una grande rimonta, vincendo il set per 25-21 e riportando il punteggio sull\u20191-1.<\/p>\n<p>Il terzo set ricalca l\u2019avvio del precedente. Le ragazze di casa non si disuniscono nonostante la rimonta subita e anche questa volta mettono subito qualche punto di distanza tra loro e le avversarie. Dopo la lezione del secondo set, non mollano un centimetro e chiudono il parziale 25-18, tornando in vantaggio per 2-1.<\/p>\n<p>La Blackmount sembra avere il match in pugno, ma le ragazze di Venafro dimostrano ancora una volta grande tenacia. Nel quarto set giocano con un piglio diverso e ne nasce un parziale combattuto per lunghi tratti, finch\u00e9 il Venafro riesce a staccare il Montenero di qualche punto e a conquistare il 2-2 vincendo 25-17.<\/p>\n<p>Si va cos\u00ec al tie-break, dove ogni palla pesa il doppio. Le giocatrici in campo sono al massimo della concentrazione e offrono un\u2019ottima pallavolo: un tie-break divertente e combattuto, in cui nessuna delle due squadre vuole cedere. Alla fine, per\u00f2, la Blackmount dimostra di voler portare a casa la vittoria a tutti i costi e ci riesce con il punteggio di 15-12, chiudendo il match sul 3-2.<\/p>\n<p>Le ragazze dell\u2019Under 16 della Blackmount trovano cos\u00ec la loro prima vittoria stagionale contro il Venafro: un successo difficile, sudato, ma che rappresenta una grande iniezione di fiducia e il frutto dei duri allenamenti. Prossima partita in trasferta contro le ragazze di Riccia.<\/p>\n<p>Volley Blackmount Under-16: \u00a0Borgia Federica, D\u2019Alessandro Aurora, De Risio Marta, Gabriele Sara, Manes Elvia Maia, Pezzotta Rossi Daniela, Raspa Beatrice, Raspa Rebecca, Romantini Noemi, Sacchetti Elisabetta. \u00a0<\/p>\n<p>1\u00b0 allenatore: Dragani Stefano \u2013 2\u00b0 allenatore: Colonna Alessandra<\/p>\n<p>Venafro Volley: \u00a0Alfano Andrea Michela, Annunziata Matilde, Di Muccio Mara, Greco Federica, Mancini Miriam, Martino Amalia, Oliva Francesca, Oliva Lavinia, Pescosolido Melissa Pia, Simeone Sofia, Valente Federica. \u00a0<\/p>\n<p>Allenatore: Alfano Mario.<\/p>\n<p>Arbitro: Manes Michelangelo \u00a0<\/p>\n<p>Segnapunti: Pezzotta Emily<\/p>\n<p>\u00a0<\/p>\n","protected":false},"excerpt":{"rendered":"Nella serata di mercoled\u00ec 15 gennaio si \u00e8 giocata la prima partita dell\u2019anno per le ragazze dell\u2019Under 16&hellip;\n","protected":false},"author":3,"featured_media":309766,"comment_status":"","ping_status":"","sticky":false,"template":"","format":"standard","meta":{"footnotes":"","_share_on_mastodon":"0"},"categories":[1474],"tags":[144576,59578,1248,3950,1537,90,89,1290,10365,47452,494,3181,245,244,181928,1869],"class_list":["post-309765","post","type-post","status-publish","format-standard","has-post-thumbnail","category-volley","tag-blackmount","tag-contro","tag-federica","tag-grande","tag-it","tag-italia","tag-italy","tag-partita","tag-parziale","tag-prima","tag-punto","tag-ragazze","tag-sport","tag-sports","tag-venafro","tag-volley"],"share_on_mastodon":{"url":"https:\/\/pubeurope.com\/@it\/115907722087314268","error":""},"_links":{"self":[{"href":"https:\/\/www.europesays.com\/it\/wp-json\/wp\/v2\/posts\/309765","targetHints":{"allow":["GET"]}}],"collection":[{"href":"https:\/\/www.europesays.com\/it\/wp-json\/wp\/v2\/posts"}],"about":[{"href":"https:\/\/www.europesays.com\/it\/wp-json\/wp\/v2\/types\/post"}],"author":[{"embeddable":true,"href":"https:\/\/www.europesays.com\/it\/wp-json\/wp\/v2\/users\/3"}],"replies":[{"embeddable":true,"href":"https:\/\/www.europesays.com\/it\/wp-json\/wp\/v2\/comments?post=309765"}],"version-history":[{"count":0,"href":"https:\/\/www.europesays.com\/it\/wp-json\/wp\/v2\/posts\/309765\/revisions"}],"wp:featuredmedia":[{"embeddable":true,"href":"https:\/\/www.europesays.com\/it\/wp-json\/wp\/v2\/media\/309766"}],"wp:attachment":[{"href":"https:\/\/www.europesays.com\/it\/wp-json\/wp\/v2\/media?parent=309765"}],"wp:term":[{"taxonomy":"category","embeddable":true,"href":"https:\/\/www.europesays.com\/it\/wp-json\/wp\/v2\/categories?post=309765"},{"taxonomy":"post_tag","embeddable":true,"href":"https:\/\/www.europesays.com\/it\/wp-json\/wp\/v2\/tags?post=309765"}],"curies":[{"name":"wp","href":"https:\/\/api.w.org\/{rel}","templated":true}]}}