{"id":309777,"date":"2026-01-17T01:05:20","date_gmt":"2026-01-17T01:05:20","guid":{"rendered":"https:\/\/www.europesays.com\/it\/309777\/"},"modified":"2026-01-17T01:05:20","modified_gmt":"2026-01-17T01:05:20","slug":"mini-casa-48-mq-costruita-attorno-a-un-albero","status":"publish","type":"post","link":"https:\/\/www.europesays.com\/it\/309777\/","title":{"rendered":"Mini-casa 48 mq costruita attorno a un albero"},"content":{"rendered":"<p data-journey-content=\"true\" data-node-id=\"1\" class=\"css-6wxqfj emevuu60\">C\u2019\u00e8 una categoria di <strong data-node-id=\"1.1\"><a href=\"https:\/\/www.elledecor.com\/it\/case-piccole\/\" target=\"_blank\" data-vars-ga-outbound-link=\"https:\/\/www.elledecor.com\/it\/case-piccole\/\" data-vars-ga-ux-element=\"Hyperlink\" data-vars-ga-call-to-action=\"case dalle metrature contenute\" data-node-id=\"1.1.0\" class=\"body-link css-15fjk10 emevuu60\" rel=\"nofollow noopener\">case dalle metrature contenute<\/a><\/strong> che non si accontenta di comprimere, razionalizzare, moltiplicare i metri quadri come in un manuale di buona architettura. Preferisce piuttosto spostare il problema, rimescolare le gerarchie, mettere in crisi l\u2019idea stessa di centro. Questa casa di <strong data-node-id=\"1.3\">48 metri quadrati<\/strong>, progettata dallo studio <strong data-node-id=\"1.5\"><a href=\"https:\/\/ruetemple.ru\/\" target=\"_blank\" rel=\"nofollow noopener\" data-vars-ga-outbound-link=\"https:\/\/ruetemple.ru\/\" data-vars-ga-ux-element=\"Hyperlink\" data-vars-ga-call-to-action=\"Ruetemple\" data-node-id=\"1.5.0\" class=\"body-link css-15fjk10 emevuu60\">Ruetemple<\/a><\/strong>, appartiene con convinzione a questa famiglia irregolare. Qui il cuore dell\u2019abitare non \u00e8 un tavolo, n\u00e9 un divano, n\u00e9 tantomeno una cucina ben attrezzata. <strong data-node-id=\"1.7\">Al centro, letteralmente, c\u2019\u00e8 un arbusto<\/strong>. Un <a href=\"https:\/\/www.elledecor.com\/it\/case\/a69862768\/townhouse-bellissima-nel-verde\/\" target=\"_blank\" data-vars-ga-outbound-link=\"https:\/\/www.elledecor.com\/it\/case\/a69862768\/townhouse-bellissima-nel-verde\/\" data-vars-ga-ux-element=\"Hyperlink\" data-vars-ga-call-to-action=\"albero\" data-node-id=\"1.9\" class=\"body-link css-15fjk10 emevuu60\" rel=\"nofollow noopener\">albero<\/a> vero, piantato dentro un volume bianco sospeso, illuminato dall\u2019alto da una finestra in copertura. Una scelta che, a prima vista, sembra quasi una provocazione:<strong data-node-id=\"1.11\"> sottrarre spazio prezioso alla vita quotidiana per regalarlo a una presenza vegetale<\/strong> che non produce funzioni, ma atmosfera. Eppure \u00e8 proprio da questo gesto che l\u2019intero progetto prende senso.<\/p>\n<p><img draggable=\"true\" alt=\"modern living room with angled skylights and minimalist furniture\" title=\"mini-casa-con-albero\" loading=\"lazy\" width=\"3456\" height=\"5184\" decoding=\"async\" data-nimg=\"1\" style=\"color:transparent;width:100%;height:auto;\"   src=\"https:\/\/www.europesays.com\/it\/wp-content\/uploads\/2026\/01\/0004-696963c5f1354.jpg\" class=\"css-0 e1g79fud0\"\/><a target=\"_blank\" rel=\"noopener nofollow\" data-theme-key=\"base-link\" href=\"https:\/\/pinterest.com\/pin\/create\/button\/?url=https:\/\/www.elledecor.com\/it\/case\/a70013159\/mini-casa-48-mq-costruita-intorno-a-un-albero\/&amp;description=elledecoritalia&amp;media=https:\/\/hips.hearstapps.com\/hmg-prod\/images\/0004-696963c5f1354.jpg?resize=1600:*\" class=\"pinterest css-on9hn5 e1c1bym14\"><img decoding=\"async\" data-dynamic-svg=\"true\" src=\"https:\/\/www.elledecor.com\/_assets\/design-tokens\/fre\/static\/icons\/social\/pinterest.e8cf655.svg?primary=%2523ffffff\" loading=\"lazy\" data-testid=\"dynamic-svg-base\" height=\"auto\" width=\"auto\" alt=\"pinterest\" class=\"css-4lml0h e1mlxuuw1\"\/><\/a><\/p>\n<p>Ruetemple and &#8220;NTV Broadcasting Company&#8221;<\/p>\n<p><img draggable=\"true\" alt=\"modern living room with gray sofas and a coffee table\" title=\"mini-casa-con-albero\" loading=\"lazy\" width=\"3456\" height=\"5184\" decoding=\"async\" data-nimg=\"1\" style=\"color:transparent;width:100%;height:auto;\"   src=\"https:\/\/www.europesays.com\/it\/wp-content\/uploads\/2026\/01\/001-696964603e2c4.jpg\" class=\"css-0 e1g79fud0\"\/><a target=\"_blank\" rel=\"noopener nofollow\" data-theme-key=\"base-link\" href=\"https:\/\/pinterest.com\/pin\/create\/button\/?url=https:\/\/www.elledecor.com\/it\/case\/a70013159\/mini-casa-48-mq-costruita-intorno-a-un-albero\/&amp;description=elledecoritalia&amp;media=https:\/\/hips.hearstapps.com\/hmg-prod\/images\/001-696964603e2c4.jpg?resize=1600:*\" class=\"pinterest css-on9hn5 e1c1bym14\"><img decoding=\"async\" data-dynamic-svg=\"true\" src=\"https:\/\/www.elledecor.com\/_assets\/design-tokens\/fre\/static\/icons\/social\/pinterest.e8cf655.svg?primary=%2523ffffff\" loading=\"lazy\" data-testid=\"dynamic-svg-base\" height=\"auto\" width=\"auto\" alt=\"pinterest\" class=\"css-4lml0h e1mlxuuw1\"\/><\/a><\/p>\n<p>Ruetemple and &#8220;NTV Broadcasting Company&#8221;<\/p>\n<p data-journey-content=\"true\" data-node-id=\"6\" class=\"css-6wxqfj emevuu60\">Il grande cubo bianco che occupa la stanza agisce come un <strong data-node-id=\"6.1\">dispositivo di suddivisione tridimensionale<\/strong>, un pezzo di architettura dentro l\u2019architettura. Attorno a lui, come in un Tetris domestico particolarmente raffinato, si organizzano <strong data-node-id=\"6.3\">cinque micro-mondi<\/strong>: l\u2019area living, la zona TV, uno spazio guardaroba, un angolo per l\u2019isolamento e, al centro del centro, la stanza-giardino della meditazione. Non \u00e8 una casa che si attraversa in linea retta: \u00e8 una casa che si aggira, si scopre per sottrazioni, si abita per gradi. Sotto il cubo, quasi fosse un basamento abitato, compaiono <strong data-node-id=\"6.5\">moduli imbottiti su ruote<\/strong>, cassetti morbidi che scorrono e scompaiono, pronti a diventare <a href=\"https:\/\/www.elledecor.com\/it\/design\/a69283680\/30-sedie-piu-belle-nella-storia-del-design\/\" target=\"_blank\" data-vars-ga-outbound-link=\"https:\/\/www.elledecor.com\/it\/design\/a69283680\/30-sedie-piu-belle-nella-storia-del-design\/\" data-vars-ga-ux-element=\"Hyperlink\" data-vars-ga-call-to-action=\"sedute\" data-node-id=\"6.7\" class=\"body-link css-15fjk10 emevuu60\" rel=\"nofollow noopener\">sedute<\/a>, <a href=\"https:\/\/www.elledecor.com\/it\/design\/a29412365\/divanetto-chaise-longue\/\" target=\"_blank\" data-vars-ga-outbound-link=\"https:\/\/www.elledecor.com\/it\/design\/a29412365\/divanetto-chaise-longue\/\" data-vars-ga-ux-element=\"Hyperlink\" data-vars-ga-call-to-action=\"chaise longue\" data-node-id=\"6.9\" class=\"body-link css-15fjk10 emevuu60\" rel=\"nofollow noopener\">chaise longue<\/a>, appoggi improvvisati. \u00c8 qui che l\u2019idea di mini-casa smette di essere esercizio di compressione e diventa coreografia: i <strong data-node-id=\"6.11\">mobili si muovono, gli spazi si contraggono o si dilatano, la casa cambia assetto a seconda del numero di persone<\/strong>, del momento della giornata, dell\u2019umore.<\/p>\n<p><img draggable=\"true\" alt=\"casa con albero\" title=\"mini-casa-con-albero\" loading=\"lazy\" width=\"3456\" height=\"5184\" decoding=\"async\" data-nimg=\"1\" style=\"color:transparent;width:100%;height:auto;\"   src=\"https:\/\/www.europesays.com\/it\/wp-content\/uploads\/2026\/01\/0014-696964c1397fe.jpg\" class=\"css-0 e1g79fud0\"\/><a target=\"_blank\" rel=\"noopener nofollow\" data-theme-key=\"base-link\" href=\"https:\/\/pinterest.com\/pin\/create\/button\/?url=https:\/\/www.elledecor.com\/it\/case\/a70013159\/mini-casa-48-mq-costruita-intorno-a-un-albero\/&amp;description=elledecoritalia&amp;media=https:\/\/hips.hearstapps.com\/hmg-prod\/images\/0014-696964c1397fe.jpg?resize=1600:*\" class=\"pinterest css-on9hn5 e1c1bym14\"><img decoding=\"async\" data-dynamic-svg=\"true\" src=\"https:\/\/www.elledecor.com\/_assets\/design-tokens\/fre\/static\/icons\/social\/pinterest.e8cf655.svg?primary=%2523ffffff\" loading=\"lazy\" data-testid=\"dynamic-svg-base\" height=\"auto\" width=\"auto\" alt=\"pinterest\" class=\"css-4lml0h e1mlxuuw1\"\/><\/a><\/p>\n<p>Ruetemple and &#8220;NTV Broadcasting Company&#8221;<\/p>\n<p><img draggable=\"true\" alt=\"modern living space with a unique indoor nook\" title=\"mini-casa-con-albero\" loading=\"lazy\" width=\"5760\" height=\"3840\" decoding=\"async\" data-nimg=\"1\" style=\"color:transparent;width:100%;height:auto;\"   src=\"https:\/\/www.europesays.com\/it\/wp-content\/uploads\/2026\/01\/0008-696964f9865f3.jpg\" class=\"css-0 e1g79fud0\"\/><a target=\"_blank\" rel=\"noopener nofollow\" data-theme-key=\"base-link\" href=\"https:\/\/pinterest.com\/pin\/create\/button\/?url=https:\/\/www.elledecor.com\/it\/case\/a70013159\/mini-casa-48-mq-costruita-intorno-a-un-albero\/&amp;description=elledecoritalia&amp;media=https:\/\/hips.hearstapps.com\/hmg-prod\/images\/0008-696964f9865f3.jpg?resize=1600:*\" class=\"pinterest css-on9hn5 e1c1bym14\"><img decoding=\"async\" data-dynamic-svg=\"true\" src=\"https:\/\/www.elledecor.com\/_assets\/design-tokens\/fre\/static\/icons\/social\/pinterest.e8cf655.svg?primary=%2523ffffff\" loading=\"lazy\" data-testid=\"dynamic-svg-base\" height=\"auto\" width=\"auto\" alt=\"pinterest\" class=\"css-4lml0h e1mlxuuw1\"\/><\/a><\/p>\n<p>Ruetemple and &#8220;NTV Broadcasting Company&#8221;<\/p>\n<p data-journey-content=\"true\" data-node-id=\"10\" class=\"css-6wxqfj emevuu60\">La presenza dell\u2019albero, addomesticato ma non addolcito, sembra quasi voler introdurre una dimensione quasi rituale. La natura, pi\u00f9 di una decorazione, diventa una inquilina privilegiata, occupando il punto migliore, nonch\u00e9 il pi\u00f9 protetto, quello pi\u00f9 difficile da raggiungere. Conviverci significa innanzitutto accettare che <strong data-node-id=\"10.1\">una parte dello spazio non sia produttiva<\/strong>, non sia efficiente, non serva a nulla se non a ricordare che abitare non coincide sempre con utilizzare. Intorno, l\u2019architettura fa un passo indietro: <a href=\"https:\/\/www.elledecor.com\/it\/case\/a69593281\/casa-64-mq-seminterrata-bianca\/\" target=\"_blank\" data-vars-ga-outbound-link=\"https:\/\/www.elledecor.com\/it\/case\/a69593281\/casa-64-mq-seminterrata-bianca\/\" data-vars-ga-ux-element=\"Hyperlink\" data-vars-ga-call-to-action=\"superfici chiare\" data-node-id=\"10.3\" class=\"body-link css-15fjk10 emevuu60\" rel=\"nofollow noopener\">superfici chiare<\/a>, luce abbondante, pochi materiali scelti con precisione. Le travi, le finestre inclinate, i tagli visivi contribuiscono a costruire un interno che sembra pi\u00f9 grande di quanto dica la pianta, pur restando dichiaratamente compatto. <\/p>\n<p><img draggable=\"true\" alt=\"modern living space with extensive windows and natural elements\" title=\"mini-casa-con-albero\" loading=\"lazy\" width=\"5184\" height=\"3456\" decoding=\"async\" data-nimg=\"1\" style=\"color:transparent;width:100%;height:auto;\"   src=\"https:\/\/www.europesays.com\/it\/wp-content\/uploads\/2026\/01\/0025-6969652043344.jpg\" class=\"css-0 e1g79fud0\"\/><a target=\"_blank\" rel=\"noopener nofollow\" data-theme-key=\"base-link\" href=\"https:\/\/pinterest.com\/pin\/create\/button\/?url=https:\/\/www.elledecor.com\/it\/case\/a70013159\/mini-casa-48-mq-costruita-intorno-a-un-albero\/&amp;description=elledecoritalia&amp;media=https:\/\/hips.hearstapps.com\/hmg-prod\/images\/0025-6969652043344.jpg?resize=1600:*\" class=\"pinterest css-on9hn5 e1c1bym14\"><img decoding=\"async\" data-dynamic-svg=\"true\" src=\"https:\/\/www.elledecor.com\/_assets\/design-tokens\/fre\/static\/icons\/social\/pinterest.e8cf655.svg?primary=%2523ffffff\" loading=\"lazy\" data-testid=\"dynamic-svg-base\" height=\"auto\" width=\"auto\" alt=\"pinterest\" class=\"css-4lml0h e1mlxuuw1\"\/><\/a><\/p>\n<p>Ruetemple and &#8220;NTV Broadcasting Company&#8221;<\/p>\n<p><img draggable=\"true\" alt=\"modern interior featuring a spacious room with large windows and minimalist design\" title=\"mini-casa-con-albero\" loading=\"lazy\" width=\"5760\" height=\"3840\" decoding=\"async\" data-nimg=\"1\" style=\"color:transparent;width:100%;height:auto;\"   src=\"https:\/\/www.europesays.com\/it\/wp-content\/uploads\/2026\/01\/0007-69696540770e2.jpg\" class=\"css-0 e1g79fud0\"\/><a target=\"_blank\" rel=\"noopener nofollow\" data-theme-key=\"base-link\" href=\"https:\/\/pinterest.com\/pin\/create\/button\/?url=https:\/\/www.elledecor.com\/it\/case\/a70013159\/mini-casa-48-mq-costruita-intorno-a-un-albero\/&amp;description=elledecoritalia&amp;media=https:\/\/hips.hearstapps.com\/hmg-prod\/images\/0007-69696540770e2.jpg?resize=1600:*\" class=\"pinterest css-on9hn5 e1c1bym14\"><img decoding=\"async\" data-dynamic-svg=\"true\" src=\"https:\/\/www.elledecor.com\/_assets\/design-tokens\/fre\/static\/icons\/social\/pinterest.e8cf655.svg?primary=%2523ffffff\" loading=\"lazy\" data-testid=\"dynamic-svg-base\" height=\"auto\" width=\"auto\" alt=\"pinterest\" class=\"css-4lml0h e1mlxuuw1\"\/><\/a><\/p>\n<p>Ruetemple and &#8220;NTV Broadcasting Company&#8221;<\/p>\n<p><img draggable=\"true\" alt=\"casa con albero\" title=\"mini-casa-con-albero\" loading=\"lazy\" width=\"3456\" height=\"5184\" decoding=\"async\" data-nimg=\"1\" style=\"color:transparent;width:100%;height:auto;\"   src=\"https:\/\/www.europesays.com\/it\/wp-content\/uploads\/2026\/01\/0017-696965622077d.jpg\" class=\"css-0 e1g79fud0\"\/><a target=\"_blank\" rel=\"noopener nofollow\" data-theme-key=\"base-link\" href=\"https:\/\/pinterest.com\/pin\/create\/button\/?url=https:\/\/www.elledecor.com\/it\/case\/a70013159\/mini-casa-48-mq-costruita-intorno-a-un-albero\/&amp;description=elledecoritalia&amp;media=https:\/\/hips.hearstapps.com\/hmg-prod\/images\/0017-696965622077d.jpg?resize=1600:*\" class=\"pinterest css-on9hn5 e1c1bym14\"><img decoding=\"async\" data-dynamic-svg=\"true\" src=\"https:\/\/www.elledecor.com\/_assets\/design-tokens\/fre\/static\/icons\/social\/pinterest.e8cf655.svg?primary=%2523ffffff\" loading=\"lazy\" data-testid=\"dynamic-svg-base\" height=\"auto\" width=\"auto\" alt=\"pinterest\" class=\"css-4lml0h e1mlxuuw1\"\/><\/a><\/p>\n<p>Ruetemple and &#8220;NTV Broadcasting Company&#8221;<\/p>\n<p data-journey-content=\"true\" data-node-id=\"17\" class=\"css-6wxqfj emevuu60\"><a href=\"https:\/\/ruetemple.ru\/\" target=\"_blank\" rel=\"nofollow noopener\" data-vars-ga-outbound-link=\"https:\/\/ruetemple.ru\/\" data-vars-ga-ux-element=\"Hyperlink\" data-vars-ga-call-to-action=\"www.ruetemple.ru\" data-node-id=\"17.0\" class=\"body-link css-15fjk10 emevuu60\">www.ruetemple.ru<\/a><\/p>\n<p>Set di bicchieri particolari<a target=\"_blank\" rel=\"nofollow noopener\" data-theme-key=\"product-image-wrapper\" href=\"https:\/\/click.linksynergy.com\/deeplink?id=2fv8O7DnZlc&amp;mid=49049&amp;murl=https%3A%2F%2Fwww.westwing.it%2Fbicchieri-da-vino-in-vetro-soffiato-con-bordo-dorato-aleo-4-pz-159296.html&amp;u1=edcit|xid:{xid}\" aria-label=\"35\u00a0\u20ac su westwing.it per Bicchieri da vino in vetro soffiato con bordo dorato Aleo 4 pz\" data-href=\"https:\/\/www.westwing.it\/bicchieri-da-vino-in-vetro-soffiato-con-bordo-dorato-aleo-4-pz-159296.html\" data-product-url=\"https:\/\/www.westwing.it\/bicchieri-da-vino-in-vetro-soffiato-con-bordo-dorato-aleo-4-pz-159296.html\" data-affiliate=\"true\" data-affiliate-url=\"https:\/\/click.linksynergy.com\/deeplink?id=2fv8O7DnZlc&amp;mid=49049&amp;murl=https%3A%2F%2Fwww.westwing.it%2Fbicchieri-da-vino-in-vetro-soffiato-con-bordo-dorato-aleo-4-pz-159296.html&amp;u1=edcit|xid:{xid}\" data-affiliate-network=\"{&quot;site_id&quot;:&quot;0550d705-7712-4019-a8b2-0f35da30918c&quot;,&quot;metadata&quot;:{&quot;trackonomics&quot;:{&quot;network_name&quot;:&quot;ls&quot;}},&quot;network&quot;:{&quot;name&quot;:&quot;Trackonomics&quot;},&quot;product_metadata&quot;:{&quot;0550d705-7712-4019-a8b2-0f35da30918c&quot;:{&quot;network_name&quot;:&quot;ls&quot;,&quot;link&quot;:&quot;https:\/\/click.linksynergy.com\/deeplink?id=2fv8O7DnZlc&amp;mid=49049&amp;murl=https%3A%2F%2Fwww.westwing.it%2Fbicchieri-da-vino-in-vetro-soffiato-con-bordo-dorato-aleo-4-pz-159296.html&amp;u1={subid}&quot;}},&quot;afflink_redirect&quot;:&quot;\/_p\/afflink\/vX6E\/westwing-bicchieri-da-vino-in-vetro&quot;}\" data-vars-ga-call-to-action=\"35\u00a0\u20ac su westwing.it\" data-vars-ga-media-role=\"1\" data-vars-ga-media-type=\"Embedded Gallery List\" data-vars-ga-outbound-link=\"https:\/\/www.westwing.it\/bicchieri-da-vino-in-vetro-soffiato-con-bordo-dorato-aleo-4-pz-159296.html\" data-vars-ga-product-id=\"3d07faa0-0c3c-4b7a-90ee-f91bfc4e39f5\" data-vars-ga-product-price=\"34,99\u00a0\u20ac\" data-vars-ga-product-retailer-id=\"fa8b4cba-4a86-478b-92ed-97f6259cf767\" data-vars-ga-gallery-display=\"list\" data-vars-ga-link-treatment=\"(not set) | (not set)\" data-vars-ga-sku=\"159296\" data-vars-ga-magento-tracking=\"1\" class=\"product-image-link ebgq4gw2 e1b8bpvs0 css-g6od0w e1c1bym14\"><img  alt=\"Bicchieri da vino in vetro soffiato con bordo dorato Aleo 4 pz\" title=\"Bicchieri da vino in vetro soffiato con bordo dorato Aleo 4 pz\" src=\"https:\/\/www.europesays.com\/it\/wp-content\/uploads\/2026\/01\/1768611918_145_1749725091-DEQ23WES23967-204713_920565c09b1bff0bf2f3b9ba47483fcf_dtl_1.jpg\" width=\"1140\" height=\"1520\" decoding=\"async\" loading=\"lazy\"\/><\/a>Bicchieri da vino in vetro soffiato con bordo dorato Aleo 4 pzCredit: Courtesy photo<a target=\"_blank\" rel=\"nofollow noopener\" data-theme-key=\"product-image-wrapper\" href=\"https:\/\/click.linksynergy.com\/deeplink?id=2fv8O7DnZlc&amp;mid=49049&amp;murl=https%3A%2F%2Fwww.westwing.it%2Fset-4-bicchieri-vino-con-motivo-strutturato-colorado-135790.html&amp;u1=edcit|xid:{xid}\" aria-label=\"24\u00a0\u20ac su westwing.it per Set di 4 bicchieri per vino con motivo strutturato Colorado\" data-href=\"https:\/\/www.westwing.it\/set-4-bicchieri-vino-con-motivo-strutturato-colorado-135790.html\" data-product-url=\"https:\/\/www.westwing.it\/set-4-bicchieri-vino-con-motivo-strutturato-colorado-135790.html\" data-affiliate=\"true\" data-affiliate-url=\"https:\/\/click.linksynergy.com\/deeplink?id=2fv8O7DnZlc&amp;mid=49049&amp;murl=https%3A%2F%2Fwww.westwing.it%2Fset-4-bicchieri-vino-con-motivo-strutturato-colorado-135790.html&amp;u1=edcit|xid:{xid}\" data-affiliate-network=\"{&quot;site_id&quot;:&quot;0550d705-7712-4019-a8b2-0f35da30918c&quot;,&quot;metadata&quot;:{&quot;trackonomics&quot;:{&quot;network_name&quot;:&quot;ls&quot;}},&quot;network&quot;:{&quot;name&quot;:&quot;Trackonomics&quot;},&quot;product_metadata&quot;:{&quot;0550d705-7712-4019-a8b2-0f35da30918c&quot;:{&quot;network_name&quot;:&quot;ls&quot;,&quot;link&quot;:&quot;https:\/\/click.linksynergy.com\/deeplink?id=2fv8O7DnZlc&amp;mid=49049&amp;murl=https%3A%2F%2Fwww.westwing.it%2Fset-4-bicchieri-vino-con-motivo-strutturato-colorado-135790.html&amp;u1={subid}&quot;}},&quot;afflink_redirect&quot;:&quot;\/_p\/afflink\/vX6C\/westwing-set-di-4-bicchieri-per&quot;}\" data-vars-ga-call-to-action=\"24\u00a0\u20ac su westwing.it\" data-vars-ga-media-role=\"1\" data-vars-ga-media-type=\"Embedded Gallery List\" data-vars-ga-outbound-link=\"https:\/\/www.westwing.it\/set-4-bicchieri-vino-con-motivo-strutturato-colorado-135790.html\" data-vars-ga-product-id=\"1c223b43-c80e-4c83-b9ac-515700da01fe\" data-vars-ga-product-price=\"23,99\u00a0\u20ac\" data-vars-ga-product-retailer-id=\"91ee8080-d34c-4eba-8117-fa3a327d0d51\" data-vars-ga-gallery-display=\"list\" data-vars-ga-link-treatment=\"(not set) | (not set)\" class=\"product-image-link ebgq4gw2 e1b8bpvs0 css-g6od0w e1c1bym14\"><img  alt=\"Set di 4 bicchieri per vino con motivo strutturato Colorado\" title=\"Set di 4 bicchieri per vino con motivo strutturato Colorado\" src=\"https:\/\/www.europesays.com\/it\/wp-content\/uploads\/2026\/01\/1768611919_41_1749725069-deq21wes29152-170976-d72a811e70b668280352c9dfb6905933-dtl-8-684aaf597a20e.png\" width=\"2000\" height=\"2667\" decoding=\"async\" loading=\"lazy\"\/><\/a>Set di 4 bicchieri per vino con motivo strutturato ColoradoCredit: Courtesy photo<a target=\"_blank\" rel=\"nofollow noopener\" data-theme-key=\"product-image-wrapper\" href=\"https:\/\/click.linksynergy.com\/deeplink?id=2fv8O7DnZlc&amp;mid=49049&amp;murl=https%3A%2F%2Fwww.westwing.it%2Fcrystal-red-wine-glasses-gwenda-4-piece-en-24wes81063.html&amp;u1=edcit|xid:{xid}\" aria-label=\"35\u00a0\u20ac su westwing.it per Set di 6 bicchieri da vino rosso in cristallo Gwenda\" data-href=\"https:\/\/www.westwing.it\/crystal-red-wine-glasses-gwenda-4-piece-en-24wes81063.html\" data-product-url=\"https:\/\/www.westwing.it\/crystal-red-wine-glasses-gwenda-4-piece-en-24wes81063.html\" data-affiliate=\"true\" data-affiliate-url=\"https:\/\/click.linksynergy.com\/deeplink?id=2fv8O7DnZlc&amp;mid=49049&amp;murl=https%3A%2F%2Fwww.westwing.it%2Fcrystal-red-wine-glasses-gwenda-4-piece-en-24wes81063.html&amp;u1=edcit|xid:{xid}\" data-affiliate-network=\"{&quot;site_id&quot;:&quot;0550d705-7712-4019-a8b2-0f35da30918c&quot;,&quot;metadata&quot;:{&quot;trackonomics&quot;:{&quot;network_name&quot;:&quot;ls&quot;}},&quot;network&quot;:{&quot;name&quot;:&quot;Trackonomics&quot;},&quot;product_metadata&quot;:{&quot;0550d705-7712-4019-a8b2-0f35da30918c&quot;:{&quot;network_name&quot;:&quot;ls&quot;,&quot;link&quot;:&quot;https:\/\/click.linksynergy.com\/deeplink?id=2fv8O7DnZlc&amp;mid=49049&amp;murl=https%3A%2F%2Fwww.westwing.it%2Fcrystal-red-wine-glasses-gwenda-4-piece-en-24wes81063.html&amp;u1={subid}&quot;}},&quot;afflink_redirect&quot;:&quot;\/_p\/afflink\/vX66\/westwing-set-di-6-bicchieri-da&quot;}\" data-vars-ga-call-to-action=\"35\u00a0\u20ac su westwing.it\" data-vars-ga-media-role=\"1\" data-vars-ga-media-type=\"Embedded Gallery List\" data-vars-ga-outbound-link=\"https:\/\/www.westwing.it\/crystal-red-wine-glasses-gwenda-4-piece-en-24wes81063.html\" data-vars-ga-product-id=\"697ab588-eed2-44c1-8fa8-d8f84586f374\" data-vars-ga-product-price=\"34,99\u00a0\u20ac\" data-vars-ga-product-retailer-id=\"edc93126-197b-420f-89fc-fb9b9b038315\" data-vars-ga-gallery-display=\"list\" data-vars-ga-link-treatment=\"(not set) | (not set)\" data-vars-ga-sku=\"crystal-red-wine-glasses-gwenda-4-piece-en-24wes81063\" data-vars-ga-magento-tracking=\"1\" class=\"product-image-link ebgq4gw2 e1b8bpvs0 css-g6od0w e1c1bym14\"><img  alt=\"Set di 6 bicchieri da vino rosso in cristallo Gwenda\" title=\"Set di 6 bicchieri da vino rosso in cristallo Gwenda\" src=\"https:\/\/www.europesays.com\/it\/wp-content\/uploads\/2026\/01\/1768611919_983_1749724972-DEQ24WES81063-221841_2d6189d473c9283e94c96d329355abde_dtl_1.jpg\" width=\"1140\" height=\"1520\" decoding=\"async\" loading=\"lazy\"\/><\/a>Set di 6 bicchieri da vino rosso in cristallo GwendaCredit: Courtesy photo<a target=\"_blank\" rel=\"nofollow noopener\" data-theme-key=\"product-image-wrapper\" href=\"https:\/\/click.linksynergy.com\/deeplink?id=2fv8O7DnZlc&amp;mid=49049&amp;murl=https%3A%2F%2Fwww.westwing.it%2Fbicchiere-vino-in-vetro-soffiato-con-rilievo-scanalato-prince-4-pz-136311.html&amp;u1=edcit|xid:{xid}\" aria-label=\"28\u00a0\u20ac su westwing.it per Bicchieri da vino in vetro soffiato scanalato e lucentezza perlacea Juno 4 pz\" data-href=\"https:\/\/www.westwing.it\/bicchiere-vino-in-vetro-soffiato-con-rilievo-scanalato-prince-4-pz-136311.html\" data-product-url=\"https:\/\/www.westwing.it\/bicchiere-vino-in-vetro-soffiato-con-rilievo-scanalato-prince-4-pz-136311.html\" data-affiliate=\"true\" data-affiliate-url=\"https:\/\/click.linksynergy.com\/deeplink?id=2fv8O7DnZlc&amp;mid=49049&amp;murl=https%3A%2F%2Fwww.westwing.it%2Fbicchiere-vino-in-vetro-soffiato-con-rilievo-scanalato-prince-4-pz-136311.html&amp;u1=edcit|xid:{xid}\" data-affiliate-network=\"{&quot;site_id&quot;:&quot;0550d705-7712-4019-a8b2-0f35da30918c&quot;,&quot;metadata&quot;:{&quot;trackonomics&quot;:{&quot;network_name&quot;:&quot;ls&quot;}},&quot;network&quot;:{&quot;name&quot;:&quot;Trackonomics&quot;},&quot;product_metadata&quot;:{&quot;0550d705-7712-4019-a8b2-0f35da30918c&quot;:{&quot;network_name&quot;:&quot;ls&quot;,&quot;link&quot;:&quot;https:\/\/click.linksynergy.com\/deeplink?id=2fv8O7DnZlc&amp;mid=49049&amp;murl=https%3A%2F%2Fwww.westwing.it%2Fbicchiere-vino-in-vetro-soffiato-con-rilievo-scanalato-prince-4-pz-136311.html&amp;u1={subid}&quot;}},&quot;afflink_redirect&quot;:&quot;\/_p\/afflink\/vX63\/westwing-bicchieri-da-vino-in-vetro&quot;}\" data-vars-ga-call-to-action=\"28\u00a0\u20ac su westwing.it\" data-vars-ga-media-role=\"1\" data-vars-ga-media-type=\"Embedded Gallery List\" data-vars-ga-outbound-link=\"https:\/\/www.westwing.it\/bicchiere-vino-in-vetro-soffiato-con-rilievo-scanalato-prince-4-pz-136311.html\" data-vars-ga-product-id=\"233eae4a-0616-44f1-8067-c4a58ed30168\" data-vars-ga-product-price=\"27,99\u00a0\u20ac\" data-vars-ga-product-retailer-id=\"9aeda239-cd3d-4a5c-9c70-35c6e394ed4c\" data-vars-ga-gallery-display=\"list\" data-vars-ga-link-treatment=\"sale | (not set)\" data-vars-ga-sku=\"136311\" data-vars-ga-magento-tracking=\"1\" class=\"product-image-link ebgq4gw2 e1b8bpvs0 css-g6od0w e1c1bym14\"><img  alt=\"Bicchieri da vino in vetro soffiato scanalato e lucentezza perlacea Juno 4 pz\" title=\"Bicchieri da vino in vetro soffiato scanalato e lucentezza perlacea Juno 4 pz\" src=\"https:\/\/www.europesays.com\/it\/wp-content\/uploads\/2026\/01\/1768611919_984_1728463703-DEQ21WES18590-171628_3733264dbeda53e74467b234a2b62294_dtl_1.jpg\" width=\"1140\" height=\"1520\" decoding=\"async\" loading=\"lazy\"\/><\/a>Bicchieri da vino in vetro soffiato scanalato e lucentezza perlacea Juno 4 pz<\/p>\n<p>Ora in sconto del 53%<\/p>\n<p>Credit: Courtesy photoRelated Stories<img src=\"https:\/\/www.europesays.com\/it\/wp-content\/uploads\/2026\/01\/1768611920_935_662aafc4-2c03-4257-804c-b45ff323b012_1708416299.file.png\" alt=\"Headshot of Ciro Marco Musella\" title=\"Headshot of Ciro Marco Musella\" width=\"100%\" height=\"100%\" decoding=\"async\" loading=\"lazy\" class=\"css-o0wq4v ev8dhu53\"\/><\/p>\n<p>Sono nato a Napoli, non parlo in terza persona e non curo cose, oggetti, persone o animali. Ho studiato architettura tra il Politecnico di Milano e l\u2019ENSA Paris-Belleville per poi laurearmi in Architettura delle Costruzioni. Mi sono occupato di allestimenti seguendo i progetti di NENDO, scrivo di grandi architetture e sto completando un dottorando in Composizione allo IUAV di Venezia. Nonostante questo, tutto regolare. \u00a0<\/p>\n","protected":false},"excerpt":{"rendered":"C\u2019\u00e8 una categoria di case dalle metrature contenute che non si accontenta di comprimere, razionalizzare, moltiplicare i metri&hellip;\n","protected":false},"author":3,"featured_media":309778,"comment_status":"","ping_status":"","sticky":false,"template":"","format":"standard","meta":{"footnotes":""},"categories":[1446],"tags":[10066,1615,1613,1614,1611,1610,6381,95475,1612,203,20958,204,1537,90,89,15327],"class_list":{"0":"post-309777","1":"post","2":"type-post","3":"status-publish","4":"format-standard","5":"has-post-thumbnail","7":"category-arte-e-design","8":"tag-albero","9":"tag-arte","10":"tag-arte-e-design","11":"tag-arteedesign","12":"tag-arts","13":"tag-arts-and-design","14":"tag-bianco","15":"tag-casa-piccola","16":"tag-design","17":"tag-entertainment","18":"tag-interni","19":"tag-intrattenimento","20":"tag-it","21":"tag-italia","22":"tag-italy","23":"tag-mini-casa"},"share_on_mastodon":{"url":"https:\/\/pubeurope.com\/@it\/115907757897266763","error":""},"_links":{"self":[{"href":"https:\/\/www.europesays.com\/it\/wp-json\/wp\/v2\/posts\/309777","targetHints":{"allow":["GET"]}}],"collection":[{"href":"https:\/\/www.europesays.com\/it\/wp-json\/wp\/v2\/posts"}],"about":[{"href":"https:\/\/www.europesays.com\/it\/wp-json\/wp\/v2\/types\/post"}],"author":[{"embeddable":true,"href":"https:\/\/www.europesays.com\/it\/wp-json\/wp\/v2\/users\/3"}],"replies":[{"embeddable":true,"href":"https:\/\/www.europesays.com\/it\/wp-json\/wp\/v2\/comments?post=309777"}],"version-history":[{"count":0,"href":"https:\/\/www.europesays.com\/it\/wp-json\/wp\/v2\/posts\/309777\/revisions"}],"wp:featuredmedia":[{"embeddable":true,"href":"https:\/\/www.europesays.com\/it\/wp-json\/wp\/v2\/media\/309778"}],"wp:attachment":[{"href":"https:\/\/www.europesays.com\/it\/wp-json\/wp\/v2\/media?parent=309777"}],"wp:term":[{"taxonomy":"category","embeddable":true,"href":"https:\/\/www.europesays.com\/it\/wp-json\/wp\/v2\/categories?post=309777"},{"taxonomy":"post_tag","embeddable":true,"href":"https:\/\/www.europesays.com\/it\/wp-json\/wp\/v2\/tags?post=309777"}],"curies":[{"name":"wp","href":"https:\/\/api.w.org\/{rel}","templated":true}]}}