{"id":309896,"date":"2026-01-17T02:48:16","date_gmt":"2026-01-17T02:48:16","guid":{"rendered":"https:\/\/www.europesays.com\/it\/309896\/"},"modified":"2026-01-17T02:48:16","modified_gmt":"2026-01-17T02:48:16","slug":"ponte-stretto-salvini-nomina-ciucci-commissario-dopo-la-bocciatura-della-corte-dei-conti","status":"publish","type":"post","link":"https:\/\/www.europesays.com\/it\/309896\/","title":{"rendered":"Ponte Stretto, Salvini nomina Ciucci commissario (dopo la bocciatura della Corte dei Conti)"},"content":{"rendered":"<p>    di<br \/>\n    Redazione Economia<\/p>\n<p class=\"summary-art is-line-h-12 is-mr-t-20\">La scelta in un decreto per recepire i rilievi della magistratura contabile. La nomina del manager gi\u00e0 amministratore delegato della societ\u00e0 pubblica committente. Critiche dall\u2019opposizione per il rischio di conflitto di interesse<\/p>\n<p class=\"chapter-paragraph\">Il Ponte sullo Stretto rientra nel decreto infrastrutture saltato all&#8217;ultimo minuto nella seduta del Consiglio dei ministri di luned\u00ec anche per i contrasti tra Lega e Fdi sul Supercommissario. <b>E alla fine il nome che viene partorito \u00e8 quello di Pietro Ciucci, gi\u00e0 amministratore delegato della societ\u00e0 Stretto di Messina spa<\/b>, committente dell\u2019opera. Il decreto rientra in un intervento normativo che recepisce le richieste della Corte dei conti dopo la bocciatura in autunno della delibera per la realizzazione dell&#8217;opera.\u00a0<\/p>\n<p>    L\u2019acquisizione di pareri<\/p>\n<p class=\"chapter-paragraph\">L\u2019iter per rimettere in pista l&#8217;opera deragliata dopo le bocciature della Corte dei conti \u00e8 dunque iniziato: <b>il Ministero dei Trasporti sta lavorando a una norma di ottemperanza per completare l&#8217;iter approvativo in coerenza con le integrazioni richieste dalla Corte dei conti<\/b>. Il testo disciplina l&#8217;acquisizione di alcuni pareri, tra cui quelli di Nars e Art, e regola la riadozione del Piano economico e finanziario, che viene adeguato alle variazioni della legge di bilancio, approvato dal Cipess ed integrato nell&#8217;atto aggiuntivo alla convenzione di concessione.\u00a0    &#13;<br \/>\n&#13;<br \/>\n&#13;<br \/>\n&#13;<br \/>\n&#13;<br \/>\n&#13;<br \/>\n&#13;<br \/>\n&#13;<br \/>\n&#13;<br \/>\n&#13;<br \/>\n&#13;<br \/>\n&#13;<br \/>\n&#13;<br \/>\n&#13;<br \/>\n&#13;<br \/>\n&#13;<br \/>\n&#13;<br \/>\n&#13;<br \/>\n&#13;<br \/>\n&#13;<br \/>\n&#13;<br \/>\n&#13;<br \/>\n&#13;<br \/>\n&#13;<br \/>\n&#13;<br \/>\n&#13;<br \/>\n&#13;<br \/>\n&#13;<br \/>\n&#13;<br \/>\n&#13;<br \/>\n&#13;<br \/>\n&#13;<br \/>\n&#13;<br \/>\n&#13;<br \/>\n&#13;<br \/>\n&#13;<br \/>\n&#13;<br \/>\n&#13;<br \/>\n&#13;<br \/>\n&#13;<br \/>\n&#13;<br \/>\n&#13;<br \/>\n&#13;<br \/>\n&#13;<br \/>\n&#13;<br \/>\n&#13;<br \/>\n&#13;<br \/>\n&#13;<br \/>\n&#13;<br \/>\n&#13;<br \/>\n&#13;<br \/>\n&#13;<br \/>\n&#13;\n<\/p>\n<p>    Le interlocuzioni con la Ue<\/p>\n<p class=\"chapter-paragraph\">Un primo passo fino alla riadozione degli atti, con la presentazione di una nuova delibera la cui attuazione <b>viene affidata a Ciucci come figura di coordinamento. In contemporanea, fa sapere il ministero, stanno proseguendo le interlocuzioni con la Commissione europea<\/b> sia sui profili ambientali che sugli appalti. Sul punto era intervenuto proprio lo stesso Ciucci, che aveva parlato di \u00abchiarimenti procedurali per la riattivazione dei procedimenti riguardanti la delibera Cipess e il decreto interministeriale relativo al III atto aggiuntivo alla convenzione, al fine di conformarsi alle motivazioni della Corte dei conti\u00bb.<\/p>\n<p>    La nomina di Salvini<\/p>\n<p class=\"chapter-paragraph\">\u00abIl commissario \u00e8 uno ed \u00e8 Ciucci. Stretto di Messina \u00e8 pubblica, una societ\u00e0 totalmente pubblica, al 100% pubblica. L&#8217;ho nominato io per accelerare e rispondere alle richieste della Corte dei Conti e per fare coordinamento<br \/>con tutti gli organi coinvolti\u00bb, <b>spiega il ministro Matteo Salvini, a margine del sopralluogo tecnico presso il cantiere di risanamento<\/b> e riqualificazione degli edifici Aler a Milano, rispondendo a una domanda sul possibile conflitto d&#8217;interesse.<\/p>\n<p>    Il rischio conflitto di interesse<\/p>\n<p class=\"chapter-paragraph\">\u00abQuello che \u00e8 l&#8217;amministratore di una societ\u00e0 pubblica e diventa anche commissario pubblico per fare il Ponte sullo Stretto di Messina che \u00e8 un&#8217;opera pubblica, <b>pagata interamente dal denaro pubblico e gestita dal pubblico, <\/b>quindi i privati proprio non c&#8217;entrano nulla col ponte con lo Stretto e con niente\u00bb, spiega Salvini. Ma le opposizioni vanno all\u2019attacco: \u00abUna inaccettabile buffonata\u00bb. <b>Di fatto, un \u00abcommissariamento della democrazia\u00bb. Il Movimento 5 Stelle e Alleanza Verdi e Sinistra alzano un muro sulla nomina di Ciucci<\/b>. Una scelta, tuona Angelo Bonelli, parlamentare di Alleanza Verdi e Sinistra e co-portavoce di Europa Verde, \u00abgrave e inaccettabile\u00bb perch\u00e9 &#8211; sottolinea &#8211; <b>\u00abconcentra poteri, riduce i controlli e alimenta un evidente conflitto di ruoli\u00bb. <\/b>Secondo il rossoverde le osservazioni dalla Corte dei conti \u00abderivano proprio dalle forzature tecnico-procedurali compiute dalla Societ\u00e0 Stretto di Messina.<b> \u00c8 quindi singolare, e politicamente inquietante, che l&#8217;amministratore delegato della societ\u00e0 venga ora indicato come il soggetto chiamato a risolvere il problema<\/b>: \u00e8 come mettere l&#8217;arbitro in panchina con una delle squadre\u00bb.\u00a0<\/p>\n<p>    Cinque Stelle e Avs all\u2019attacco<\/p>\n<p class=\"chapter-paragraph\">\u00abQuesto non \u00e8 sviluppo: \u00e8 commissariamento della democrazia\u00bb, attacca quindi l&#8217;esponente di Avs dopo aver ribadito che il governo \u00abusa il Ponte come propaganda, mentre restano sul tavolo nodi decisivi: trasparenza degli atti, costi reali, valutazioni ambientali e sismiche, utilit\u00e0 dell&#8217;opera e priorit\u00e0 infrastrutturali vere per Sicilia e Calabria\u00bb. <b>Un ragionamento condiviso da Agostino Santillo del M5s che, nel criticare la nomina punta il dito sulla scelta di Palazzo Chigi: <\/b>\u00abMeloni ha capito che sul Ponte  Salvini ha combinato un casino, tanto da sfilargli il dossier per tentare di salvare il salvabile. Anche se, in realt\u00e0 &#8211; aggiunge &#8211; da salvare non c&#8217;\u00e8 nulla e la premier lo sa\u00bb.<\/p>\n<p>LEGGI ANCHE<\/p>\n<ul id=\"m14482-14481-14483\">\n<li id=\"m14487-14486-14488\">\n<p>            <a id=\"m14584-14583-14585\" href=\"https:\/\/www.corriere.it\/economia\/trasporti\/treni\/25_dicembre_29\/ferrovie-si-allea-con-gli-americani-di-certares-per-entrare-sulla-parigi-londra-dal-2029-d9572430-eb40-448b-9fa1-e27fbde73xlk.shtml\" rel=\"nofollow noopener\" target=\"_blank\">Ferrovie si allea con gli americani di Certares per entrare sulla Parigi-Londra (dal 2029)<\/a>di Redazione Economia<\/p>\n<\/li>\n<li id=\"m14500-14499-14501\">\n<p>            <a id=\"m14606-14605-14607\" href=\"https:\/\/www.corriere.it\/economia\/finanza\/25_dicembre_24\/del-vecchio-l-editoria-e-un-ponte-verso-le-nuove-generazioni-ecco-i-miei-piani-per-i-giornali-262aad5b-a71b-40c4-98b4-5c7bafcecxlk.shtml\" rel=\"nofollow noopener\" target=\"_blank\">Del Vecchio: \u00abL\u2019editoria \u00e8 un ponte verso le nuove generazioni: ecco i miei piani per i giornali\u00bb<\/a>di Daniela Polizzi<\/p>\n<\/li>\n<li id=\"m14513-14512-14514\">\n<p>            <a id=\"m14628-14627-14629\" href=\"https:\/\/www.corriere.it\/economia\/aziende\/25_dicembre_20\/manovra-per-le-imprese-3-5-miliardi-credito-di-imposta-per-la-zes-unica-e-transizione-4-0-tutte-le-misure-e4b62711-ce45-408b-b60c-663db8e57xlk.shtml\" rel=\"nofollow noopener\" target=\"_blank\">Manovra, per le imprese 3,5 miliardi: credito di imposta per la Zes Unica e Transizione 4.0, tutte le misure<\/a>di Claudia Voltattorni<\/p>\n<\/li>\n<li id=\"m14526-14525-14527\">\n<p>            <a id=\"m14650-14649-14651\" href=\"https:\/\/www.corriere.it\/economia\/finanza\/25_dicembre_20\/manovra-cosa-cambia-per-le-pensioni-le-scelte-del-governo-su-cumulo-dei-contributi-precoci-e-usuranti-d241747d-6da4-4c12-a110-f95c27740xlk.shtml\" rel=\"nofollow noopener\" target=\"_blank\">Manovra, cosa cambia per le pensioni: le scelte del governo su cumulo dei contributi, precoci e usuranti<\/a>di Enrico Marro<\/p>\n<\/li>\n<li id=\"m14539-14538-14540\">\n<p>            <a id=\"m14672-14671-14673\" href=\"https:\/\/www.corriere.it\/economia\/finanza\/25_dicembre_19\/schlein-meloni-faceva-la-spavalda-ma-sulla-manovra-si-e-rotta-la-maggioranza-d60af2ef-2e9a-41fa-9db7-6bb8d4231xlk.shtml\" rel=\"nofollow noopener\" target=\"_blank\">Vertice tra Meloni, Tajani e Salvini. Nuovo emendamento alla manovra sulle pensioni. Schlein: \u00abSi \u00e8 rotta la maggioranza\u00bb<\/a>di Valentina Iorio<\/p>\n<\/li>\n<li id=\"m14552-14551-14553\">\n<p>            <a id=\"m14694-14693-14695\" href=\"https:\/\/www.corriere.it\/economia\/finanza\/25_dicembre_17\/manovra-come-cambia-6db1cb4b-7715-4aa9-bcd2-081dceebdxlk.shtml\" rel=\"nofollow noopener\" target=\"_blank\">Fisco e imprese, come cambia la manovra: transizione 4.0, Zes, piano casa e ammortamenti<\/a>di Mario Sensini e Claudia Voltattorni<\/p>\n<\/li>\n<li id=\"m14565-14564-14566\">\n<p>            <a id=\"m14716-14715-14717\" href=\"https:\/\/www.corriere.it\/economia\/finanza\/25_dicembre_16\/ponte-stretto-la-corte-dei-conti-atto-non-rispetta-le-norme-ue-opera-interamente-finanziata-da-fondi-pubblici-0cfe283a-89ce-4db2-b640-c3a94044cxlk.shtml\" rel=\"nofollow noopener\" target=\"_blank\">Ponte Stretto, la Corte dei Conti: \u00abAtto non rispetta le norme Ue, opera interamente finanziata da fondi pubblici\u00bb<\/a>di Redazione Economia<\/p>\n<\/li>\n<li id=\"m14571-14570-14572\">\n<p>            <a id=\"m14738-14737-14739\" href=\"https:\/\/www.corriere.it\/economia\/aziende\/25_dicembre_15\/manovra-2026-spunta-un-nuovo-pacchetto-da-3-5-miliardi-e-slittano-le-risorse-per-il-ponte-sullo-stretto-2d430374-0c06-403d-b4dc-88185e85exlk.shtml\" rel=\"nofollow noopener\" target=\"_blank\">Manovra 2026, spunta un nuovo pacchetto da 3,5 miliardi. E slittano le risorse per il Ponte sullo Stretto<\/a>di Redazione Economia<\/p>\n<\/li>\n<\/ul>\n<p><a class=\"chiedi-esperto-box\" href=\"https:\/\/www.corriere.it\/economia\/chiedi-esperto\/fai-una-domanda\/\" rel=\"nofollow noopener\" target=\"_blank\"><img decoding=\"async\" src=\"https:\/\/www.europesays.com\/it\/wp-content\/uploads\/2025\/12\/box_esperto_dsk.png\" alt=\"Chiedi agli esperti\"\/><\/a><\/p>\n<p class=\"is-last-update\" datetime=\"2026-01-16T15:24:21+01:00\">16 gennaio 2026 ( modifica il 16 gennaio 2026 | 15:24)<\/p>\n<p class=\"is-copyright\">\n            \u00a9 RIPRODUZIONE RISERVATA\n        <\/p>\n","protected":false},"excerpt":{"rendered":"di Redazione Economia La scelta in un decreto per recepire i rilievi della magistratura contabile. La nomina del&hellip;\n","protected":false},"author":3,"featured_media":309897,"comment_status":"","ping_status":"","sticky":false,"template":"","format":"standard","meta":{"footnotes":"","_share_on_mastodon":"0"},"categories":[6],"tags":[11468,181978,97322,130704,4596,36129,36130,40802,6964,6965,181973,765,7401,1026,130697,130708,23660,81595,3758,394,181974,1411,2336,26543,14,2582,15151,181975,2696,8,5292,1537,90,89,5990,7,26673,15,82,9,83,10,1573,12991,30639,4265,179,1320,181976,181977,116,1360,1359,18380,30643,13,11,80,84,12,81,85,2529],"class_list":["post-309896","post","type-post","status-publish","format-standard","has-post-thumbnail","category-ultime-notizie","tag-acquisizione","tag-acquisizione-pareri","tag-aggiuntivo","tag-aggiuntivo-convenzione","tag-alleanza","tag-alleanza-verdi","tag-alleanza-verdi-sinistra","tag-ambientali","tag-amministratore","tag-amministratore-delegato","tag-amministratore-delegato-societa","tag-attacco","tag-atti","tag-atto","tag-atto-aggiuntivo","tag-atto-aggiuntivo-convenzione","tag-avs","tag-ciucci","tag-commissario","tag-conflitto","tag-conflitto-interesse","tag-conti","tag-corte","tag-corte-conti","tag-cronaca","tag-decreto","tag-delegato","tag-delegato-societa","tag-delibera","tag-headlines","tag-interesse","tag-it","tag-italia","tag-italy","tag-messina","tag-news","tag-nomina","tag-notizie","tag-notizie-di-cronaca","tag-notizie-principali","tag-notiziedicronaca","tag-notizieprincipali","tag-opera","tag-ponte","tag-ponte-stretto","tag-pubblica","tag-pubblico","tag-richieste","tag-richieste-corte","tag-richieste-corte-conti","tag-salvini","tag-scelta","tag-societa","tag-stretto","tag-stretto-messina","tag-titoli","tag-ultime-notizie","tag-ultime-notizie-di-cronaca","tag-ultime-notizie-e-news-di-oggi","tag-ultimenotizie","tag-ultimenotiziedicronaca","tag-ultimenotizieenewsdioggi","tag-viene"],"share_on_mastodon":{"url":"","error":"Validation failed: Text character limit of 500 exceeded"},"_links":{"self":[{"href":"https:\/\/www.europesays.com\/it\/wp-json\/wp\/v2\/posts\/309896","targetHints":{"allow":["GET"]}}],"collection":[{"href":"https:\/\/www.europesays.com\/it\/wp-json\/wp\/v2\/posts"}],"about":[{"href":"https:\/\/www.europesays.com\/it\/wp-json\/wp\/v2\/types\/post"}],"author":[{"embeddable":true,"href":"https:\/\/www.europesays.com\/it\/wp-json\/wp\/v2\/users\/3"}],"replies":[{"embeddable":true,"href":"https:\/\/www.europesays.com\/it\/wp-json\/wp\/v2\/comments?post=309896"}],"version-history":[{"count":0,"href":"https:\/\/www.europesays.com\/it\/wp-json\/wp\/v2\/posts\/309896\/revisions"}],"wp:featuredmedia":[{"embeddable":true,"href":"https:\/\/www.europesays.com\/it\/wp-json\/wp\/v2\/media\/309897"}],"wp:attachment":[{"href":"https:\/\/www.europesays.com\/it\/wp-json\/wp\/v2\/media?parent=309896"}],"wp:term":[{"taxonomy":"category","embeddable":true,"href":"https:\/\/www.europesays.com\/it\/wp-json\/wp\/v2\/categories?post=309896"},{"taxonomy":"post_tag","embeddable":true,"href":"https:\/\/www.europesays.com\/it\/wp-json\/wp\/v2\/tags?post=309896"}],"curies":[{"name":"wp","href":"https:\/\/api.w.org\/{rel}","templated":true}]}}