{"id":310537,"date":"2026-01-17T13:08:11","date_gmt":"2026-01-17T13:08:11","guid":{"rendered":"https:\/\/www.europesays.com\/it\/310537\/"},"modified":"2026-01-17T13:08:11","modified_gmt":"2026-01-17T13:08:11","slug":"la-jeep-compass-e-la-gamma-ds-performance-line-arrivano-in-italia-con-un-porte-aperte","status":"publish","type":"post","link":"https:\/\/www.europesays.com\/it\/310537\/","title":{"rendered":"La Jeep Compass e la gamma DS Performance Line arrivano in Italia con un Porte Aperte"},"content":{"rendered":"<p>Il <strong>Gruppo Stellantis<\/strong> ha aggiornato la sua gamma con diverse novit\u00e0 nel corso degli ultimi mesi. Il 2026 \u00e8 iniziato con il debutto in Italia di alcuni modelli come la <strong>Nuova Jeep Compass<\/strong> oltre all\u2019<strong>edizione speciale DS Performance Line<\/strong> declinata sui modelli <strong>DS 3, N\u00b04 <\/strong>e<strong> DS 7<\/strong>. Da una parte abbiamo un SUV destinato a ritagliarsi uno spazio da protagonista assoluto del mercato italiano, con l\u2019obiettivo di diventare il best seller del segmento C. Dall\u2019altra, invece, troviamo alcune serie speciali che omaggiano lo stile della DS E-TENSE FE25, la nuova monoposto di Formula E. Queste novit\u00e0 sono protagoniste di un <strong>Porte<\/strong> <strong>Aperte<\/strong> in tutte le concessionarie italiane. L\u2019evento \u00e8 programmato per questo weekend e, quindi, per sabato 17 e domenica 18 gennaio e sar\u00e0 replicato il prossimo weekend, sabato 24 e domenica 25 gennaio.\n<\/p>\n<p>La Jeep Compass \u00e8 pronta<\/p>\n<p>Il nuovo porte aperte \u00e8 l\u2019occasione scelta da Jeep per il lancio della <a href=\"https:\/\/www.virgilio.it\/motori\/auto\/nuova-jeep-compass-la-parola-passa-alla-strada-i-test-internazionali\/304176\/\" rel=\"nofollow noopener\" target=\"_blank\">Nuova Jeep Compass<\/a> negli showroom italiani. L\u2019evento segue il recente debutto della versione 4xe in occasione del Brussels Motor Show. Basata sulla piattaforma <strong>STLA<\/strong> <strong>Medium<\/strong>, la nuova generazione del SUV di Jeep arriva sul mercato in pi\u00f9 varianti, con una versione elettrica al 100%, la versione e-Hybrid da 145 CV e la versione e-Hybrid Plug-in da 225 CV. Gli ordini per il nuovo modello sono gi\u00e0 aperti. La Compass \u00e8 disponibile a partire da 249 euro al mese, mentre il <a href=\"https:\/\/www.virgilio.it\/motori\/listino\/jeep\/jeep-compass\/\" rel=\"nofollow noopener\" target=\"_blank\">listino prezzi<\/a> parte da 40.900 euro. Per i dettagli completi sull\u2019offerta commerciale \u00e8 possibile fare riferimento alle concessionarie Jeep, visitabili anche durante le giornate del Porte Aperte di gennaio.<\/p>\n<p>Le novit\u00e0 di DS<\/p>\n<p>Anche DS si aggiunge all\u2019evento di Porte Aperte di gennaio organizzato da Stellantis e lo fa in grande stile, con una novit\u00e0 che ha tutte le carte in regola per conquistare la clientela. La nuova gamma di edizioni speciali <a href=\"https:\/\/www.virgilio.it\/motori\/auto\/ds-performance-line-prezzi\/307530\/\" rel=\"nofollow noopener\" target=\"_blank\">DS Performance Line<\/a>, come sottolineato in apertura, \u00e8 declinata su tre modelli (DS 3, N\u00b04 e DS 7) e rappresenta un omaggio allo stile della monoposto di Formula E di DS (la DS E-TENSE FE25). Tra le caratteristiche troviamo una livrea a tinte oro satinato e nero lucido, mentre all\u2019interno ci sono rivestimenti in Alcantara, materiali e finiture di pregio e dettagli esclusivi.<\/p>\n<p>La <strong>DS 3<\/strong> in versione Edizione Speciale DS PerformanceLine \u00e8 disponibile con prezzi da 34.900 euro, scegliendo la versione HYBRID 145. Da segnalare anche la possibilit\u00e0 di puntare sulla variante E-TENSE 100% elettrica, disponibile con prezzi da 42.230 euro. Optando per il leasing, \u00e8 possibile puntare sul modello con rate da 250 euro al mese.<\/p>\n<p>Per quanto riguarda la<strong> N\u00b0 4<\/strong> in versione DS Performance Line, il prezzo di listino parte da 39.300 euro per la versione HYBRID 145 e da 40.700 euro per la diesel BlueHDi 130 Automatico. A completare la gamma troviamo la Plug-In Hybrid 225, disponibile da 47.850 euro. Anche in questo caso, c\u2019\u00e8 la possibilit\u00e0 di leasing da 250 euro al mese. A completare l\u2019offerta troviamo la <strong>DS 7<\/strong> che, scegliendo l\u2019edizione DS Performance Line, \u00e8 disponibile con prezzi da 46.700 euro per la versione BlueHDi 130 Automatico. In questo caso, il leasing \u00e8 disponibile con canone mensile da 350 euro.<\/p>\n","protected":false},"excerpt":{"rendered":"Il Gruppo Stellantis ha aggiornato la sua gamma con diverse novit\u00e0 nel corso degli ultimi mesi. Il 2026&hellip;\n","protected":false},"author":3,"featured_media":310538,"comment_status":"","ping_status":"","sticky":false,"template":"","format":"standard","meta":{"footnotes":"","_share_on_mastodon":"0"},"categories":[172],"tags":[178,2765,177,5326,1537,90,89,718,11114],"class_list":["post-310537","post","type-post","status-publish","format-standard","has-post-thumbnail","category-affari","tag-affari","tag-auto","tag-business","tag-formula-e","tag-it","tag-italia","tag-italy","tag-stellantis","tag-suv"],"share_on_mastodon":{"url":"https:\/\/pubeurope.com\/@it\/115910600559883071","error":""},"_links":{"self":[{"href":"https:\/\/www.europesays.com\/it\/wp-json\/wp\/v2\/posts\/310537","targetHints":{"allow":["GET"]}}],"collection":[{"href":"https:\/\/www.europesays.com\/it\/wp-json\/wp\/v2\/posts"}],"about":[{"href":"https:\/\/www.europesays.com\/it\/wp-json\/wp\/v2\/types\/post"}],"author":[{"embeddable":true,"href":"https:\/\/www.europesays.com\/it\/wp-json\/wp\/v2\/users\/3"}],"replies":[{"embeddable":true,"href":"https:\/\/www.europesays.com\/it\/wp-json\/wp\/v2\/comments?post=310537"}],"version-history":[{"count":0,"href":"https:\/\/www.europesays.com\/it\/wp-json\/wp\/v2\/posts\/310537\/revisions"}],"wp:featuredmedia":[{"embeddable":true,"href":"https:\/\/www.europesays.com\/it\/wp-json\/wp\/v2\/media\/310538"}],"wp:attachment":[{"href":"https:\/\/www.europesays.com\/it\/wp-json\/wp\/v2\/media?parent=310537"}],"wp:term":[{"taxonomy":"category","embeddable":true,"href":"https:\/\/www.europesays.com\/it\/wp-json\/wp\/v2\/categories?post=310537"},{"taxonomy":"post_tag","embeddable":true,"href":"https:\/\/www.europesays.com\/it\/wp-json\/wp\/v2\/tags?post=310537"}],"curies":[{"name":"wp","href":"https:\/\/api.w.org\/{rel}","templated":true}]}}