{"id":310715,"date":"2026-01-17T15:45:28","date_gmt":"2026-01-17T15:45:28","guid":{"rendered":"https:\/\/www.europesays.com\/it\/310715\/"},"modified":"2026-01-17T15:45:28","modified_gmt":"2026-01-17T15:45:28","slug":"qualcuno-volo-sul-nido-del-cuculo-il-film-che-trasformo-unamara-filastrocca-nel-manifesto-contro-le-mura-della-follia","status":"publish","type":"post","link":"https:\/\/www.europesays.com\/it\/310715\/","title":{"rendered":"Qualcuno vol\u00f2 sul nido del cuculo, il film che trasform\u00f2 un&#8217;amara filastrocca nel manifesto contro le mura della follia"},"content":{"rendered":"<p>Qualcuno vol\u00f2 sul nido del cuculo, il film di Milos Forman torna al cinema 50 anni dopo aver trionfato alla notte degli Oscar<\/p>\n<p>&#8220;Cuckoo&#8217;s Nest&#8221; in americano significa &#8220;manicomio&#8221; e &#8220;cuckoo&#8221; sta per &#8220;pazzo&#8221;. C&#8217;\u00e8 una nota filastrocca che ci riporta a questo nome: &#8220;Three geese in a flock, one flew East, one flew West, one flew over the cuckcoo&#8217;s nest&#8221; (&#8220;Uno stormo di tre oche, una vol\u00f2 ad est, una vol\u00f2 ad ovest, una vol\u00f2 sul nido del cuculo&#8221;) che introduce fin da subito un\u2019idea di destino e di imprevedibilit\u00e0, con la casualit\u00e0 della vita che porta qualcuno a diventare pazzo o ad essere considerato tale. Sono queste tre traiettorie diverse &#8211; con altrettante possibilit\u00e0 esistenziali e quel sottile slittamento tra ci\u00f2 che \u00e8 accettato e ci\u00f2 che viene giudicato deviante &#8211; a costituire il cuore simbolico di <strong>Qualcuno vol\u00f2 sul nido del cuculo<\/strong>, il film che <strong>Milo\u0161 Forman<\/strong> nel 1975 trasform\u00f2 in capolavoro partendo dall&#8217;omonimo romanzo di <strong>Ken Kesey<\/strong> pubblicato nel 1962 e di cui si innamor\u00f2 Kirk Douglas, che ne acquis\u00ec i diritti cinematografici.<\/p>\n<p>La pellicola &#8211; che fu poi prodotta dal figlio, Michael Douglas &#8211; festeggia i suoi 50 anni tornando <a href=\"https:\/\/www.vogue.it\/article\/film-al-cinema\" rel=\"nofollow noopener\" target=\"_blank\">al cinema restaurato in 4K dal 12 al 14 gennaio<\/a> con LuckyRed &#8211; nel 1976 conquist\u00f2 ben cinque premi Oscar \u2014 Miglior Film, Miglior Regia, Miglior Attore e Attrice Protagonista (a <strong>Jack Nicholson<\/strong> e <strong>Louise Fletcher<\/strong>) e Miglior Sceneggiatura Non Originale (Lawrence Hauben e Bo Goldman). Non succedeva dal 1934 con Accadde una notte\u00a0di Frank Capra e non succeder\u00e0 di nuovo fino al 1991 con Il silenzio degli innocenti. \u2014 entrando nel ristretto canone dei film capaci di incidere profondamente nell\u2019immaginario collettivo. Oggi, mezzo secolo dopo, il film continua a interrogare il nostro rapporto con la libert\u00e0, il potere e la normalit\u00e0.<\/p>\n<p><a class=\"BaseWrap-sc-gzmcOU BaseText-eqOrNE BaseLink-eTpkqh UnifiedProductEmbedImageLink-hoXjFT deqABF gpGxeK hBuuLu hsGXfw image\" href=\"https:\/\/cna.st\/p\/M65mNYwP1DysEzJDDzDEZvQe8Z8CVFuw5aA76joRokzgnfRKTmxr1znWZqatPQL1CQkjUviMMyS7ep1kyTjBtMXZYvCeMxCTbZiZKtvor7FcQUd4gJP9jYe3QFMZfxApvZBHoTU8RHozJAbyURCQjpnqzayifYhZ9Weomw89kdQGj1JjSaWDUGshwHzMLZNsqJxYHxk8omUjaEChRHswKx8f4toaSs3wYVhQgHEraoGXskwwcHo4SWVL8p2fzkcQ3qwjH2i7jH1Fif9do5iiexvi7mbc4XLq4dbv9c6GXwHsoB4HBaMMSz4BsNh59GHo2Deyb1b6ZDxTdw5YWKbtiu96y5VCWwU1LNiLGfTv3B3d6ty4LoDemYsJ6ev8Bs3w6YDr9nbYR284cP55jvraKhQkxHXjh3bZuLpb9iuZCY3f7MPKeAF5qbfNgeYk2WCwDWzQgYH5Kxz1ZvrXUapj2pPFdFZ9vwEeYaLmiK8tmVFXdvFBgk6g14CErxTxwYycN4N9Yq5fK7BqjjBHTpgVFF1t71ahU6tHnnYvQjN3wGsdZ9Hv2rvZN26p4epXRwWrUQQuhJjFuEAbGz2kTBfVnhBea9BQXx3sCAi1NQw2FAZeDWk3hddPccPsuCk73RJxMn8pcizR9ZYdjhGKCAnEKU7461Tp2mYww2NnNQtuqLSmepGiUF95kqq3nKaEYKJVUzd2E2W4PsfzBPnjhk6nyCYKbXFi6twaF9PjK7wXBxwaN3y4rLgEBZsRoPuWHbswgfBqaqm74LkBM1dxxPhsjNtaVu7eNttSdDY17LCH6yc7ayD5hN9TisGiJMvBh7JerQtJyemkTMoBkaeeg72d19h2oWvey7d7kTS4sj82vyRKRAt7SBZLHrcciLiAsZD5zRwzEr4oQA2pSgDu2vqEQXadZVZnbbGrRTSGXmjs91Vz1x2tBebyKCndZF7s8kVHu3C2nrpXTMQmDwwVZRhDuYMcymBHxgbcK5pp7vacicg6Jw9f2Wr3bNG8ZMPk6MXqCk6dMSr6EboykTcTbAC5jGZB9sgv9xWCuZsvQdBEwje8oycpKc3kc1yqN554hdDHRtnEaR8Uam9XscnY2gtg82127HNL5TykochaxLEhdJuwsUzkfgW7qQR7vNBViG7Gnn5eAMqH8KNmDqXSQ3WCbJZiWZiBJ3KZiHMe3TSCZVyUbqkxyFE\" target=\"_blank\" rel=\"noreferrer noopener sponsored nofollow\" tabindex=\"-1\" data-offer-url=\"https:\/\/www.amazon.it\/Qualcuno-vol%C3%B2-sul-nido-cuculo\/dp\/8817113468?crid=2Y4ZEOURD4JN3&amp;dib=eyJ2IjoiMSJ9.zQRgQs9ynJEzBFga6EbDvZJUcCNJprqqQuVdOeROizGZxaRnzc_ws2ZXJVJy0QQ2Z0zvozTLyuU0F5X6cT22Ejk2sGHaNeF11fsk72RtMb5l9XXVkhZaiM5V_VyJoDfC0ZCc_AFTgQxHzCgt0755qpi3G_8SKbUHiHBvKIoKw-A.MWa6GklgZx-aVS2PlRiDMIHf9zg21IWPliB-HIxIgyw&amp;dib_tag=se&amp;keywords=qualcuno+volo+sul+nido+del+cuculo+libro&amp;qid=1768170913&amp;sprefix=qualcuno+volo%2Caps%2C255&amp;sr=8-2&amp;linkCode=ll1&amp;tag=vogueitalia-21&amp;linkId=346a88e9aad9362579a365747b630af7&amp;language=it_IT&amp;ref_=as_li_ss_tl\" data-aps-asin=\"8817113468\" data-aps-asc-tag=\"\" aria-hidden=\"true\"><img decoding=\"async\" loading=\"lazy\" alt=\"\" class=\"ResponsiveImageContainer-eNxvmU cfBbTk responsive-image__image\"   src=\"https:\/\/www.europesays.com\/it\/wp-content\/uploads\/2026\/01\/81LJdP-Ok0L._SL1500_.jpg\"\/><\/a><\/p>\n<p id=\"upc_696425ceb1032e4c20c0f76e\" type=\"embed\" class=\"BaseWrap-sc-gzmcOU BaseText-eqOrNE UnifiedProductCardName-jDmuEE deqABF bhzovp VKIOo\">Qualcuno vol\u00f2 sul nido del cuculo &#8211; Libro<\/p>\n<p>Qualcuno vol\u00f2 sul nido del cuculo, trama del film<\/p>\n<p>Il \u201cnido del cuculo\u201d \u00e8 l\u2019ospedale psichiatrico statale di Salem, dove nel 1963 arriva Randle Patrick McMurphy (un magnetico <strong>Jack Nicholson<\/strong>). \u00c8 un uomo gi\u00e0 incarcerato per comportamento antisociale e aggressioni, trasferito in manicomio affinch\u00e9 gli specialisti stabiliscano se sia realmente affetto da una patologia mentale o se stia simulando la follia per evitare il carcere. Fin dal suo ingresso, McMurphy rompe l\u2019equilibrio apparente dell\u2019istituto: il suo atteggiamento provocatorio, ironico e anticonformista si scontra con la disciplina ferrea imposta dalla caposala Miss Ratched (<strong>Louise Fletcher<\/strong>), incarnazione glaciale di un potere che si esercita attraverso il controllo e la repressione.<\/p>\n<p>McMurphy diventa il catalizzatore di un risveglio collettivo. I degenti, uomini fragili e rassegnati, iniziano a riappropriarsi lentamente di un\u2019energia vitale che sembrava perduta. Tra loro, <strong>Danny DeVito<\/strong>\u00a0nel suo primo ruolo di rilievo (il piccolo e sorridente Martini), <strong>Christopher Lloyd<\/strong>\u00a0(il maniacale Taber), <strong>Brad Dourif<\/strong>\u00a0al suo esordio (il tenero e balbuziente Billy Bibbit), <strong>Vincent Schiavelli<\/strong>\u00a0(il bizzarro Frederickson).<\/p>\n","protected":false},"excerpt":{"rendered":"Qualcuno vol\u00f2 sul nido del cuculo, il film di Milos Forman torna al cinema 50 anni dopo aver&hellip;\n","protected":false},"author":3,"featured_media":310716,"comment_status":"","ping_status":"","sticky":false,"template":"","format":"standard","meta":{"footnotes":"","_share_on_mastodon":"0"},"categories":[1442],"tags":[7511,640,203,454,204,1537,90,89,40904,1521],"class_list":["post-310715","post","type-post","status-publish","format-standard","has-post-thumbnail","category-film","tag-attualita","tag-cinema","tag-entertainment","tag-film","tag-intrattenimento","tag-it","tag-italia","tag-italy","tag-jack-nicholson","tag-movies"],"share_on_mastodon":{"url":"https:\/\/pubeurope.com\/@it\/115911218044742405","error":""},"_links":{"self":[{"href":"https:\/\/www.europesays.com\/it\/wp-json\/wp\/v2\/posts\/310715","targetHints":{"allow":["GET"]}}],"collection":[{"href":"https:\/\/www.europesays.com\/it\/wp-json\/wp\/v2\/posts"}],"about":[{"href":"https:\/\/www.europesays.com\/it\/wp-json\/wp\/v2\/types\/post"}],"author":[{"embeddable":true,"href":"https:\/\/www.europesays.com\/it\/wp-json\/wp\/v2\/users\/3"}],"replies":[{"embeddable":true,"href":"https:\/\/www.europesays.com\/it\/wp-json\/wp\/v2\/comments?post=310715"}],"version-history":[{"count":0,"href":"https:\/\/www.europesays.com\/it\/wp-json\/wp\/v2\/posts\/310715\/revisions"}],"wp:featuredmedia":[{"embeddable":true,"href":"https:\/\/www.europesays.com\/it\/wp-json\/wp\/v2\/media\/310716"}],"wp:attachment":[{"href":"https:\/\/www.europesays.com\/it\/wp-json\/wp\/v2\/media?parent=310715"}],"wp:term":[{"taxonomy":"category","embeddable":true,"href":"https:\/\/www.europesays.com\/it\/wp-json\/wp\/v2\/categories?post=310715"},{"taxonomy":"post_tag","embeddable":true,"href":"https:\/\/www.europesays.com\/it\/wp-json\/wp\/v2\/tags?post=310715"}],"curies":[{"name":"wp","href":"https:\/\/api.w.org\/{rel}","templated":true}]}}