{"id":310891,"date":"2026-01-17T18:20:18","date_gmt":"2026-01-17T18:20:18","guid":{"rendered":"https:\/\/www.europesays.com\/it\/310891\/"},"modified":"2026-01-17T18:20:18","modified_gmt":"2026-01-17T18:20:18","slug":"nutribullet-treviso-ufficiale-la-firma-del-playmaker-alessandro-cappelletti","status":"publish","type":"post","link":"https:\/\/www.europesays.com\/it\/310891\/","title":{"rendered":"Nutribullet Treviso, ufficiale la firma del playmaker Alessandro Cappelletti"},"content":{"rendered":"<p>Nutribullet Treviso Basket comunica di aver raggiunto un accordo con Alessandro Cappelletti, playmaker italiano che entra a far parte del roster biancoazzurro per la stagione 2025\/26.<\/p>\n<p>Nato ad Assisi il 22 ottobre 1995, Cappelletti \u00e8 un playmaker di 186 cm dotato di grande talento offensivo, con spiccate qualit\u00e0 realizzative e un eccellente tiro dalla distanza. Nel corso della sua carriera ha maturato importanti esperienze tra Serie A e Serie A2, vestendo, tra le altre, le maglie di Mens Sana Siena, Virtus Bologna, Torino, APU Udine, Scaligera Verona, Dinamo Sassari e Trapani Shark. Con la Virtus ha conquistato la Basketball Champions League nella stagione 2018\/19, mentre nel 2021\/22 \u00e8 stato eletto MVP italiano della Serie A2 Old Wild West e ha contributo alla vittoria di Udine della Coppa Italia LNP.<\/p>\n<p>Dopo l\u2019ottima esperienza Friulana nella serie cadetta, chiusa a 12.9 punti e 5.3 assist di media, il ritorno in LBA con Verona dove conferma le sue qualit\u00e0 contribuendo con 11.3 punti e 4.6 assist. Anche nel biennio a Sassari Alessandro risulta uno degli italiani pi\u00f9 solidi del campionato e nel 2024\/25 chiude con 9.4 punti, 3.4 rimbalzi e 3.8 assist a partita. Giocatore di personalit\u00e0 e comprovata affidabilit\u00e0 in entrambe le met\u00e0 campo, Cappelletti va a rinforzare il reparto esterni della Nutribullet Treviso Basket, portando qualit\u00e0, esperienza e leadership al servizio della squadra.<\/p>\n","protected":false},"excerpt":{"rendered":"Nutribullet Treviso Basket comunica di aver raggiunto un accordo con Alessandro Cappelletti, playmaker italiano che entra a far&hellip;\n","protected":false},"author":3,"featured_media":310892,"comment_status":"","ping_status":"","sticky":false,"template":"","format":"standard","meta":{"footnotes":"","_share_on_mastodon":"0"},"categories":[1453],"tags":[5911,1756,1757,1537,90,89,12042,245,244,442],"class_list":["post-310891","post","type-post","status-publish","format-standard","has-post-thumbnail","category-basket","tag-alessandro-cappelletti","tag-basket","tag-basketball","tag-it","tag-italia","tag-italy","tag-nutribullet","tag-sport","tag-sports","tag-treviso"],"share_on_mastodon":{"url":"https:\/\/pubeurope.com\/@it\/115911827382441680","error":""},"_links":{"self":[{"href":"https:\/\/www.europesays.com\/it\/wp-json\/wp\/v2\/posts\/310891","targetHints":{"allow":["GET"]}}],"collection":[{"href":"https:\/\/www.europesays.com\/it\/wp-json\/wp\/v2\/posts"}],"about":[{"href":"https:\/\/www.europesays.com\/it\/wp-json\/wp\/v2\/types\/post"}],"author":[{"embeddable":true,"href":"https:\/\/www.europesays.com\/it\/wp-json\/wp\/v2\/users\/3"}],"replies":[{"embeddable":true,"href":"https:\/\/www.europesays.com\/it\/wp-json\/wp\/v2\/comments?post=310891"}],"version-history":[{"count":0,"href":"https:\/\/www.europesays.com\/it\/wp-json\/wp\/v2\/posts\/310891\/revisions"}],"wp:featuredmedia":[{"embeddable":true,"href":"https:\/\/www.europesays.com\/it\/wp-json\/wp\/v2\/media\/310892"}],"wp:attachment":[{"href":"https:\/\/www.europesays.com\/it\/wp-json\/wp\/v2\/media?parent=310891"}],"wp:term":[{"taxonomy":"category","embeddable":true,"href":"https:\/\/www.europesays.com\/it\/wp-json\/wp\/v2\/categories?post=310891"},{"taxonomy":"post_tag","embeddable":true,"href":"https:\/\/www.europesays.com\/it\/wp-json\/wp\/v2\/tags?post=310891"}],"curies":[{"name":"wp","href":"https:\/\/api.w.org\/{rel}","templated":true}]}}