{"id":311747,"date":"2026-01-18T08:40:12","date_gmt":"2026-01-18T08:40:12","guid":{"rendered":"https:\/\/www.europesays.com\/it\/311747\/"},"modified":"2026-01-18T08:40:12","modified_gmt":"2026-01-18T08:40:12","slug":"palazanetti-inaugurato-il-nuovo-spazio-per-lo-sport-in-onore-dellindimenticato-allenatore-nerio","status":"publish","type":"post","link":"https:\/\/www.europesays.com\/it\/311747\/","title":{"rendered":"PalaZanetti,\u00a0inaugurato il nuovo spazio per lo sport in onore dell\u2019indimenticato allenatore Nerio"},"content":{"rendered":"<p>San Lazzaro (Bologna), 17 gennaio 2026 &#8211;\u00a0\u00c8 stata inaugurata questa mattina, sabato 17 gennaio 2026, <strong>la nuova palestra del Campus Kid<\/strong> che da oggi prender\u00e0 il nome di \u201c<strong>PalaZanetti<\/strong>\u201d in ricordo di <strong>Nerio Zanetti<\/strong>, insegnante e indimenticato allenatore della <strong>Zinella Volley<\/strong>.<\/p>\n<p>Alla cerimonia di inaugurazione erano presenti la sindaca, <strong>Marilena Pillati<\/strong>, l&#8217;Assessora regionale alla Scuola\u00a0<strong>Isabella Conti<\/strong>, l&#8217;Assessora regionale allo Sport\u00a0<strong>Roberta Frisoni<\/strong>, il Dirigente dell\u2019Ufficio Scolastico V Ambito Territoriale di Bologna,\u00a0<strong>Giuseppe Panzardi<\/strong>, il Dirigente dell\u2019IC2 di San Lazzaro,\u00a0<strong>Giuseppe Santucci<\/strong>, i familiari e gli amici di <strong>Nerio Zanetti<\/strong>, a cominciare dalla moglie Marinella Vaccari.<\/p>\n<p>Come sar\u00e0 utilizzato il PalaZanetti <\/p>\n<p><strong>Il taglio del nastro ha visto la consegna ufficiale alla comunit\u00e0 di San Lazzaro<\/strong> di uno spazio destinato a diventare punto di riferimento per la vita sportiva ed educativa dell\u2019intera citt\u00e0, un\u2019opera pensata per le nuove generazioni e per rafforzare il legame tra scuola e territorio: di giorno, infatti, il <strong>PalaZanetti <\/strong>sar\u00e0 utilizzato dagli <strong>studenti <\/strong>e le studentesse della scuola secondaria di primo grado \u201cJussi\u201d e della scuola primarie \u201cDonini\u201d, mentre in orario extrascolastico sar\u00e0 a disposizione anche delle <strong>tante realt\u00e0 sportive del territorio<\/strong>.<\/p>\n<p>I lavori alla nuova palestra <\/p>\n<p>La <strong>nuova palestra<\/strong> \u00e8 stata realizzata nell\u2019ambito del progetto complessivo di rigenerazione urbana, cofinanziato con fondi del\u00a0Piano Nazionale di Ripresa e Resilienza, per <strong>un investimento di\u00a07 milioni di euro<\/strong>. I <strong>lavori<\/strong>, portati avanti dalle imprese Balestri Costruzioni, Effe-Gi impianti e Wood Beton, sono <strong>durati circa due anni<\/strong> e hanno previsto la demolizione delle strutture preesistenti e la costruzione di un edificio moderno di circa 2.600 metri quadrati, omologato CONI e concepito come spazio polifunzionale.<\/p>\n<p>La struttura, infatti, \u00e8 in grado di ospitare <strong>diverse discipline sportive<\/strong> (dal basket alla pallavolo passando per il calcio a 5, la ginnastica e tutti gli sport individuali) ed \u00e8 dotata di <strong>tribune<\/strong>, sei <strong>spogliatoi <\/strong>e <strong>locali di servizio<\/strong>. Durante l\u2019orario scolastico, grazie a un sistema di tende separatrici motorizzate, l\u2019area di gioco pu\u00f2 essere suddivisa in tre campi indipendenti che potranno essere utilizzati da altrettante classi anche contemporaneamente. L\u2019edificio, inoltre, \u00e8 stato realizzato secondo <strong>standard NZEB<\/strong>, con elevati livelli di efficienza energetica, e con particolare attenzione al comfort acustico grazie all\u2019impiego di materiali fonoassorbenti.<\/p>\n<p>L\u2019intitolazione a Nerio Zanetti <\/p>\n<p>La scelta dell\u2019amministrazione \u00e8 stata quella di intitolare la nuova palestra a\u00a0<strong>Nerio Zanetti<\/strong>, educatore, giocatore e poi allenatore di pallavolo la cui attivit\u00e0 ha avuto un significativo impatto per la storia di San Lazzaro. Zanetti \u00e8 stato <strong>una figura centrale nella storia sportiva e formativa della comunit\u00e0<\/strong>: insegnante ed educatore, prima ancora che allenatore, ha saputo trasmettere ai giovani la passione per lo sport come strumento di crescita personale. Dopo aver guidato il Cus Bologna dalla Serie D alla A2, fu protagonista di una stagione straordinaria alla guida della Zinella Volley.<\/p>\n<p>\u201cCon il PalaZanetti abbiamo consegnato a San Lazzaro uno spazio moderno, sicuro e inclusivo, che rafforza il ruolo dello sport come strumento di benessere, socialit\u00e0 e formazione \u2013\u00a0ha detto la\u00a0Pillati\u00a0inaugurando la struttura \u2013. <strong>Questa palestra non \u00e8 solo un edificio, ma un luogo in cui ogni giorno ragazze e ragazzi potranno crescere, imparare a stare insieme e a condividere valori positivi<\/strong>. Dedicare questa struttura a Nerio Zanetti significa <strong>rendere omaggio a una persona che ha saputo unire risultati sportivi di altissimo livello a un impegno educativo autentico<\/strong>. \u00c8 stato capace di trasmettere ai giovani la passione per lo sport, sia che fossero campioni di pallavolo che studenti di una delle classi in cui ha sempre insegnato con dedizione e passione. Ha formato intere generazioni di ragazze e ragazzi trasmettendo loro valori come il rispetto, l\u2019impegno e il lavoro di squadra. Adesso il suo esempio continuer\u00e0 a vivere attraverso i giovani che frequenteranno questo spazio\u201d.<\/p>\n<p>Il ricordo dell\u2019imprenditore scomparso in cantiere <\/p>\n<p>Poco prima del taglio del nastro la Sindaca Pillati ha voluto\u00a0<strong>ricordare anche Brahim Ait El Hajjam<\/strong>, l\u2019imprenditore di 47 anni scomparso\u00a0il 30 giugno\u00a0del 2025 mentre lavorava nel cantiere della palestra: \u201cOggi celebriamo un traguardo importante per la nostra comunit\u00e0 ma lo facciamo con rispetto e commozione per chi in questi spazi ha perso la vita. <strong>Brahim stava lavorando con sacrificio e dedizione per costruire un luogo dedicato allo sport e ai ragazzi<\/strong>: la sua memoria resta legata a questa palestra e rappresenta per tutti noi un richiamo al valore del lavoro e alla sacralit\u00e0 della vita di ogni persona\u201d.<\/p>\n","protected":false},"excerpt":{"rendered":"San Lazzaro (Bologna), 17 gennaio 2026 &#8211;\u00a0\u00c8 stata inaugurata questa mattina, sabato 17 gennaio 2026, la nuova palestra&hellip;\n","protected":false},"author":3,"featured_media":311748,"comment_status":"","ping_status":"","sticky":false,"template":"","format":"standard","meta":{"footnotes":"","_share_on_mastodon":"0"},"categories":[1474],"tags":[1960,7746,182997,1537,90,89,11044,182996,8041,245,244,1869],"class_list":["post-311747","post","type-post","status-publish","format-standard","has-post-thumbnail","category-volley","tag-allenatore","tag-inaugurato","tag-indimenticato","tag-it","tag-italia","tag-italy","tag-onore","tag-palazanetti","tag-spazio","tag-sport","tag-sports","tag-volley"],"share_on_mastodon":{"url":"https:\/\/pubeurope.com\/@it\/115915208970134223","error":""},"_links":{"self":[{"href":"https:\/\/www.europesays.com\/it\/wp-json\/wp\/v2\/posts\/311747","targetHints":{"allow":["GET"]}}],"collection":[{"href":"https:\/\/www.europesays.com\/it\/wp-json\/wp\/v2\/posts"}],"about":[{"href":"https:\/\/www.europesays.com\/it\/wp-json\/wp\/v2\/types\/post"}],"author":[{"embeddable":true,"href":"https:\/\/www.europesays.com\/it\/wp-json\/wp\/v2\/users\/3"}],"replies":[{"embeddable":true,"href":"https:\/\/www.europesays.com\/it\/wp-json\/wp\/v2\/comments?post=311747"}],"version-history":[{"count":0,"href":"https:\/\/www.europesays.com\/it\/wp-json\/wp\/v2\/posts\/311747\/revisions"}],"wp:featuredmedia":[{"embeddable":true,"href":"https:\/\/www.europesays.com\/it\/wp-json\/wp\/v2\/media\/311748"}],"wp:attachment":[{"href":"https:\/\/www.europesays.com\/it\/wp-json\/wp\/v2\/media?parent=311747"}],"wp:term":[{"taxonomy":"category","embeddable":true,"href":"https:\/\/www.europesays.com\/it\/wp-json\/wp\/v2\/categories?post=311747"},{"taxonomy":"post_tag","embeddable":true,"href":"https:\/\/www.europesays.com\/it\/wp-json\/wp\/v2\/tags?post=311747"}],"curies":[{"name":"wp","href":"https:\/\/api.w.org\/{rel}","templated":true}]}}