{"id":311857,"date":"2026-01-18T10:17:09","date_gmt":"2026-01-18T10:17:09","guid":{"rendered":"https:\/\/www.europesays.com\/it\/311857\/"},"modified":"2026-01-18T10:17:09","modified_gmt":"2026-01-18T10:17:09","slug":"il-duetto-di-berte-e-hunt-9-pierpaolo-spollon-adorabile-8","status":"publish","type":"post","link":"https:\/\/www.europesays.com\/it\/311857\/","title":{"rendered":"il duetto di Bert\u00e8 e Hunt (9), Pierpaolo Spollon adorabile (8)"},"content":{"rendered":"<p>Tenerezza ed emozioni sono le parole d\u2019ordine di questa nuova puntata di The Voice Kids:\u00a0<strong>sabato 17 gennaio<\/strong> \u00e8 andato in onda il secondo appuntamento con le Blind audition, le audizioni al buio, che hanno permesso ai giudici Loredana Bert\u00e8,\u00a0Arisa,\u00a0Nek,\u00a0Clementino\u00a0e\u00a0Rocco Hunt di scegliere i migliori tra i giovanissimi talenti che si sono esibiti durante la serata. Non sono mancate le risate e i momenti toccanti: ecco cosa \u00e8 successo nella seconda puntata.\n<\/p>\n<p>La storia di Angelo commuove tutti. Voto: 9<\/p>\n<p>The Voice Kids\u00a0\u00e8 uno show che sa bene come toccare le corde del cuore degli spettatori. I protagonisti sono i giovanissimi talenti che si alternano sul palco: <strong>sono loro il cuore del programma<\/strong>, che con le loro storie e la loro bravura hanno la capacit\u00e0 di far versare pi\u00f9 di una lacrima al pubblico. \u00c8 il caso di <strong>Angelo<\/strong>, tredicenne originario delle Filippine, che vive in Italia ormai da qualche anno e che ha dedicato My Way\u00a0di\u00a0Frank Sinatra <strong>alla nonna che l\u2019ha cresciuto<\/strong> nel paese d\u2019origine mentre i genitori erano in Italia a lavorare.<\/p>\n<blockquote class=\"instagram-media\" data-instgrm-captioned=\"\" data-instgrm-permalink=\"https:\/\/www.instagram.com\/p\/DToEI7kjW2z\/?utm_source=ig_embed&amp;utm_campaign=loading\" data-instgrm-version=\"14\" style=\" background:#FFF; border:0; border-radius:3px; box-shadow:0 0 1px 0 rgba(0,0,0,0.5),0 1px 10px 0 rgba(0,0,0,0.15); margin: 1px; max-width:100%; min-width:326px; padding:0; width:99.375%; width:-webkit-calc(100% - 2px); width:calc(100% - 2px);\"\/>\n<p>La sua capacit\u00e0 di eseguire un brano tecnicamente cos\u00ec complesso ha conquistato tutti e quattro i giudici, che si sono contesi il ragazzino dalla voce meravigliosa. \u201cAngelo, hai proprio una voce angelica\u201d hanno detto quasi in coro dopo l\u2019esibizione.<\/p>\n<p>Loredana Bert\u00e8 duetta con Rocco Hunt. Voto: 9<\/p>\n<p>Se da un lato le storie dei bambini sono capaci di farci commuovere, dall\u2019altro anche i giudici hanno qualche asso nella manica,\u00a0 regalando momenti davvero unici. Dopo aver <a href=\"https:\/\/dilei.it\/spettacolo\/the-voice-kids-pagelle-10-gennaio-2026\/2079771\/\" rel=\"nofollow noopener\" target=\"_blank\">duettato con Arisa<\/a> sulle note di E penso a te, <a href=\"https:\/\/dilei.it\/star-e-vip\/loredana-berte\/\" rel=\"nofollow noopener\" target=\"_blank\">Loredana Bert\u00e8<\/a> \u00e8 salita di nuovo sul palco per esibirsi insieme a Rocco Hunt con Voglio di pi\u00f9 di Pino Daniele.<\/p>\n<blockquote class=\"instagram-media\" data-instgrm-captioned=\"\" data-instgrm-permalink=\"https:\/\/www.instagram.com\/p\/DToQovcjTtB\/?utm_source=ig_embed&amp;utm_campaign=loading\" data-instgrm-version=\"14\" style=\" background:#FFF; border:0; border-radius:3px; box-shadow:0 0 1px 0 rgba(0,0,0,0.5),0 1px 10px 0 rgba(0,0,0,0.15); margin: 1px; max-width:100%; min-width:326px; padding:0; width:99.375%; width:-webkit-calc(100% - 2px); width:calc(100% - 2px);\"\/>\n<p>Un omaggio da brividi al cantautore napoletano che oltre a unire due artisti apparentemente lontani tra loro, ha emozionato tutto lo studio, come ha sottolineato Nek: \u201cSiete stati bravissimi, Rocco mi hai ricordato Eduardo De Crescenzo\u201d.<\/p>\n<p>Pierpaolo Spollon adorabile canta gli Aristogatti.\u00a0Voto: 8<\/p>\n<p>Uno dei momenti pi\u00f9 teneri e divertenti della seconda puntata di\u00a0The Voice Kids\u00a0\u00e8 stato indubbiamente quello che ha visto <a href=\"https:\/\/dilei.it\/vip\/video\/pierpaolo-spollon-emiliano-che-dio-ci-aiuti-6\/984596\/\" rel=\"nofollow noopener\" target=\"_blank\">Pierpaolo Spollon<\/a> cantare Tutti quanti voglion fare il jazz,\u00a0uno dei brani pi\u00f9 celebri del film Disney\u00a0Aristogatti.\u00a0L\u2019attore, che interpreta il dottor Riccardo nella serie di successo\u00a0Doc \u2013 Nelle tue mani,\u00a0\u00e8 stato chiamato da <a href=\"https:\/\/dilei.it\/star-e-vip\/antonella-clerici\/\" rel=\"nofollow noopener\" target=\"_blank\">Antonella Clerici<\/a> <strong>per fare una sorpresa ad Adriana,\u00a0<\/strong>una delle concorrenti pi\u00f9 giovani di questa edizione dello show.<\/p>\n<p>Sette anni ed energia da vendere, la piccola \u00e8 una fan sfegatata della fiction Rai: quando ha visto sbucare il suo beniamino dal fondo del palco \u00e8 rimasta a bocca aperta, mentre la mamma aveva il volto rigato dalle lacrime di fronte all\u2019emozione della sua bambina.<\/p>\n<p>Poi Spollon ha indossato le orecchie da gatto e insieme a Clementino ha intonato il celebre brano del film d\u2019animazione, dando prova di essere anche un cantante talentuoso: un\u2019esibizione da dieci e lode!<\/p>\n<blockquote class=\"instagram-media\" data-instgrm-captioned=\"\" data-instgrm-permalink=\"https:\/\/www.instagram.com\/p\/DToGRdGjSl9\/?utm_source=ig_embed&amp;utm_campaign=loading\" data-instgrm-version=\"14\" style=\" background:#FFF; border:0; border-radius:3px; box-shadow:0 0 1px 0 rgba(0,0,0,0.5),0 1px 10px 0 rgba(0,0,0,0.15); margin: 1px; max-width:100%; min-width:326px; padding:0; width:99.375%; width:-webkit-calc(100% - 2px); width:calc(100% - 2px);\"\/>\n<p>Clementino non sta al gioco (e grida Forza Napoli). Voto: 5<\/p>\n<p>Il rapper e giudice di\u00a0The Voice Kids\u00a0ha assunto un ruolo ben preciso in questa edizione, quello dl \u201cgiullare di corte\u201d: <strong>esagera con le battute \u2013 non sempre divertenti \u2013\u00a0<\/strong> e sembra fare di tutto per irritare i suoi compagni d\u2019avventura, che si lasciano trasportare comunque dalla sua ilarit\u00e0.<\/p>\n<p>Durante la serata <a href=\"https:\/\/dilei.it\/star-e-vip\/clementino\/\" rel=\"nofollow noopener\" target=\"_blank\">Clementino<\/a> si ritrova a subire una penitenza per non aver scelto uno dei ragazzini in gara, indossare la sciarpa della Juventus. Mentre Rocco Hunt si presta al gioco senza fare troppe storie, il collega comincia a fuggire per lo studio, rifiutandosi categoricamente di portare un accessorio della squadra che mal sopporta. \u201cNon esiste proprio, mai!\u201d, urla mettendo in difficolt\u00e0 Antonella Clerici, costretta a rincorrerlo. \u00c8 vero che come diceva qualcuno <strong>nella vita solo la fede calcistica non si cambia<\/strong>, ma esagera un po\u2019 troppo: la smania di protagonismo \u00e8 dietro l\u2019angolo.<\/p>\n<p class=\"tp04__text\">\n\t\t\t\tScopri i personaggi in trend, le storie del momento e molto altro.<br \/>Dove? Sul <a href=\"https:\/\/whatsapp.com\/channel\/0029Vb68mVyHVvTWezDm7d0R\" target=\"_blank\" rel=\"noopener nofollow\">canale WhatsApp di DiLei!<\/a>\n\t\t\t<\/p>\n<p>\t\t\t<a class=\"buttonCall\" href=\"https:\/\/whatsapp.com\/channel\/0029Vb68mVyHVvTWezDm7d0R\" target=\"_blank\" rel=\"noopener nofollow\" title=\"Seguici su WhatsApp\"><br \/>\n\t\t\t\tSeguici su WhatsApp<br \/>\n\t\t\t<\/a><\/p>\n<p>\u00a0<\/p>\n<p>\t<script async src=\"\/\/www.instagram.com\/embed.js\"><\/script><\/p>\n","protected":false},"excerpt":{"rendered":"Tenerezza ed emozioni sono le parole d\u2019ordine di questa nuova puntata di The Voice Kids:\u00a0sabato 17 gennaio \u00e8&hellip;\n","protected":false},"author":3,"featured_media":311858,"comment_status":"","ping_status":"","sticky":false,"template":"","format":"standard","meta":{"footnotes":"","_share_on_mastodon":"0"},"categories":[174],"tags":[2104,203,204,1537,90,89,37199,12839,214],"class_list":["post-311857","post","type-post","status-publish","format-standard","has-post-thumbnail","category-intrattenimento","tag-emozioni","tag-entertainment","tag-intrattenimento","tag-it","tag-italia","tag-italy","tag-loredana-berte","tag-rocco-hunt","tag-spettacolo"],"share_on_mastodon":{"url":"https:\/\/pubeurope.com\/@it\/115915590411205308","error":""},"_links":{"self":[{"href":"https:\/\/www.europesays.com\/it\/wp-json\/wp\/v2\/posts\/311857","targetHints":{"allow":["GET"]}}],"collection":[{"href":"https:\/\/www.europesays.com\/it\/wp-json\/wp\/v2\/posts"}],"about":[{"href":"https:\/\/www.europesays.com\/it\/wp-json\/wp\/v2\/types\/post"}],"author":[{"embeddable":true,"href":"https:\/\/www.europesays.com\/it\/wp-json\/wp\/v2\/users\/3"}],"replies":[{"embeddable":true,"href":"https:\/\/www.europesays.com\/it\/wp-json\/wp\/v2\/comments?post=311857"}],"version-history":[{"count":0,"href":"https:\/\/www.europesays.com\/it\/wp-json\/wp\/v2\/posts\/311857\/revisions"}],"wp:featuredmedia":[{"embeddable":true,"href":"https:\/\/www.europesays.com\/it\/wp-json\/wp\/v2\/media\/311858"}],"wp:attachment":[{"href":"https:\/\/www.europesays.com\/it\/wp-json\/wp\/v2\/media?parent=311857"}],"wp:term":[{"taxonomy":"category","embeddable":true,"href":"https:\/\/www.europesays.com\/it\/wp-json\/wp\/v2\/categories?post=311857"},{"taxonomy":"post_tag","embeddable":true,"href":"https:\/\/www.europesays.com\/it\/wp-json\/wp\/v2\/tags?post=311857"}],"curies":[{"name":"wp","href":"https:\/\/api.w.org\/{rel}","templated":true}]}}