{"id":312054,"date":"2026-01-18T13:03:10","date_gmt":"2026-01-18T13:03:10","guid":{"rendered":"https:\/\/www.europesays.com\/it\/312054\/"},"modified":"2026-01-18T13:03:10","modified_gmt":"2026-01-18T13:03:10","slug":"omicidio-la-spezia-quando-atif-disse-alla-prof-vorrei-sapere-cosa-si-prova-quando-si-uccide-qualcuno","status":"publish","type":"post","link":"https:\/\/www.europesays.com\/it\/312054\/","title":{"rendered":"Omicidio La Spezia, quando Atif disse alla prof: \u00abVorrei sapere cosa si prova quando si uccide qualcuno\u00bb"},"content":{"rendered":"<p>    di<br \/>\n    Alfio Sciacca, inviato a La Spezia<\/p>\n<p class=\"summary-art is-line-h-12\">I compagni del ragazzo vittima dell&#8217;accoltellamento a La Spezia: girava  spesso con le lame in tasca. L\u2019aggressione in due tempi<\/p>\n<p class=\"chapter-paragraph\"><b>Non si \u00e8  limitato a sferrare il    fendente che ha  ucciso Abanoub. <\/b>Lo ha prima inseguito nel corridoio, <a href=\"https:\/\/www.corriere.it\/cronache\/26_gennaio_17\/la-spezia-studente-ucciso-abu-atif-scuola-compagni-5ebcf880-d210-46dd-84d8-1b47a58a7xlk.shtml\" rel=\"nofollow noopener\" target=\"_blank\">lo  ha colpito<\/a> e poi ha  continuato a corrergli dietro. <b>Fin quasi all\u2019interno della classe dove <a href=\"https:\/\/www.corriere.it\/cronache\/26_gennaio_17\/chi-era-abu-il-19enne-accoltellato-a-morte-dal-compagno-di-scuola-buoni-voti-solare-era-un-bravo-ragazzo-dd6771a2-f94f-4b3e-8683-bd398db78xlk.shtml\" rel=\"nofollow noopener\" target=\"_blank\">Abu <\/a>cercava rifugio. Dopo il primo colpo    non era ancora  appagata la voglia di \u00abdare una lezione\u00bb<\/b> a quel compagno di scuola che, ai suoi occhi, gli insidiava la fidanzata.  <a href=\"https:\/\/www.corriere.it\/cronache\/26_gennaio_16\/la-spezia-accoltellamento-a-scuola-gravissimo-studente-di-18-anni-955f001a-204c-4343-a26f-c2a655f0exlk.shtml\" rel=\"nofollow noopener\" target=\"_blank\">Forse pensava di   affondare ancora la  lama.<\/a><\/p>\n<p>    Accoltellamento a La Spezia: cosa \u00e8 successo<\/p>\n<p class=\"chapter-paragraph\">Solo alla  vista di un insegnante e di altri compagni   ha realizzato.   <b>Ma non  \u00e8 finita l\u00ec. Ancora con il coltello in mano si \u00e8 incamminato per raggiunge l\u2019aula della  fidanzata. <\/b>Forse le  ha detto qualcosa.  Poi \u00e8 tornato indietro e ha incrociato l\u2019insegnante. Non  c\u2019\u00e8 alcun prof eroe a disarmarlo. <b>\u00c8  stato lui stesso a consegnare, docilmente, <a href=\"https:\/\/roma.corriere.it\/notizie\/politica\/26_gennaio_14\/pacchetto-sicurezza-dai-rimpatri-alle-norme-anti-maranza-novita-e-strette-in-un-decreto-e-un-ddl-52edd702-5fc8-4594-9011-5d7ca08c8xlk.shtml\" rel=\"nofollow noopener\" target=\"_blank\">la lama<\/a>  insanguinata. <\/b>Stando bene  attento a porgerla dal manico.\u00a0    &#13;<br \/>\n&#13;<br \/>\n&#13;<br \/>\n&#13;<br \/>\n&#13;<br \/>\n&#13;<br \/>\n&#13;<br \/>\n&#13;<br \/>\n&#13;<br \/>\n&#13;<br \/>\n&#13;<br \/>\n&#13;<br \/>\n&#13;<br \/>\n&#13;<br \/>\n&#13;<br \/>\n&#13;<br \/>\n&#13;<br \/>\n&#13;<br \/>\n&#13;<br \/>\n&#13;<br \/>\n&#13;<br \/>\n&#13;<br \/>\n&#13;<br \/>\n&#13;<br \/>\n&#13;<br \/>\n&#13;<br \/>\n&#13;<br \/>\n&#13;<br \/>\n&#13;<br \/>\n&#13;<br \/>\n&#13;<br \/>\n&#13;<br \/>\n&#13;<br \/>\n&#13;<br \/>\n&#13;<br \/>\n&#13;<br \/>\n&#13;<br \/>\n&#13;<br \/>\n&#13;<br \/>\n&#13;<br \/>\n&#13;<br \/>\n&#13;<br \/>\n&#13;<br \/>\n&#13;<br \/>\n&#13;<br \/>\n&#13;<br \/>\n&#13;<br \/>\n&#13;<br \/>\n&#13;<br \/>\n&#13;<br \/>\n&#13;<br \/>\n&#13;<br \/>\n&#13;\n<\/p>\n<p class=\"chapter-paragraph\">Poi un tempo sospeso. Rimane immobile seduto al banchetto dei bidelli. <b>Mentre braccava  il  presunto rivale aveva il volto deformato da quella che molti testimoni  hanno definito \u00abuna risata\u00bb. <\/b>Anche dopo  \u00e8 rimasto impassibile, mentre un  prof tentava disperatamente di  dare aiuto al povero Abu, cercando di fermare l\u2019emoragia. E lui l\u00ec seduto. Sempre con quel ghigno in viso. <b>Forse solo una maschera  per nascondere<a href=\"\"> la vertigine di quei momenti<\/a>.<\/b><\/p>\n<p>    Lo studente accoltellato<\/p>\n<p class=\"chapter-paragraph\"><b>Tutto avviene intorno alle 11.45 al secondo piano dell\u2019istituto tecnico Einaudi-Chiodo. <\/b>Qualche ragazza scappa  in strada attaccandosi al cellulare per chiamare i genitori, molti  restano nei corridoi.  Si interrogano l\u2019un l\u2019altro. C\u2019\u00e8 chi racconta e chi vuole sapere. Il passaparola corre veloce.  Nelle chat ogni \u00abraga\u00bb dice la sua. Con  un comune denominatore: <b><a href=\"https:\/\/www.corriere.it\/cronache\/26_gennaio_17\/atif-e-quell-ossessione-per-il-rivale-aba-cosi-il-bravo-studente-e-diventato-assassino-063dd8e2-f28b-489e-8627-6e4e7a0fbxlk.shtml?refresh_ce\" rel=\"nofollow noopener\" target=\"_blank\">Atif Zouhair <\/a> non era nuovo all\u2019uso dei coltelli. <\/b> Molte voci sono  da verificare, ma una \u00e8 certa. <b>Tempo fa, ma  davanti a scuola, aveva minacciato sempre con una lama un ragazzo albanese.<\/b> Pare che per questo fosse stato sospeso.<\/p>\n<p class=\"chapter-paragraph\">Il professionale Enaudi-Chiodo \u00e8 un melting pot di nazionalit\u00e0. <b>Scuola  multietnica che, a detta degli insegnanti, \u00e8 \u00abun esempio  di integrazione e tolleranza\u00bb. <\/b>Non la pensano allo stesso modo tanti studenti che lo frequentano. In questo contesto collocano i racconti sul  giovane assassino che, secondo loro, \u00aberano noti anche a qualche insegnante\u00bb, che forse li ha  sottovalutati. <b>Anche <a href=\"https:\/\/roma.corriere.it\/notizie\/politica\/26_gennaio_16\/molteni-violenza-giovanile-lame-spezia-anticipare-pacchetto-sicurezza-decreto-0f40c47a-9dcc-454d-ad3f-a6258e547xlk.shtml\" rel=\"nofollow noopener\" target=\"_blank\">il ministero vuole vederci chiaro<\/a>, infatti mander\u00e0 gli ispettori. \u00abChiedete a quella prof cosa aveva detto Atif appena qualche mese fa\u00bb.<\/b> Puntano il dito su un\u2019insegnante, ne fanno il nome. Quindi il racconto:  \u00abLei fece un incontro con i ragazzi e chiese a ognuno di esprimere un sogno. Quando fu il turno di <a href=\"https:\/\/www.corriere.it\/cronache\/26_gennaio_17\/atif-e-quell-ossessione-per-il-rivale-aba-cosi-il-bravo-studente-e-diventato-assassino-063dd8e2-f28b-489e-8627-6e4e7a0fbxlk.shtml\" rel=\"nofollow noopener\" target=\"_blank\">Atif<\/a>,  lui se ne usc\u00ec cos\u00ec: <b>\u201cmi piacerebbe vedere che emozione si prova a uccidere una persona\u201d. Dopo una roba del genere lei non ha fatto nulla\u00bb.\u00a0<\/b><\/p>\n<p class=\"chapter-paragraph\">Non \u00e8 tutto.  \u00abPer un periodo \u2014 proseguono gli studenti\u2014 Atif andava in giro chiedendo cosa succede in Italia ad uno che  ammazza una persona\u00bb. Inutile sollecitare  una replica alla prof in questione o ad altri docenti che in questi giorni  sembrano preoccupati solo di difendere il buon nome della scuola.<\/p>\n<p class=\"chapter-paragraph\"><b>Su quel ragazzo che i pi\u00f9 cauti definiscono \u00abquantomeno problematico\u00bb vengono raccontate storie al limite dell\u2019inverosimile. <\/b>Qualcuno dice che a volte la lama la usava contro se stesso, tagliandosi. Forse quello che \u00e8 successo sta  portando alcuni studenti a esagerare.  I loro racconti stridono con la descrizione che di Atif fanno  dirigenti e insegnanti del professionale. Per loro, come hanno riferito anche agli inquirenti,  era \u00abuno studente modello, con rendimento scolastico superiore alla media che non aveva mai avuto  nemmeno una nota di demerito\u00bb. <b>Forse la verit\u00e0 sta nel mezzo.<\/b><\/p>\n<p class=\"chapter-paragraph\"><b>Chi \u00e8 veramente questo ragazzo arrivato dal Marocco dieci anni fa che viveva con i genitori  in un basso di Arcola lo diranno le indagini. <\/b>La polizia, per\u00f2, quelle chat le  sta esaminando. Oltre a interrogare  diversi studenti. Molti hanno confermato anche agli inquirenti che Atif era un tipo \u00abmolto strano che in passato era venuto a scuola armato di coltello\u00bb. <br \/><b>Proprio in una  chat si fa riferimento persino ad un post in cui lui mostra una pistola. <\/b>Circostanza che la polizia sta  cercando di verificare. Partendo dalla perquisizione nell\u2019abitazione in cui Atif viveva assieme ad altri  quattro fratelli. Fatto che salta fuori dal  verbale di perquisizione. In casa comunque non \u00e8 stata trovata alcuna arma.<\/p>\n<p class=\"is-last-update\" datetime=\"2026-01-18T10:13:23+01:00\">18 gennaio 2026 ( modifica il 18 gennaio 2026 | 10:13)<\/p>\n<p class=\"is-copyright\">\n            \u00a9 RIPRODUZIONE RISERVATA\n        <\/p>\n","protected":false},"excerpt":{"rendered":"di Alfio Sciacca, inviato a La Spezia I compagni del ragazzo vittima dell&#8217;accoltellamento a La Spezia: girava spesso&hellip;\n","protected":false},"author":3,"featured_media":312055,"comment_status":"","ping_status":"","sticky":false,"template":"","format":"standard","meta":{"footnotes":"","_share_on_mastodon":"0"},"categories":[79],"tags":[182699,183180,183181,2268,183182,183183,34165,183184,183185,9763,183179,182057,4970,1502,99850,7034,4021,14,93,94,2276,10453,2753,21776,4505,7694,1537,90,89,13021,1914,7,1693,15,58854,1915,531,28231,34143,4696,31695,5402,9595,2061,14186,125272,31425,22310,5926,1886,11,84,91,12,85,92,32638,17662,4969],"class_list":["post-312054","post","type-post","status-publish","format-standard","has-post-thumbnail","category-italia","tag-abanoub","tag-abanoub-inseguito","tag-abanoub-inseguito-corridoio","tag-abitazione","tag-abitazione-atif","tag-abitazione-atif-viveva","tag-abu","tag-abu-cercando","tag-abu-cercando-fermare","tag-accoltellamento","tag-accoltellamento-spezia","tag-atif","tag-cercando","tag-chat","tag-chiodo","tag-coltello","tag-compagni","tag-cronaca","tag-cronaca-italiana","tag-cronacaitaliana","tag-dare","tag-fidanzata","tag-genitori","tag-inquirenti","tag-insegnante","tag-insegnanti","tag-it","tag-italia","tag-italy","tag-lama","tag-li","tag-news","tag-nome","tag-notizie","tag-perquisizione","tag-persona","tag-polizia","tag-prof","tag-professionale","tag-prova","tag-racconti","tag-ragazzo","tag-sapere","tag-scuola","tag-seduto","tag-sospeso","tag-spezia","tag-studente","tag-studenti","tag-successo","tag-ultime-notizie","tag-ultime-notizie-e-news-di-oggi","tag-ultime-notizie-italia","tag-ultimenotizie","tag-ultimenotizieenewsdioggi","tag-ultimenotizieitalia","tag-verificare","tag-viveva","tag-vuole"],"share_on_mastodon":{"url":"","error":"Validation failed: Text character limit of 500 exceeded"},"_links":{"self":[{"href":"https:\/\/www.europesays.com\/it\/wp-json\/wp\/v2\/posts\/312054","targetHints":{"allow":["GET"]}}],"collection":[{"href":"https:\/\/www.europesays.com\/it\/wp-json\/wp\/v2\/posts"}],"about":[{"href":"https:\/\/www.europesays.com\/it\/wp-json\/wp\/v2\/types\/post"}],"author":[{"embeddable":true,"href":"https:\/\/www.europesays.com\/it\/wp-json\/wp\/v2\/users\/3"}],"replies":[{"embeddable":true,"href":"https:\/\/www.europesays.com\/it\/wp-json\/wp\/v2\/comments?post=312054"}],"version-history":[{"count":0,"href":"https:\/\/www.europesays.com\/it\/wp-json\/wp\/v2\/posts\/312054\/revisions"}],"wp:featuredmedia":[{"embeddable":true,"href":"https:\/\/www.europesays.com\/it\/wp-json\/wp\/v2\/media\/312055"}],"wp:attachment":[{"href":"https:\/\/www.europesays.com\/it\/wp-json\/wp\/v2\/media?parent=312054"}],"wp:term":[{"taxonomy":"category","embeddable":true,"href":"https:\/\/www.europesays.com\/it\/wp-json\/wp\/v2\/categories?post=312054"},{"taxonomy":"post_tag","embeddable":true,"href":"https:\/\/www.europesays.com\/it\/wp-json\/wp\/v2\/tags?post=312054"}],"curies":[{"name":"wp","href":"https:\/\/api.w.org\/{rel}","templated":true}]}}