{"id":31307,"date":"2025-08-06T09:23:12","date_gmt":"2025-08-06T09:23:12","guid":{"rendered":"https:\/\/www.europesays.com\/it\/31307\/"},"modified":"2025-08-06T09:23:12","modified_gmt":"2025-08-06T09:23:12","slug":"benedetta-parodi-compie-53-anni-gli-inizi-a-studio-aperto-il-rapporto-con-la-sorella-cristina-e-il-fratello-roberto-lamore-con-fabio-caressa-7-segreti","status":"publish","type":"post","link":"https:\/\/www.europesays.com\/it\/31307\/","title":{"rendered":"Benedetta Parodi compie 53 anni: gli inizi a \u00abStudio Aperto\u00bb, il rapporto con la sorella Cristina e il fratello Roberto, l&#8217;amore con Fabio Caressa, 7 segreti"},"content":{"rendered":"<p class=\"chapter-paragraph\">\u00abSiamo molto legati e ci vogliamo un bene dell&#8217;anima\u00bb. Benedetta Parodi <a href=\"https:\/\/www.corriere.it\/sette\/incontri\/22_settembre_03\/cristina-benedetta-roberto-noi-tre-volte-parodi-diversamente-felici-ce36a96c-292c-11ed-91c7-dee004e78fda.shtml?refresh_ce\" target=\"_blank\" rel=\"nofollow noopener\">ha un rapporto strettissimo<\/a> con sua sorella, la giornalista Cristina Parodi, e suo fratello, lo scrittore Roberto Parodi. \u00abCristina \u00e8 dolcissima, non conosce l\u2019invidia &#8211; <a href=\"https:\/\/www.corriere.it\/sette\/incontri\/22_settembre_03\/cristina-benedetta-roberto-noi-tre-volte-parodi-diversamente-felici-ce36a96c-292c-11ed-91c7-dee004e78fda.shtml?refresh_ce\" target=\"_blank\" rel=\"nofollow noopener\">raccontava Benedetta nel 2022 a Sette<\/a> -. \u00c8 tenace, quello che vuole lo ottiene. Il difetto \u00e8 la riservatezza: non \u00e8 facile raggiungerla fino in fondo. Roberto, invece, \u00e8 la persona pi\u00f9 generosa che conosca: sa scrivere molto bene, sa suonare gli strumenti, \u00e8 una persona artistica. Ma ha poca pazienza\u00bb.<\/p>\n","protected":false},"excerpt":{"rendered":"\u00abSiamo molto legati e ci vogliamo un bene dell&#8217;anima\u00bb. Benedetta Parodi ha un rapporto strettissimo con sua sorella,&hellip;\n","protected":false},"author":3,"featured_media":31308,"comment_status":"","ping_status":"","sticky":false,"template":"","format":"standard","meta":{"footnotes":"","_share_on_mastodon":"0"},"categories":[1444],"tags":[2699,30427,30428,87,12672,12387,30421,30429,30430,30424,1396,30431,30432,4864,10091,5221,1679,8348,8250,2391,1112,23514,203,15504,30425,30422,30423,2731,3688,4348,1251,204,1537,90,89,4002,12325,8866,3334,6707,30433,30434,29764,4061,9638,2128,30426,253],"class_list":["post-31307","post","type-post","status-publish","format-standard","has-post-thumbnail","category-tv","tag-agosto","tag-alessandria","tag-alessandria-agosto","tag-amore","tag-aperto","tag-benedetta","tag-benedetta-parodi","tag-benedetta-parodi-dedicata","tag-capital","tag-caressa","tag-conduttrice","tag-conduttrice-nata","tag-conduttrice-nata-alessandria","tag-corriere","tag-cristina","tag-cucina","tag-curiosita","tag-dedicata","tag-diego","tag-diversi","tag-domenica","tag-eleonora","tag-entertainment","tag-fabio","tag-fabio-caressa","tag-fate","tag-fate-meta","tag-figli","tag-fratello","tag-giornalista","tag-grandi","tag-intrattenimento","tag-it","tag-italia","tag-italy","tag-mamma","tag-matilde","tag-matrimonio","tag-meta","tag-nata","tag-nata-alessandria","tag-nata-alessandria-agosto","tag-parodi","tag-radio","tag-roberto","tag-studio","tag-studio-aperto","tag-tv"],"share_on_mastodon":{"url":"","error":""},"_links":{"self":[{"href":"https:\/\/www.europesays.com\/it\/wp-json\/wp\/v2\/posts\/31307","targetHints":{"allow":["GET"]}}],"collection":[{"href":"https:\/\/www.europesays.com\/it\/wp-json\/wp\/v2\/posts"}],"about":[{"href":"https:\/\/www.europesays.com\/it\/wp-json\/wp\/v2\/types\/post"}],"author":[{"embeddable":true,"href":"https:\/\/www.europesays.com\/it\/wp-json\/wp\/v2\/users\/3"}],"replies":[{"embeddable":true,"href":"https:\/\/www.europesays.com\/it\/wp-json\/wp\/v2\/comments?post=31307"}],"version-history":[{"count":0,"href":"https:\/\/www.europesays.com\/it\/wp-json\/wp\/v2\/posts\/31307\/revisions"}],"wp:featuredmedia":[{"embeddable":true,"href":"https:\/\/www.europesays.com\/it\/wp-json\/wp\/v2\/media\/31308"}],"wp:attachment":[{"href":"https:\/\/www.europesays.com\/it\/wp-json\/wp\/v2\/media?parent=31307"}],"wp:term":[{"taxonomy":"category","embeddable":true,"href":"https:\/\/www.europesays.com\/it\/wp-json\/wp\/v2\/categories?post=31307"},{"taxonomy":"post_tag","embeddable":true,"href":"https:\/\/www.europesays.com\/it\/wp-json\/wp\/v2\/tags?post=31307"}],"curies":[{"name":"wp","href":"https:\/\/api.w.org\/{rel}","templated":true}]}}