{"id":313419,"date":"2026-01-19T13:15:15","date_gmt":"2026-01-19T13:15:15","guid":{"rendered":"https:\/\/www.europesays.com\/it\/313419\/"},"modified":"2026-01-19T13:15:15","modified_gmt":"2026-01-19T13:15:15","slug":"milan-lecce-le-formazioni-ufficiali-allegri-rilancia-jashari-difra-con-gandelman-dal-1-la-gazzetta-dello-sport","status":"publish","type":"post","link":"https:\/\/www.europesays.com\/it\/313419\/","title":{"rendered":"Milan-Lecce, le formazioni ufficiali: Allegri rilancia Jashari, DiFra con Gandelman dal 1&#039; &#8211; La Gazzetta dello Sport"},"content":{"rendered":"<ol>\n<li><a href=\"https:\/\/news.google.com\/rss\/articles\/CBMirwFBVV95cUxQYVlXLS0yZ25JUXVHanJjWDFJb2h6MkNMZ3ZkWnVOeEd2RXkxX0dzVThQUVZscTMwS1RaRUktN3JmdE56VjNiYXJVb1pjM21vMDlWRWp0X2Zjem40aVQwQTIxUzV1MTk2S1NhRkExblNlTTREZHE4UmxKX3lFNGZzaGtheEJpc0xPZWtSdmdGbk5WazJFRHZfMHJialhRQklKc2tTbjktYnh3aGtCMkFr0gG0AUFVX3lxTFBfTElRZFR6SXNxMEdpUHF2eVlEZWdlWWhPQkFwR0NOYld2Tk5uclBHeXNlYUNYdC03Z19FY09kdEh3WjdudUtrbWliVFJTS1dCcXQzX0p1Q2VvSFBOV0Z1TTBSazM2R2FTMUJOdGVHSnU0TERTLXVaV1dIakRiUWxVa0d1Qkh3OUJ4dlRxbUJIVzZwdWZBWDNzMTdSbDdDbDlGM3BKaUNPSVFRLW9Nb0U2Q090LQ?oc=5\" target=\"_blank\" rel=\"nofollow noopener\">Milan-Lecce, le formazioni ufficiali: Allegri rilancia Jashari, DiFra con Gandelman dal 1&#8242;<\/a>&nbsp;&nbsp;La Gazzetta dello Sport<\/li>\n<li><a href=\"https:\/\/news.google.com\/rss\/articles\/CBMivwFBVV95cUxOU1NObHhKZ0NCTVZEN0d2cXY0ZjNkM3hUYUdnaktVX040WFRhc3A5bkZFb1ctRzdBNXd2dTVUZWs0RUdLOFIzNFB2T0hqNDJ6dVBCNC1HN013eU4ydkJXQjMtNHBILVl5dDJlNkxTMlVuRloxa1luLUhEV3U1aWN5RFRwbk5zZjd4YWZoVm1wOC1oZ2pZNm5uelhJbV8zR3prRGpqZExiRHE4SWQ5eFlnUm5ZTmpQOTRSUnJnaTdrVdIBxAFBVV95cUxPTUU2QmE0d05YcnptSm1HVGZEM0ZVS2o0UFRIbUdLMHhBSUloSGJya0VjQ25lVUQxZEIxcC1WZEc5WGlZTC1xWkZjU1A1TkJQcDc4LWpHME0zbE96Qzhua1NrWjVDQW1QdTA0aXlMenBKbmpVaGVqNnVoV1VySVoxVVk4TndqUlBJODdSejRhM2FYZjdnVk5nSXdmVlpDektxWFFxbERsdHFRRE1Fc3NtaElkRzRzUWpPNlA2TnRtckZ3ek1m?oc=5\" target=\"_blank\" rel=\"nofollow noopener\">Allegri vola basso: &#8220;L&#8217;obiettivo resta il quarto posto&#8230;&#8221;. Poi un applauso: &#8220;Che bravo Jashari&#8221;<\/a>&nbsp;&nbsp;La Gazzetta dello Sport<\/li>\n<li><a href=\"https:\/\/news.google.com\/rss\/articles\/CBMilwFBVV95cUxOb1RzVWZJa19jb3RxSzJpX3FldW91a2VrN0h5UUtpRHhOd2tYdkJrYWFURUtpR0RMdDdDVC1HM1lhOFcxa1ZhVllad2FRMGVFVEZiMk9nQ3Z0TU5Ccy1XaUdqd2h6U29ENEpMdlFFTjdncXFHMjI3T1JhemFVVXRoT3dVQWl1bzhpY0ZxTGN2ZmRzX0twd2RB0gGcAUFVX3lxTE9rYVRQUmM0d1hYRWdaYjNVdlJCWVJEWXpEZ0t1TkllRTRUc2xURTEzdTBMazJidEgxMXpNVVl6NHBrSkpaa3JuRDRNYWQ0MXBxM3pnN0gyX2k4eGN0WUtfd1B4Zkh3TXl0bVRZZWxQdjJaV3pQOHBUc2RCMUhOQWp0QXJZVHV1TzR6VkgtYUpkQ0p5TlVCV2p6eW14Zw?oc=5\" target=\"_blank\" rel=\"nofollow noopener\">F\u00fcllkrug, non solo gol: ecco perch\u00e9 \u00e8 il centravanti che serviva al Milan<\/a>&nbsp;&nbsp;la Repubblica<\/li>\n<li><a href=\"https:\/\/news.google.com\/rss\/articles\/CBMi0gFBVV95cUxQVkNPUURYcjdBamZpNWRKVGluQ09wMmJKTHMzVE42Y3hZWG1NUjFLOW04bzFXaWxqSEpmQ2J2UXd2VUdlYjcyek9XTXVjbEQzOVJOc1NjajBMS2pQOGhwNklUbWVNakhNUHpNenJXVzgxa0gzSWRqLUZVcGY3OHNkVnZHQzJMLWxuMV9vdFBDUXBzbmYwcDUzWXk3YXRBMHFoclhIWmtCMW4wNm1XVm1XQTlJRXhFQkxyM2praTBtUm8yWC11aHdEWTJ5MndpRXMzQ0HSAdcBQVVfeXFMUGNTd2hTLXFwdnd3TGp6WTB2U3V5Rzkyb2QwWlVwV3RlRHREbUxld1VWSmFydEhnMnJTSWVLMFE4ckNGNURYU09JcDJYMlJFbjN6SDhQcnBPa2RZSWRhNG5QQjcwdWp5Um9ncDFDYXdhbXpkZ2lSbU1aMEdFSEV6UGMydkZfNWZ6M3VLTl9jaU5sQ3FoQ05COEhicG5mQVRPMXZZR2dDYWdJQVRMcGxZeWQ4djJ5a3JadmRJaUJWcTN0c0tkcW54NGtzVTJ1ak9PRHh5b01YOGM?oc=5\" target=\"_blank\" rel=\"nofollow noopener\">\u201cSe mi dicono che sono fortunato io sono contento\u201d: la teoria di Allegri dopo la nona vittoria\u2026<\/a>&nbsp;&nbsp;Il Fatto Quotidiano<\/li>\n<li><a href=\"https:\/\/news.google.com\/rss\/articles\/CBMioAFBVV95cUxPTFN1U0p3ZENtQlBMVU1INUF2U2FzSXFFSnhVc3gtVjVnZ1VHTGtHMTNpcFo5UWZiZV94ZnFsVlhSX0lNVHZZQ3d6Q1RKZ3JRMFk1ZEF0TWkyZ1Rha1RLM0NackZUamVOM2hmcE9Td3lEY1NLUzJMRThlVmc0cGttOXM0WXo1UGs4NkFqNUxUNDlEX1lzazJhQkpUQTZzTEJu?oc=5\" target=\"_blank\" rel=\"nofollow noopener\">Per il Lecce quarta sconfitta consecutiva e la classifica non lascia pi\u00f9 alibi<\/a>&nbsp;&nbsp;LeccePrima &#8211; cronaca e notizie da Lecce<\/li>\n<\/ol>\n","protected":false},"excerpt":{"rendered":"Milan-Lecce, le formazioni ufficiali: Allegri rilancia Jashari, DiFra con Gandelman dal 1&#8242;&nbsp;&nbsp;La Gazzetta dello Sport Allegri vola basso:&hellip;\n","protected":false},"author":3,"featured_media":313420,"comment_status":"","ping_status":"","sticky":false,"template":"","format":"standard","meta":{"footnotes":"","_share_on_mastodon":"0"},"categories":[176],"tags":[3076,1960,8032,277,22048,3066,3957,32384,13717,1250,24659,183768,179940,1537,90,89,601,6296,553,245,244],"class_list":["post-313419","post","type-post","status-publish","format-standard","has-post-thumbnail","category-sport","tag-allegri","tag-allenatore","tag-coulibaly","tag-de","tag-de-winter","tag-estupinan","tag-falcone","tag-formazioni","tag-formazioni-ufficiali","tag-francesco","tag-gabbia","tag-gabbia-de","tag-gandelman","tag-it","tag-italia","tag-italy","tag-jashari","tag-lecce","tag-milan","tag-sport","tag-sports"],"share_on_mastodon":{"url":"https:\/\/pubeurope.com\/@it\/115921952623249905","error":""},"_links":{"self":[{"href":"https:\/\/www.europesays.com\/it\/wp-json\/wp\/v2\/posts\/313419","targetHints":{"allow":["GET"]}}],"collection":[{"href":"https:\/\/www.europesays.com\/it\/wp-json\/wp\/v2\/posts"}],"about":[{"href":"https:\/\/www.europesays.com\/it\/wp-json\/wp\/v2\/types\/post"}],"author":[{"embeddable":true,"href":"https:\/\/www.europesays.com\/it\/wp-json\/wp\/v2\/users\/3"}],"replies":[{"embeddable":true,"href":"https:\/\/www.europesays.com\/it\/wp-json\/wp\/v2\/comments?post=313419"}],"version-history":[{"count":0,"href":"https:\/\/www.europesays.com\/it\/wp-json\/wp\/v2\/posts\/313419\/revisions"}],"wp:featuredmedia":[{"embeddable":true,"href":"https:\/\/www.europesays.com\/it\/wp-json\/wp\/v2\/media\/313420"}],"wp:attachment":[{"href":"https:\/\/www.europesays.com\/it\/wp-json\/wp\/v2\/media?parent=313419"}],"wp:term":[{"taxonomy":"category","embeddable":true,"href":"https:\/\/www.europesays.com\/it\/wp-json\/wp\/v2\/categories?post=313419"},{"taxonomy":"post_tag","embeddable":true,"href":"https:\/\/www.europesays.com\/it\/wp-json\/wp\/v2\/tags?post=313419"}],"curies":[{"name":"wp","href":"https:\/\/api.w.org\/{rel}","templated":true}]}}