{"id":313721,"date":"2026-01-19T18:00:09","date_gmt":"2026-01-19T18:00:09","guid":{"rendered":"https:\/\/www.europesays.com\/it\/313721\/"},"modified":"2026-01-19T18:00:09","modified_gmt":"2026-01-19T18:00:09","slug":"non-ce-una-buona-connessione","status":"publish","type":"post","link":"https:\/\/www.europesays.com\/it\/313721\/","title":{"rendered":"Non c&#8217;\u00e8 una buona connessione"},"content":{"rendered":"<p>Il russo <strong>Andrey Rublev debutta agli Australian Open superando in tre set Matteo Arnaldi<\/strong> e guadagna cos\u00ec il pass per la sfida del secondo turno contro il giocatore portoghese Jaime Faria<strong>. Al termine del match la testa di serie numero 13 si \u00e8 lasciata andare ad un divertente siparietto con il giornalista<\/strong> presente a bordo campo per le interviste.<\/p>\n<p><strong>Il commento del vittorioso debutto a Melbourne<\/strong>: \u201cArnaldi \u00e8 un giocatore difficile da battere. Mi ha sconfitto un paio di volte, una proprio in un torneo del Grande Slam. Mentalmente non \u00e8 stato facile, perch\u00e9 ho dovuto mostrare il mio miglior tennis e sono contento di aver vinto in tre set. In cosa mi aiuta maggiormente\u00a0Marat\u00a0Safin?\u00a0Porta un po\u2019 di relax nel team\u201d .<\/p>\n<p><strong>L\u2019avversario designato del secondo turno sar\u00e0<\/strong> il portoghese\u00a0<strong>Jaime\u00a0Faria<\/strong>. \u201cNon so ancora contro chi giocher\u00f2 e, anche ora che mi hai detto il nome, non lo conosco. Far\u00f2 delle ricerche e studier\u00f2\u201d . Dopo queste dichiarazioni, <strong>il giornalista ha evidenziato scherzando<\/strong>: \u201cTi ho intervistato diverse volte e non credo ci sia una buona connessione tra noi due. Puoi parlarmi delle condizioni di Melbourne?\u201d .<\/p>\n<p><strong>Rublev ha poi inscenato il siparietto che ha fatto divertire il pubblico presente sulla Kia Arena<\/strong>: \u201c\u00c8 vero, non abbiamo molta connessione. Non so che dire. Siamo in Australia, le condizioni sono queste. A volte fa caldissimo; altre c\u2019\u00e8 un vento incredibile. Fa parte del tennis. Guardi il tennis da tanti anni, lo sai\u201d .\u00a0<strong>L\u2019intervistatore si \u00e8 per\u00f2 preso l\u2019ultima parola<\/strong>:\u00a0\u201cTu lavorerai sul tuo gioco e io sulle tecniche da utilizzare per le interviste\u201d .<\/p>\n","protected":false},"excerpt":{"rendered":"Il russo Andrey Rublev debutta agli Australian Open superando in tre set Matteo Arnaldi e guadagna cos\u00ec il&hellip;\n","protected":false},"author":3,"featured_media":313722,"comment_status":"","ping_status":"","sticky":false,"template":"","format":"standard","meta":{"footnotes":"","_share_on_mastodon":"0"},"categories":[1457],"tags":[23931,156603,1537,90,89,245,244,1273],"class_list":["post-313721","post","type-post","status-publish","format-standard","has-post-thumbnail","category-tennis","tag-andrey-rublev","tag-australian-open-2026","tag-it","tag-italia","tag-italy","tag-sport","tag-sports","tag-tennis"],"share_on_mastodon":{"url":"https:\/\/pubeurope.com\/@it\/115923073475661745","error":""},"_links":{"self":[{"href":"https:\/\/www.europesays.com\/it\/wp-json\/wp\/v2\/posts\/313721","targetHints":{"allow":["GET"]}}],"collection":[{"href":"https:\/\/www.europesays.com\/it\/wp-json\/wp\/v2\/posts"}],"about":[{"href":"https:\/\/www.europesays.com\/it\/wp-json\/wp\/v2\/types\/post"}],"author":[{"embeddable":true,"href":"https:\/\/www.europesays.com\/it\/wp-json\/wp\/v2\/users\/3"}],"replies":[{"embeddable":true,"href":"https:\/\/www.europesays.com\/it\/wp-json\/wp\/v2\/comments?post=313721"}],"version-history":[{"count":0,"href":"https:\/\/www.europesays.com\/it\/wp-json\/wp\/v2\/posts\/313721\/revisions"}],"wp:featuredmedia":[{"embeddable":true,"href":"https:\/\/www.europesays.com\/it\/wp-json\/wp\/v2\/media\/313722"}],"wp:attachment":[{"href":"https:\/\/www.europesays.com\/it\/wp-json\/wp\/v2\/media?parent=313721"}],"wp:term":[{"taxonomy":"category","embeddable":true,"href":"https:\/\/www.europesays.com\/it\/wp-json\/wp\/v2\/categories?post=313721"},{"taxonomy":"post_tag","embeddable":true,"href":"https:\/\/www.europesays.com\/it\/wp-json\/wp\/v2\/tags?post=313721"}],"curies":[{"name":"wp","href":"https:\/\/api.w.org\/{rel}","templated":true}]}}