{"id":314028,"date":"2026-01-19T21:52:12","date_gmt":"2026-01-19T21:52:12","guid":{"rendered":"https:\/\/www.europesays.com\/it\/314028\/"},"modified":"2026-01-19T21:52:12","modified_gmt":"2026-01-19T21:52:12","slug":"perche-lai-fa-piu-paura-dei-dazi-alle-aziende-italiane-il-sondaggio-tra-i-top-manager-a-davos","status":"publish","type":"post","link":"https:\/\/www.europesays.com\/it\/314028\/","title":{"rendered":"Perch\u00e9 l\u2019AI fa pi\u00f9 paura dei dazi alle aziende italiane: il sondaggio tra i top manager a Davos"},"content":{"rendered":"<p>    di<br \/>\n    Giuliana Ferraino, inviata a Davos<\/p>\n<p class=\"summary-art is-line-h-12 is-mr-t-20\">Secondo la 29\u00aa Ceo Survey di PwC, i ceo italiani ottimisti su economia e ricavi, pi\u00f9 della media globale. Ma solo il 12% dei ceo che adottano l\u2019AI in modo strutturato registra benefici sia sui costi sia sui ricavi<\/p>\n<p class=\"chapter-paragraph\">All\u2019inizio del 2026 i top manager italiani guardano avanti con un cauto ottimismo, ma sanno che la partita della competitivit\u00e0 si gioca su un terreno sempre pi\u00f9 stretto: tecnologia, competenze e capacit\u00e0 di esecuzione. \u00c8 il quadro che emerge dalla 29\u00aa <b>Global &amp; Italian Ceo Survey di PwC<\/b>, presentata a Davos e basata su 4.454 amministratori delegati in 95 Paesi, di cui 118 in Italia.<\/p>\n<p class=\"chapter-paragraph\">La fiducia nella crescita economica globale resta solida: <b>il 62% dei ceo italiani prevede un\u2019espansione dell\u2019economia mondiale<\/b> nei prossimi dodici mesi, in linea con il 61% globale. Un dato che segna un miglioramento netto rispetto al 2023 e conferma una tendenza positiva ormai consolidata. Pi\u00f9 prudente lo sguardo sull\u2019economia nazionale: <b>solo il 49% dei vertici italiani si attende una crescita del Pil domestico<\/b>, segnale di un contesto interno percepito come pi\u00f9 fragile e strutturalmente complesso    &#13;<br \/>\n&#13;<br \/>\n&#13;<br \/>\n&#13;<br \/>\n&#13;<br \/>\n&#13;<br \/>\n&#13;<br \/>\n&#13;<br \/>\n&#13;<br \/>\n&#13;<br \/>\n&#13;<br \/>\n&#13;<br \/>\n&#13;<br \/>\n&#13;<br \/>\n&#13;<br \/>\n&#13;<br \/>\n&#13;<br \/>\n&#13;<br \/>\n&#13;<br \/>\n&#13;<br \/>\n&#13;<br \/>\n&#13;<br \/>\n&#13;<br \/>\n&#13;<br \/>\n&#13;<br \/>\n&#13;<br \/>\n&#13;<br \/>\n&#13;<br \/>\n&#13;<br \/>\n&#13;<br \/>\n&#13;<br \/>\n&#13;<br \/>\n&#13;<br \/>\n&#13;<br \/>\n&#13;<br \/>\n&#13;<br \/>\n&#13;<br \/>\n&#13;<br \/>\n&#13;<br \/>\n&#13;<br \/>\n&#13;<br \/>\n&#13;<br \/>\n&#13;<br \/>\n&#13;<br \/>\n&#13;<br \/>\n&#13;<br \/>\n&#13;<br \/>\n&#13;<br \/>\n&#13;<br \/>\n&#13;<br \/>\n&#13;<br \/>\n&#13;<br \/>\n&#13;\n<\/p>\n<p class=\"chapter-paragraph\">Nonostante questo, le imprese italiane mostrano una fiducia superiore alla media mondiale sulla propria capacit\u00e0 di crescere. Il 35% dei ceo italiani si dice molto o estremamente fiducioso sull\u2019aumento dei ricavi nel breve termine, contro il 30% globale; su un orizzonte di tre anni la quota sale al 53%, rispetto al 49% del campione internazionale.\u00a0A sostenere queste aspettative ci sono risultati concreti: <b>negli ultimi dodici mesi il fatturato medio delle aziende italiane \u00e8 cresciuto del 10%, pi\u00f9 dell\u20198% globale<\/b>, mentre il margine netto \u00e8 aumentato dell\u20198%, a fronte di un +10% mondiale.<\/p>\n<p class=\"chapter-paragraph\">Ma l\u2019ottimismo convive con una consapevolezza diffusa dei rischi. Circa un terzo dei ceo, in Italia come nel resto del mondo, afferma che<b> l\u2019incertezza geopolitica ha gi\u00e0 ridotto la probabilit\u00e0 di investimenti significativi.<\/b> Eppure, le contromisure restano limitate: <b>poco pi\u00f9 della met\u00e0 prevede un rafforzamento delle difese informatiche<\/b>, mentre solo il 23% dei ceo italiani valuta una riconfigurazione della supply chain, pur sopra il 18% globale.<\/p>\n<p class=\"chapter-paragraph\">Ancora pi\u00f9 marginali le strategie di uscita da mercati rischiosi, di riduzione della dipendenza da partner tecnologici o di ristrutturazione fiscale, prese in considerazione da una minoranza compresa tra il 6% e il 15% in Italia <br \/>Il profilo delle minacce percepite dai ceo italiani si discosta in modo significativo da quello globale. Se nel mondo dominano rischi informatici e volatilit\u00e0 macroeconomica (entrambi al 31%), <b>in Italia la preoccupazione si concentra sul cambiamento tecnologico, sui dazi, sulla cybersecurity, sull\u2019inflazione e sulla scarsit\u00e0 di lavoratori qualificati<\/b>, ciascuno citato dal 20-25% degli intervistati. Colpisce invece il minor peso attribuito ai conflitti geopolitici: solo il 13% dei ceo italiani si dichiara fortemente o estremamente esposto, contro il 23% a livello globale.<\/p>\n<p class=\"chapter-paragraph\">Sul fronte dei dazi, l\u2019impatto appare per ora gestibile. <b>Il 65% dei ceo italiani non rileva effetti significativi sui conti aziendali,<\/b> una quota superiore alla media mondiale del 60%. Il 22% segnala una compressione dei margini netti, comunque inferiore al 29% globale e lontana dai livelli registrati in economie pi\u00f9 esposte come Cina e Canada.<\/p>\n<p class=\"chapter-paragraph\">La vera linea di frattura, per\u00f2, passa dall\u2019intelligenza artificiale. <b>La trasformazione digitale \u00e8 la priorit\u00e0 numero uno per il 53% dei ceo italiani,<\/b> ben oltre il 42% globale. Tuttavia, l\u2019Italia sconta un ritardo strutturale nell\u2019adozione dell\u2019AI, che PwC definisce prima di tutto culturale. In tutti gli ambiti analizzati \u2013 dall\u2019attrazione della domanda allo sviluppo di prodotti e servizi, fino alla definizione della strategia \u2013 la quota di aziende italiane con una scarsa o nulla implementazione dell\u2019AI supera sistematicamente quella globale. Il dato pi\u00f9 critico riguarda la direzione strategica:<b> il 68% delle imprese italiane non integra ancora l\u2019AI, contro il 53% del resto del mondo.<\/b><\/p>\n<p class=\"chapter-paragraph\">Le difficolt\u00e0 non sono solo tecnologiche. <b>Il 27% dei ceo italiani ammette l\u2019assenza di una cultura aziendale favorevole all\u2019AI,<\/b> a fronte del 9% globale. Il 40% non dispone di una roadmap chiara, quasi il doppio della media internazionale, e<b> il 43% giudica insufficienti gli investimenti per raggiungere gli obiettivi prefissati<\/b>. A questo si aggiunge un uso frammentato degli strumenti: il 63% delle aziende italiane utilizza soluzioni di AI che non hanno accesso strutturato ai dati e ai documenti interni, limitandone l\u2019impatto trasformativo.<\/p>\n<p class=\"chapter-paragraph\">Non sorprende quindi che, a livello globale, <b>solo il 12% dei ceo che adottano l\u2019AI in modo strutturato registri benefici sia sui costi sia sui ricavi<\/b>. La maggioranza vede effetti parziali o nessun impatto misurabile. Dove l\u2019AI funziona davvero, sottolinea PwC, \u00e8 perch\u00e9 poggia su fondamenta solide: governance, infrastrutture e competenze.\u00a0<\/p>\n<p class=\"chapter-paragraph\">Un\u2019altra analisi del gruppo mostra che le aziende che applicano l\u2019AI su larga scala ottengono <b>margini superiori di quasi quattro punti percentuali rispetto a chi resta indietro<\/b><\/p>\n<p class=\"chapter-paragraph\">In questo contesto, reinventarsi diventa una necessit\u00e0.<b> Il 50% dei ceo italiani ha iniziato a competere in nuovi settori negli ultimi cinque anni,<\/b> contro il 42% globale, e il 62% afferma che almeno il 10% del fatturato deriva da queste nuove attivit\u00e0. I settori preferiti in Italia sono<b> i servizi alle imprese, le assicurazioni, le costruzioni e l\u2019aerospazio-difes<\/b>a, mentre a livello globale prevale la tecnologia. Ma il vantaggio resta fragile: solo il 43% dei ceo italiani si ritiene pi\u00f9 veloce dei concorrenti nel portare innovazioni sul mercato e oltre la met\u00e0 giudica la performance complessiva inferiore alle aspettative.<\/p>\n<p class=\"chapter-paragraph\">Insomma, ottimismo a parte, senza un\u2019accelerazione decisa su competenze, dati e intelligenza artificiale, il rischio \u00e8 che la fiducia dei ceo italiani resti sospesa, incapace di tradursi in un vantaggio competitivo duraturo.<\/p>\n<p><a href=\"https:\/\/www.corriere.it\/app-economia\/?intcmp=DL-app_nd_011024_corriere_ss_conomia\" target=\"_blank\" class=\"bck-app-banner\" rel=\"nofollow noopener\"><img decoding=\"async\" class=\"bck-app-img\" src=\"https:\/\/www.europesays.com\/it\/wp-content\/uploads\/2025\/08\/1756449670_863_app.png\"\/><\/p>\n<p>Nuova app <strong>L&#8217;Economia<\/strong>. News, approfondimenti e l&#8217;assistente virtuale al tuo servizio.<\/p>\n<p>SCARICA L&#8217; APP<\/p>\n<p><img decoding=\"async\" src=\"https:\/\/www.europesays.com\/it\/wp-content\/uploads\/2025\/07\/eco.png\"\/><\/a><\/p>\n<p>Iscriviti alle <a href=\"https:\/\/www.corriere.it\/newsletter\/?theme=4\" rel=\"nofollow noopener\" target=\"_blank\">newsletter de L&#8217;Economia<\/a>. Analisi e commenti sui principali avvenimenti\u00a0economici a cura delle firme del Corriere.<\/p>\n<p class=\"is-last-update\" datetime=\"2026-01-19T19:18:39+01:00\">19 gennaio 2026<\/p>\n<p class=\"is-copyright\">\n            \u00a9 RIPRODUZIONE RISERVATA\n        <\/p>\n","protected":false},"excerpt":{"rendered":"di Giuliana Ferraino, inviata a Davos Secondo la 29\u00aa Ceo Survey di PwC, i ceo italiani ottimisti su&hellip;\n","protected":false},"author":3,"featured_media":314029,"comment_status":"","ping_status":"","sticky":false,"template":"","format":"standard","meta":{"footnotes":"","_share_on_mastodon":"0"},"categories":[172],"tags":[184194,184195,178,868,666,9707,5609,11282,4217,184196,184197,177,1039,1423,184198,184199,184192,184200,184201,10325,879,3524,184202,1307,728,1277,163600,3706,4418,184,2096,15556,9885,3593,18821,1346,133825,4183,184203,184204,184205,1390,3709,15185,5596,667,668,832,5430,1537,90,4946,627,89,4781,6110,85006,2947,13113,793,1353,9877,184193,9609,1434,3516,1270,158084],"class_list":["post-314028","post","type-post","status-publish","format-standard","has-post-thumbnail","category-affari","tag-adottano","tag-adottano-strutturato","tag-affari","tag-afferma","tag-artificiale","tag-aspettative","tag-aziende","tag-aziende-italiane","tag-benefici","tag-benefici-costi","tag-benefici-costi-ricavi","tag-business","tag-capacita","tag-ceo","tag-ceo-adottano","tag-ceo-adottano-strutturato","tag-ceo-italiani","tag-ceo-survey","tag-ceo-survey-pwc","tag-competenze","tag-contesto","tag-costi","tag-costi-ricavi","tag-crescita","tag-dati","tag-dato","tag-davos","tag-dazi","tag-dodici","tag-economia","tag-effetti","tag-estremamente","tag-fatturato","tag-fiducia","tag-fragile","tag-fronte","tag-giudica","tag-globale","tag-globale-ceo","tag-globale-ceo-adottano","tag-globale-dato","tag-impatto","tag-imprese","tag-imprese-italiane","tag-inferiore","tag-intelligenza","tag-intelligenza-artificiale","tag-internazionale","tag-investimenti","tag-it","tag-italia","tag-italiane","tag-italiani","tag-italy","tag-linea","tag-livello","tag-livello-globale","tag-manager","tag-margini","tag-media","tag-mondiale","tag-ottimismo","tag-pwc","tag-quota","tag-resta","tag-ricavi","tag-rispetto","tag-strutturato"],"share_on_mastodon":{"url":"","error":"Validation failed: Text character limit of 500 exceeded"},"_links":{"self":[{"href":"https:\/\/www.europesays.com\/it\/wp-json\/wp\/v2\/posts\/314028","targetHints":{"allow":["GET"]}}],"collection":[{"href":"https:\/\/www.europesays.com\/it\/wp-json\/wp\/v2\/posts"}],"about":[{"href":"https:\/\/www.europesays.com\/it\/wp-json\/wp\/v2\/types\/post"}],"author":[{"embeddable":true,"href":"https:\/\/www.europesays.com\/it\/wp-json\/wp\/v2\/users\/3"}],"replies":[{"embeddable":true,"href":"https:\/\/www.europesays.com\/it\/wp-json\/wp\/v2\/comments?post=314028"}],"version-history":[{"count":0,"href":"https:\/\/www.europesays.com\/it\/wp-json\/wp\/v2\/posts\/314028\/revisions"}],"wp:featuredmedia":[{"embeddable":true,"href":"https:\/\/www.europesays.com\/it\/wp-json\/wp\/v2\/media\/314029"}],"wp:attachment":[{"href":"https:\/\/www.europesays.com\/it\/wp-json\/wp\/v2\/media?parent=314028"}],"wp:term":[{"taxonomy":"category","embeddable":true,"href":"https:\/\/www.europesays.com\/it\/wp-json\/wp\/v2\/categories?post=314028"},{"taxonomy":"post_tag","embeddable":true,"href":"https:\/\/www.europesays.com\/it\/wp-json\/wp\/v2\/tags?post=314028"}],"curies":[{"name":"wp","href":"https:\/\/api.w.org\/{rel}","templated":true}]}}