{"id":314082,"date":"2026-01-19T22:39:13","date_gmt":"2026-01-19T22:39:13","guid":{"rendered":"https:\/\/www.europesays.com\/it\/314082\/"},"modified":"2026-01-19T22:39:13","modified_gmt":"2026-01-19T22:39:13","slug":"valentina-lascia-amici-25-proposta-di-maria-de-filippi-video","status":"publish","type":"post","link":"https:\/\/www.europesays.com\/it\/314082\/","title":{"rendered":"Valentina lascia Amici 25? Proposta di Maria De Filippi (video)"},"content":{"rendered":"<p data-journey-content=\"true\" data-node-id=\"1\" class=\"css-6wxqfj emevuu60\">Non c&#8217;\u00e8 dubbio che l&#8217;edizione numero 25 di <a href=\"https:\/\/www.cosmopolitan.com\/it\/star\/televisione\/a69953248\/gabriele-esposito-amici-storia-elodie-carriera-andrea-pappalettera\/\" target=\"_blank\" data-vars-ga-outbound-link=\"https:\/\/www.cosmopolitan.com\/it\/star\/televisione\/a69953248\/gabriele-esposito-amici-storia-elodie-carriera-andrea-pappalettera\/\" data-vars-ga-ux-element=\"Hyperlink\" data-vars-ga-call-to-action=\"Amici\" data-node-id=\"1.1.0\" class=\"body-link css-103hk4r emevuu60\" rel=\"nofollow noopener\">Amici<\/a> sar\u00e0 a lungo ricordata come quella dei ritiri e delle crisi personali degli allievi, che mai come stavolta hanno iniziato a manifestare il loro malessere all&#8217;interno della casetta e tra le aule della scuola di spettacolo di<strong data-node-id=\"1.3\"> Canale 5<\/strong>. L&#8217;ultima (ma forse solo in ordine di tempo? Chiss\u00e0&#8230;) della lista \u00e8 stata la cantante <a href=\"https:\/\/www.cosmopolitan.com\/it\/moda\/tendenze\/a69726831\/gonna-pantalone-inverno-2025-valentina-amici\/\" target=\"_blank\" data-vars-ga-outbound-link=\"https:\/\/www.cosmopolitan.com\/it\/moda\/tendenze\/a69726831\/gonna-pantalone-inverno-2025-valentina-amici\/\" data-vars-ga-ux-element=\"Hyperlink\" data-vars-ga-call-to-action=\"Valentina Pesaresi\" data-node-id=\"1.5\" class=\"body-link css-103hk4r emevuu60\" rel=\"nofollow noopener\">Valentina Pesaresi<\/a>, che nel Day time trasmesso quest&#8217;oggi (19 gennaio) ha preso una decisione piuttosto drastica, ma soprattutto inedita per la storia del talent.<\/p>\n<p>Valentina lascia la scuola di Amici 25&#8230; per una sola settimana!<\/p>\n<p data-journey-content=\"true\" data-node-id=\"8\" class=\"css-6wxqfj emevuu60\"><a href=\"https:\/\/www.whatsapp.com\/channel\/0029VbBlLnBFSAsylQMSWv2M\" target=\"_blank\" data-vars-ga-outbound-link=\"https:\/\/www.whatsapp.com\/channel\/0029VbBlLnBFSAsylQMSWv2M\" data-vars-ga-call-to-action=\"Iscriviti al canale Whatsapp di Cosmopolitan Italia\" rel=\"nofollow noopener\" data-vars-ga-ux-element=\"Hyperlink\" data-node-id=\"8.0\" class=\"body-btn-link css-18z7m7k emevuu60\">Iscriviti al canale Whatsapp di Cosmopolitan Italia<\/a><\/p>\n<p data-journey-content=\"true\" data-node-id=\"10\" class=\"css-6wxqfj emevuu60\">Nonostante il suo percorso ad <strong data-node-id=\"10.1.0\">Amici<\/strong> fosse iniziato in modo positivo, negli ultimi tempi <strong data-node-id=\"10.3\">Valentina<\/strong> si \u00e8 spesso trovata in fondo alla classifica di gradimento, un posizionamento che l&#8217;ha molto demoralizzata e portata a delle serie riflessioni sul suo futuro nel programma. <strong data-node-id=\"10.5\">Valentina<\/strong> si \u00e8 cos\u00ec confrontata con il suo prof, <a href=\"https:\/\/www.cosmopolitan.com\/it\/star\/televisione\/a40005564\/rudy-zerbi-prof-di-canto-di-amici-biografia-curiosita\/\" target=\"_blank\" data-vars-ga-outbound-link=\"https:\/\/www.cosmopolitan.com\/it\/star\/televisione\/a40005564\/rudy-zerbi-prof-di-canto-di-amici-biografia-curiosita\/\" data-vars-ga-ux-element=\"Hyperlink\" data-vars-ga-call-to-action=\"Rudy Zerbi\" data-node-id=\"10.7\" class=\"body-link css-103hk4r emevuu60\" rel=\"nofollow noopener\">Rudy Zerbi<\/a>, in aula, esprimendo i suoi dubbi in modo chiaro: \u00abNon so se voglio fare questo, non so se sono adatta\u00bb. Di fronte a queste parole, <strong data-node-id=\"10.9\">Maria De Filippi<\/strong> ha voluto parlare con lei, facendole una proposta per molti versi inattesa: la conduttrice l&#8217;ha invitata &#8211; se l&#8217;avesse ritenuto necessario &#8211; a tornare a casa per una settimana, in modo tale da schiarirsi le idee. Non era mai successo prima d&#8217;ora che ad una concorrente del talent venisse proposta un&#8217;opportunit\u00e0 del genere.<\/p>\n<p data-journey-content=\"true\" data-node-id=\"15\" class=\"css-6wxqfj emevuu60\">Travolta da una pesante tempesta emotiva, <strong data-node-id=\"15.1\">Valentina<\/strong> si \u00e8 poi sfogata con i suoi compagni, scoppiando in lacrime e sottolineando di non essere pi\u00f9 sicura di voler fare la cantante. Parole forti, senza dubbio, che hanno messo in luce una fragilit\u00e0 profonda che fino ad oggi ancora non era emersa.<\/p>\n<p data-journey-content=\"true\" data-node-id=\"18\" class=\"css-6wxqfj emevuu60\">La sua decisione finale, per il suo bene, \u00e8 stata assecondare il consiglio di <strong data-node-id=\"18.1\">Maria De Filippi<\/strong> e di fare i bagagli: l&#8217;artista ha cos\u00ec scelto di uscire di scena per pochi giorni, necessari per\u00f2 per comprendere di che cosa ha realmente bisogno a livello professionale.<\/p>\n<p>Un inedito sbagliato?<\/p>\n<p data-journey-content=\"true\" data-node-id=\"22\" class=\"css-6wxqfj emevuu60\">A complicare ulteriormente la posizione della concorrente c&#8217;\u00e8 anche la pubblicazione di un nuovo inedito che, purtroppo, non \u00e8 riuscito a mettere in luce le sue reali capacit\u00e0, vocali e interpretative. Su <strong data-node-id=\"22.1.0\">Cosmopolitan<\/strong> <a href=\"https:\/\/www.cosmopolitan.com\/it\/star\/televisione\/a70037643\/amici-25-pagelle-inediti-di-canto\/\" target=\"_blank\" rel=\"nofollow noopener\" data-vars-ga-outbound-link=\"https:\/\/www.cosmopolitan.com\/it\/star\/televisione\/a70037643\/amici-25-pagelle-inediti-di-canto\/\" data-vars-ga-ux-element=\"Hyperlink\" data-vars-ga-call-to-action=\"ve ne abbiamo parlato in questa occasione\" data-node-id=\"22.3\" class=\"body-link css-103hk4r emevuu60\">ve ne abbiamo parlato in questa occasione<\/a>: &#8220;<strong data-node-id=\"22.5.0\">Catene<\/strong>&#8221; \u00e8 un pezzo pop forse troppo leggero che non la valorizza come dovrebbe, e che in una futura gara di pezzi inediti potrebbe facilmente essere oscurato dai brani dei colleghi <strong data-node-id=\"22.7\">Gard<\/strong> e <strong data-node-id=\"22.9\">Plasma<\/strong>.<\/p>\n<p data-journey-content=\"true\" data-node-id=\"24\" class=\"css-6wxqfj emevuu60\">Insomma, le prospettive per <strong data-node-id=\"24.1\">Valentina<\/strong> non sono certo delle migliori, ma per avere la certezza di come andr\u00e0 a finire e se riuscir\u00e0 a proseguire nel suo percorso dovremmo attendere ancora un po&#8217;.<\/p>\n<p>Lo stile di Valentina di Amici<\/p>\n","protected":false},"excerpt":{"rendered":"Non c&#8217;\u00e8 dubbio che l&#8217;edizione numero 25 di Amici sar\u00e0 a lungo ricordata come quella dei ritiri e&hellip;\n","protected":false},"author":3,"featured_media":314083,"comment_status":"","ping_status":"","sticky":false,"template":"","format":"standard","meta":{"footnotes":"","_share_on_mastodon":"0"},"categories":[1444],"tags":[23037,203,204,1537,90,89,253,7839,184228],"class_list":["post-314082","post","type-post","status-publish","format-standard","has-post-thumbnail","category-tv","tag-cos","tag-entertainment","tag-intrattenimento","tag-it","tag-italia","tag-italy","tag-tv","tag-valentina","tag-valentina-amici-25"],"share_on_mastodon":{"url":"https:\/\/pubeurope.com\/@it\/115924170392005459","error":""},"_links":{"self":[{"href":"https:\/\/www.europesays.com\/it\/wp-json\/wp\/v2\/posts\/314082","targetHints":{"allow":["GET"]}}],"collection":[{"href":"https:\/\/www.europesays.com\/it\/wp-json\/wp\/v2\/posts"}],"about":[{"href":"https:\/\/www.europesays.com\/it\/wp-json\/wp\/v2\/types\/post"}],"author":[{"embeddable":true,"href":"https:\/\/www.europesays.com\/it\/wp-json\/wp\/v2\/users\/3"}],"replies":[{"embeddable":true,"href":"https:\/\/www.europesays.com\/it\/wp-json\/wp\/v2\/comments?post=314082"}],"version-history":[{"count":0,"href":"https:\/\/www.europesays.com\/it\/wp-json\/wp\/v2\/posts\/314082\/revisions"}],"wp:featuredmedia":[{"embeddable":true,"href":"https:\/\/www.europesays.com\/it\/wp-json\/wp\/v2\/media\/314083"}],"wp:attachment":[{"href":"https:\/\/www.europesays.com\/it\/wp-json\/wp\/v2\/media?parent=314082"}],"wp:term":[{"taxonomy":"category","embeddable":true,"href":"https:\/\/www.europesays.com\/it\/wp-json\/wp\/v2\/categories?post=314082"},{"taxonomy":"post_tag","embeddable":true,"href":"https:\/\/www.europesays.com\/it\/wp-json\/wp\/v2\/tags?post=314082"}],"curies":[{"name":"wp","href":"https:\/\/api.w.org\/{rel}","templated":true}]}}