{"id":314332,"date":"2026-01-20T02:34:14","date_gmt":"2026-01-20T02:34:14","guid":{"rendered":"https:\/\/www.europesays.com\/it\/314332\/"},"modified":"2026-01-20T02:34:14","modified_gmt":"2026-01-20T02:34:14","slug":"voglio-essere-di-nuovo-la-miglior-versione-di-me-stesso","status":"publish","type":"post","link":"https:\/\/www.europesays.com\/it\/314332\/","title":{"rendered":"\u201cVOGLIO ESSERE DI NUOVO LA MIGLIOR VERSIONE DI ME STESSO\u201d"},"content":{"rendered":"<p class=\"MsoNormal\" style=\"text-align: justify;\">Anno nuovo, vita (decisamente) nuova per <b>Dylan Groenewegen<\/b>. Dopo dieci stagioni nel World Tour (sei con la Jumbo-Visma e quattro con la Jayco-AlUla), il velocista olandese ha deciso infatti di scendere di categoria per sposare la causa e diventare il volto di un ProTeam sempre pi\u00f9 in rampa di lancio come la <b>Unibet Rose Rockets <\/b>di Bas Tietema.\n            <\/p>\n<p class=\"MsoNormal\" style=\"text-align: justify;\">Qui, all\u2019interno di un contesto dove negli ultimi tempi l\u2019ambizione \u00e8 cresciuta di pari passo con il budget e la professionalizzazione, il trentaduenne di Amsterdam prover\u00e0 a rilanciarsi dopo un\u2019annata da sole tre vittorie e dodici podi (la peggiore in termini di prolificit\u00e0 dal 2021 a questa parte) facendo, si spera, da traino per le prestazioni di una formazione che, nelle prossime settimane, cercher\u00e0 di aumentare le possibilit\u00e0 (gi\u00e0 concrete) di ricevere un invito per il <b>Tour de France<\/b> del prossimo luglio.<\/p>\n<p class=\"MsoNormal\" style=\"text-align: justify;\">\u201cHo voglia di dimostrare ci\u00f2 che so fare e anche i giovani al mio fianco sono ansiosi di mettersi alla prova. <b>Voglio soprattutto essere di nuovo la versione migliore di me stesso<\/b>. Gli allenamenti mi sembra stiano andando molto bene, ora non resta che trasformarli in buoni risultati\u201d ha dichiarato a Wielerflits Groenewegen, immediatamente messo al centro di un treno gestito in ammiraglia da un esperto in materia come <b>Marcel Kittel<\/b>, ingaggiato quest\u2019inverno dalla Unibet apposta per rendere ancora pi\u00f9 oleati e coesi i movimenti dei compagni che supporteranno l\u2019olandese.<\/p>\n<p class=\"MsoNormal\" style=\"text-align: justify;\">\u201cPer me \u00e8 facile mantenere i contatti con Marcel perch\u00e9 abbiamo un rapporto molto stretto. <b>Ci sentiamo quasi ogni settimana<\/b> per discutere di questioni relative ai materiali, ai meeting che dobbiamo fare o agli allenamenti sulle volate\u201d ha raccontato il sei volte vincitore di tappa alla Grande Boucle non esimendosi dal rivelare anche come l\u2019ex pro\u2019 tedesco stia lavorando con lui.<\/p>\n<p class=\"MsoNormal\" style=\"text-align: justify;\">\u201cMi sfida, ad esempio, <b>mettendo qualcuno sulla mia ruota durante le sessioni di lead-out cos\u00ec che fino nell&#8217;ultimo secondo debba dare qualcosa in pi\u00f9<\/b>. Lo fa solo per stuzzicarmi ma \u00e8 bello e molto stimolante per me\u201d ha spiegato Groenewegen il quale, in occasione del training camp spagnolo di gennaio, \u00e8 entrato inevitabilmente nelle pieghe anche delle aspirazioni della nuova squadra e delle differenze riscontrate con le corazzate dove ha militato in precedenza<\/p>\n<p class=\"MsoNormal\" style=\"text-align: justify;\">\u201cRispetto alla Jayco e alla Visma, qui \u00e8 tutta un&#8217;altra storia. <b>Si stanno facendo passi da gigante, lo si nota ad esempio dal fatto che il numero dei preparatori e dei membri dello staff \u00e8 raddoppiato<\/b>, e alla fine la differenza non \u00e8 enorme. Crescere assieme a tutta una squadra che vuole davvero dimostrare qualcosa la trovo una sfida divertente e motivante. C&#8217;\u00e8 un po&#8217; di pressione, ma va bene cos\u00ec, \u00e8 divertente\u201d.<\/p>\n<p class=\"MsoNormal\" style=\"text-align: justify;\">Groenewegen dunque, corteggiato a lungo da Bas Tietema, Josse Wester e David van der Wiel prima di arrivare al fatidico \u201cs\u00ec\u201d annunciato lo scorso agosto, pare decisamente pronto a raccogliere e a tentar di vincere la scommessa della Unibet, compagine che, al terzo anno da ProTeam, gli consentir\u00e0 di fare abbastanza agevolmente un calendario competitivo e ricco di corse a lui adatte.<\/p>\n<p class=\"MsoNormal\" style=\"text-align: justify;\">\u201cPossiamo scegliere le gare che pi\u00f9 mi si addicono e per me va bene cos\u00ec. <b>Il programma \u00e8 gi\u00e0 definito, indipendentemente dal fatto che parteciperemo o meno al Tour de France.<\/b> Ovviamente sarebbe un peccato non andarci perch\u00e9 \u00e8 la gara pi\u00f9 importante che ci sia ma so, sin da quando ho firmato, che c\u2019\u00e8 questa possibilit\u00e0 quindi, se alla fine saremo invitati, sar\u00e0 la ciliegina sulla torta. Al momento dobbiamo ancora aspettare di vedere se ci sar\u00e0 data una wildcard e, nel frattempo, l\u2019unica cosa che possiamo fare \u00e8 <b>dare il meglio di noi stessi e sperare di ottenere delle vittorie<\/b>\u201d.<\/p>\n<p class=\"MsoNormal\" style=\"text-align: justify;\">Con questo piglio, Groenewegen si schierer\u00e0 al via di <b>Cl\u00e0ssica Communitat Valenciana, Trofeo Palma, Etoile de Besseges, \u00a0Cl\u00e1sica de Almer\u00eda, Kuurne-Brussel-Kuurne, GP Monser\u00e9, Ronde van Brugge, Scheldeprijs, Tour of Hellas <\/b>e<b> 4 Jours de Dunkerque<\/b>, lasciandosi per\u00f2 la possibilit\u00e0 e lo spazio, in base agli inviti che arriveranno, di inserire qui e l\u00ec appuntamenti di pi\u00f9 alto calibro.<\/p>\n","protected":false},"excerpt":{"rendered":"Anno nuovo, vita (decisamente) nuova per Dylan Groenewegen. Dopo dieci stagioni nel World Tour (sei con la Jumbo-Visma&hellip;\n","protected":false},"author":3,"featured_media":314333,"comment_status":"","ping_status":"","sticky":false,"template":"","format":"standard","meta":{"footnotes":"","_share_on_mastodon":"0"},"categories":[1456],"tags":[1824,1825,184337,1537,90,89,136247,245,244,184338,109260],"class_list":["post-314332","post","type-post","status-publish","format-standard","has-post-thumbnail","category-ciclismo","tag-ciclismo","tag-cycling","tag-groenewegen","tag-it","tag-italia","tag-italy","tag-kittel","tag-sport","tag-sports","tag-tietema","tag-unibet-rose-rockets"],"share_on_mastodon":{"url":"https:\/\/pubeurope.com\/@it\/115925094417825769","error":""},"_links":{"self":[{"href":"https:\/\/www.europesays.com\/it\/wp-json\/wp\/v2\/posts\/314332","targetHints":{"allow":["GET"]}}],"collection":[{"href":"https:\/\/www.europesays.com\/it\/wp-json\/wp\/v2\/posts"}],"about":[{"href":"https:\/\/www.europesays.com\/it\/wp-json\/wp\/v2\/types\/post"}],"author":[{"embeddable":true,"href":"https:\/\/www.europesays.com\/it\/wp-json\/wp\/v2\/users\/3"}],"replies":[{"embeddable":true,"href":"https:\/\/www.europesays.com\/it\/wp-json\/wp\/v2\/comments?post=314332"}],"version-history":[{"count":0,"href":"https:\/\/www.europesays.com\/it\/wp-json\/wp\/v2\/posts\/314332\/revisions"}],"wp:featuredmedia":[{"embeddable":true,"href":"https:\/\/www.europesays.com\/it\/wp-json\/wp\/v2\/media\/314333"}],"wp:attachment":[{"href":"https:\/\/www.europesays.com\/it\/wp-json\/wp\/v2\/media?parent=314332"}],"wp:term":[{"taxonomy":"category","embeddable":true,"href":"https:\/\/www.europesays.com\/it\/wp-json\/wp\/v2\/categories?post=314332"},{"taxonomy":"post_tag","embeddable":true,"href":"https:\/\/www.europesays.com\/it\/wp-json\/wp\/v2\/tags?post=314332"}],"curies":[{"name":"wp","href":"https:\/\/api.w.org\/{rel}","templated":true}]}}