{"id":315012,"date":"2026-01-20T13:26:13","date_gmt":"2026-01-20T13:26:13","guid":{"rendered":"https:\/\/www.europesays.com\/it\/315012\/"},"modified":"2026-01-20T13:26:13","modified_gmt":"2026-01-20T13:26:13","slug":"calciomercato-juve-mateta-aspetta-ma-avanza-en-nesyri","status":"publish","type":"post","link":"https:\/\/www.europesays.com\/it\/315012\/","title":{"rendered":"Calciomercato Juve, Mateta aspetta, ma avanza En Nesyri"},"content":{"rendered":"<p>                                Gli inglesi chiedono 40 milioni per il centravanti francese e c&#8217;\u00e8 pure il nodo delle commissioni per gli agenti. Per il marocchino, invece, la trattativa sarebbe pi\u00f9 semplice<\/p>\n<p>            <a class=\"image is-50x50\" href=\"https:\/\/www.gazzetta.it\/redazione\/fabio-russo\/\" rel=\"nofollow noopener\" target=\"_blank\"><br \/>\n                <img decoding=\"async\" class=\"is-rounded\" src=\"https:\/\/www.europesays.com\/it\/wp-content\/uploads\/2025\/11\/fabio_russo_avatar.png\" alt=\"Fabio Russo\"\/><br \/>\n            <\/a><\/p>\n<p>Giornalista<\/p>\n<p>                    20 gennaio 2026 (modifica alle 12:34)  &#8211; MILANO<\/p>\n<p class=\"paragraph\" spellcheck=\"true\">Jean-Philippe Mateta aspetta la Juve, ma con il passare dei giorni l&#8217;affare si complica. Cos\u00ec, avanza forte la candidatura di\u00a0Youssef En-Nesyri. La Juve continua a sondare il mercato alla ricerca di un centravanti da regalare a Spalletti, ma deve fare i conti <a href=\"https:\/\/www.gazzetta.it\/Calcio\/Calciomercato\/Juventus\/18-01-2026\/mercato-juventus-le-condizioni-per-prendere-mateta.shtml?refresh_ce\" rel=\"nofollow noopener\" target=\"_blank\">con le alte richieste del Crystal Palace e degli agenti del francese<\/a>. Ecco perch\u00e9, nelle ultime ore, i dirigenti bianconeri hanno iniziato a virare le proprie attenzioni sul marocchino del Fenerbahce: non il preferito, ma un affare che potrebbe concretizzarsi a condizioni pi\u00f9 semplici.<\/p>\n<p>    mateta-juve, la situazione\u2014 \u00a0<\/p>\n<p class=\"paragraph\" spellcheck=\"true\">La trattativa tra la Juve e il Crystal Palace \u00e8 ferma all&#8217;ultima offerta del club bianconero, forte dell&#8217;accordo gi\u00e0 raggiunto col giocatore, di un prestito con riscatto obbligatorio in caso d&#8217;Europa per complessivi oltre 30 milioni pi\u00f9 bonus. Gli inglesi, al momento, non si schiodano dalla richiesta di 40 milioni, anche perch\u00e9 in questa sessione di mercato hanno gi\u00e0 ceduto Marc Guehi al Manchester City per 20 e quindi non hanno necessit\u00e0 di fare cassa. In pi\u00f9, resta il nodo delle ricche commissioni richieste dagli agenti dell&#8217;attaccante francese alla Juve. Mateta \u00e8 disposto ad attendere i bianconeri, ma, in questa fase di stallo, En-Nesyri sta guadagnando posizioni.<\/p>\n<p><a class=\"is-partner-link\" href=\"https:\/\/abbonamenti.gazzetta.it\/calciatori-panini-2025\/?pwcmp_promo_panini_cta&amp;forceBrowser=true\" rel=\"nofollow noopener\" target=\"_blank\">Gazzetta digital + Box Panini + Album a soli 80\u20ac, il modo pi\u00f9 veloce e conveniente per completare la collezione!<\/a><\/p>\n<p>    juve, obiettivo en-nesyri per l&#8217;attacco\u2014 \u00a0<\/p>\n<p class=\"paragraph\" spellcheck=\"true\">L&#8217;attaccante marocchino, che Mourinho aveva portato in Turchia nel\u00a0 2024 per 19,5 milioni dal Siviglia, ha perso spazio al Fenerbahce per l&#8217;arrivo di John Duran nell&#8217;estate scorsa e cerca un club dove giocare con continuit\u00e0 per disputare i Mondiali con la sua nazionale. Il club turco ha meno pretese rispetto al Crystal Palace, perch\u00e9 sarebbe disposto a cedere il centravanti anche in prestito con diritto di riscatto, con ingaggio (4 milioni netti da qui a fine stagione) a carico della societ\u00e0 acquirente. Su En-Nesyri, per\u00f2, c&#8217;\u00e8 una forte concorrenza (del Napoli su tutte). Ecco perch\u00e9 affrettare i tempi potrebbe facilitare l&#8217;operazione.<\/p>\n<p class=\"is-copyright\">\u00a9 RIPRODUZIONE RISERVATA<\/p>\n","protected":false},"excerpt":{"rendered":"Gli inglesi chiedono 40 milioni per il centravanti francese e c&#8217;\u00e8 pure il nodo delle commissioni per gli&hellip;\n","protected":false},"author":3,"featured_media":315013,"comment_status":"","ping_status":"","sticky":false,"template":"","format":"standard","meta":{"footnotes":"","_share_on_mastodon":"0"},"categories":[1452],"tags":[735,3534,7196,184766,562,18120,585,721,12837,554,3523,22042,22043,35508,144764,1740,3440,3368,1537,90,89,565,24710,100528,144765,13459,1739,245,244],"class_list":["post-315012","post","type-post","status-publish","format-standard","has-post-thumbnail","category-calcio","tag-affare","tag-agenti","tag-aspetta","tag-aspetta-juve","tag-attaccante","tag-avanza","tag-bianconeri","tag-calcio","tag-centravanti","tag-club","tag-commissioni","tag-crystal","tag-crystal-palace","tag-en","tag-en-nesyri","tag-football","tag-forte","tag-francese","tag-it","tag-italia","tag-italy","tag-juve","tag-marocchino","tag-mateta","tag-nesyri","tag-palace","tag-soccer","tag-sport","tag-sports"],"share_on_mastodon":{"url":"https:\/\/pubeurope.com\/@it\/115927658238855436","error":""},"_links":{"self":[{"href":"https:\/\/www.europesays.com\/it\/wp-json\/wp\/v2\/posts\/315012","targetHints":{"allow":["GET"]}}],"collection":[{"href":"https:\/\/www.europesays.com\/it\/wp-json\/wp\/v2\/posts"}],"about":[{"href":"https:\/\/www.europesays.com\/it\/wp-json\/wp\/v2\/types\/post"}],"author":[{"embeddable":true,"href":"https:\/\/www.europesays.com\/it\/wp-json\/wp\/v2\/users\/3"}],"replies":[{"embeddable":true,"href":"https:\/\/www.europesays.com\/it\/wp-json\/wp\/v2\/comments?post=315012"}],"version-history":[{"count":0,"href":"https:\/\/www.europesays.com\/it\/wp-json\/wp\/v2\/posts\/315012\/revisions"}],"wp:featuredmedia":[{"embeddable":true,"href":"https:\/\/www.europesays.com\/it\/wp-json\/wp\/v2\/media\/315013"}],"wp:attachment":[{"href":"https:\/\/www.europesays.com\/it\/wp-json\/wp\/v2\/media?parent=315012"}],"wp:term":[{"taxonomy":"category","embeddable":true,"href":"https:\/\/www.europesays.com\/it\/wp-json\/wp\/v2\/categories?post=315012"},{"taxonomy":"post_tag","embeddable":true,"href":"https:\/\/www.europesays.com\/it\/wp-json\/wp\/v2\/tags?post=315012"}],"curies":[{"name":"wp","href":"https:\/\/api.w.org\/{rel}","templated":true}]}}