{"id":315225,"date":"2026-01-20T16:13:26","date_gmt":"2026-01-20T16:13:26","guid":{"rendered":"https:\/\/www.europesays.com\/it\/315225\/"},"modified":"2026-01-20T16:13:26","modified_gmt":"2026-01-20T16:13:26","slug":"da-noi-a-ruota-libera-ospiti-18-gennaio-mietta-edoardo-leo-e-sergio-friscia","status":"publish","type":"post","link":"https:\/\/www.europesays.com\/it\/315225\/","title":{"rendered":"Da noi\u2026 a Ruota Libera, ospiti 18 gennaio: Mietta, Edoardo Leo e Sergio Friscia"},"content":{"rendered":"<p>                                Nello studio di Francesca Fialdini anche Sergio Friscia: musica, cinema e racconti di rinascita su Rai 1<\/p>\n<p>                    18 gennaio &#8211; 10:52  &#8211; MILANO<\/p>\n<p class=\"paragraph\" spellcheck=\"true\">Nuovo appuntamento con<b> Da noi\u2026 a Ruota Libera<\/b>, il talk della domenica pomeriggio condotto da <b><a href=\"https:\/\/www.gazzetta.it\/tv\/04-01-2026\/da-noi-a-ruota-libera-ospiti-di-domenica-4-gennaio-2026-su-rai-1.shtml?intcmp=hyperlink-articolo-gazit\" rel=\"nofollow noopener\" target=\"_blank\">Francesca Fialdini<\/a><\/b>. La puntata va in onda oggi, domenica 18 gennaio alle <b>17.20<\/b> su <b>Rai 1<\/b> e alterna, come di consueto, le <b>interviste<\/b> ai protagonisti del mondo dello spettacolo alle <b>storie di persone<\/b> comuni che hanno saputo dare una svolta alla propria vita.  Un racconto fatto di cambiamento, resilienza e nuovi inizi, al centro del format fin dalla sua prima edizione.<\/p>\n<p>    Da noi\u2026 a Ruota Libera, ospiti del 18 gennaio\u2014 \u00a0<\/p>\n<p class=\"paragraph\" spellcheck=\"true\">Tra gli ospiti \u201ccelebri\u201d della puntata ci sar\u00e0 <b>Sergio Frisci<\/b>a, attore, comico e conduttore radiofonico siciliano, pronto a raccontarsi tra carriera e vita privata.  Spazio poi alla musica con <b>Mietta<\/b>, interprete di numerosi successi, che ha recentemente pubblicato il nuovo singolo <b>Per avere me<\/b>.  In studio anche <b>Edoardo Leo<\/b>, protagonista al cinema dal 22 gennaio della nuova commedia di <b>Massimiliano Bruno 2 cuori e 2 capanne<\/b>.<\/p>\n<p>    La storia di Vanessa e del cane-guida Pancake\u2014 \u00a0<\/p>\n<p class=\"paragraph\" spellcheck=\"true\">Accanto agli ospiti del mondo dello spettacolo, la puntata dar\u00e0 spazio a una storia di vita intensa e significativa. Francesca Fialdini presenter\u00e0 al pubblico <b>Vanessa Casu<\/b>, <b>trentenne romana<\/b> che ha <b>perso la vista a 19 anni <\/b>e che affronta la sua quotidianit\u00e0 come una continua sfida alla disabilit\u00e0.  Vanessa \u00e8 vicina a conquistare la <b>cintura nera di kick-boxing <\/b>e utilizza i social per smontare con ironia gli <b>stereotipi<\/b> legati alla <b>cecit\u00e0<\/b>, raccontando la propria vita insieme al suo <b>cane<\/b>&#8211;<b>guida<\/b> <b>Pancake<\/b>, diventato parte centrale del suo percorso di autonomia.<\/p>\n<p>    il format\u2014 \u00a0<\/p>\n<p class=\"paragraph\" spellcheck=\"true\">Da noi\u2026 a Ruota Libera \u00e8 un programma di <b>Cristiana Mastropietro, Vincenzo Faccioli Pintozzi, Francesca Fialdini, Ernesto Marra, Elena Martelli e Luciana Matarese<\/b>. \u00c8 realizzato dalla <b>Direzione Intrattenimento<\/b> Day Time in collaborazione con <b>Endemol Shine Italy<\/b>, con la regia di <b>Elisabetta Pierelli<\/b>. Produttrice esecutiva Rai <b>Monica Gallella<\/b>, produttrice esecutiva Endemol Shine Italy Laura Mantelli.<\/p>\n<p class=\"is-above-copyright is-mr-r-10\" spellcheck=\"true\">La Gazzetta dello Sport<\/p>\n<p class=\"is-copyright\">\u00a9 RIPRODUZIONE RISERVATA<\/p>\n","protected":false},"excerpt":{"rendered":"Nello studio di Francesca Fialdini anche Sergio Friscia: musica, cinema e racconti di rinascita su Rai 1 18&hellip;\n","protected":false},"author":3,"featured_media":315226,"comment_status":"","ping_status":"","sticky":false,"template":"","format":"standard","meta":{"footnotes":"","_share_on_mastodon":"0"},"categories":[1443],"tags":[100,184846,184847,640,1112,25904,51075,184848,184849,158406,203,120008,32319,5701,32124,2614,204,1537,90,89,2504,1538,1539,9424,8202,2848,11339,184845,22231],"class_list":["post-315225","post","type-post","status-publish","format-standard","has-post-thumbnail","category-musica","tag-cane","tag-cane-guida","tag-cane-guida-pancake","tag-cinema","tag-domenica","tag-edoardo","tag-edoardo-leo","tag-endemol","tag-endemol-shine","tag-endemol-shine-italy","tag-entertainment","tag-esecutiva","tag-fialdini","tag-francesca","tag-francesca-fialdini","tag-gennaio","tag-intrattenimento","tag-it","tag-italia","tag-italy","tag-libera","tag-music","tag-musica","tag-ospiti","tag-puntata","tag-rai","tag-ruota","tag-ruota-libera","tag-vanessa"],"share_on_mastodon":{"url":"https:\/\/pubeurope.com\/@it\/115928314876756846","error":""},"_links":{"self":[{"href":"https:\/\/www.europesays.com\/it\/wp-json\/wp\/v2\/posts\/315225","targetHints":{"allow":["GET"]}}],"collection":[{"href":"https:\/\/www.europesays.com\/it\/wp-json\/wp\/v2\/posts"}],"about":[{"href":"https:\/\/www.europesays.com\/it\/wp-json\/wp\/v2\/types\/post"}],"author":[{"embeddable":true,"href":"https:\/\/www.europesays.com\/it\/wp-json\/wp\/v2\/users\/3"}],"replies":[{"embeddable":true,"href":"https:\/\/www.europesays.com\/it\/wp-json\/wp\/v2\/comments?post=315225"}],"version-history":[{"count":0,"href":"https:\/\/www.europesays.com\/it\/wp-json\/wp\/v2\/posts\/315225\/revisions"}],"wp:featuredmedia":[{"embeddable":true,"href":"https:\/\/www.europesays.com\/it\/wp-json\/wp\/v2\/media\/315226"}],"wp:attachment":[{"href":"https:\/\/www.europesays.com\/it\/wp-json\/wp\/v2\/media?parent=315225"}],"wp:term":[{"taxonomy":"category","embeddable":true,"href":"https:\/\/www.europesays.com\/it\/wp-json\/wp\/v2\/categories?post=315225"},{"taxonomy":"post_tag","embeddable":true,"href":"https:\/\/www.europesays.com\/it\/wp-json\/wp\/v2\/tags?post=315225"}],"curies":[{"name":"wp","href":"https:\/\/api.w.org\/{rel}","templated":true}]}}