{"id":315546,"date":"2026-01-20T20:47:18","date_gmt":"2026-01-20T20:47:18","guid":{"rendered":"https:\/\/www.europesays.com\/it\/315546\/"},"modified":"2026-01-20T20:47:18","modified_gmt":"2026-01-20T20:47:18","slug":"fino-a-quando-caivano-dovra-essere-metafora-di-inferi","status":"publish","type":"post","link":"https:\/\/www.europesays.com\/it\/315546\/","title":{"rendered":"\u00abFino a quando Caivano dovr\u00e0 essere metafora di Inferi?\u00bb"},"content":{"rendered":"<p>\n                            Ogni giorno le notizie pi\u00f9 lette della giornata<br \/>\n                            <b>Iscriviti<\/b> e ricevi le notizie via email\n                        <\/p>\n<p>La storia della serie TV \u201c<a href=\"https:\/\/www.ilmattino.it\/t\/la-preside\" rel=\"nofollow noopener\" target=\"_blank\">La preside<\/a>\u201d di <a href=\"https:\/\/www.ilmattino.it\/t\/caivano\" rel=\"nofollow noopener\" target=\"_blank\">Caivano<\/a> raccontata su <a href=\"https:\/\/www.ilmattino.it\/t\/rai-1\" rel=\"nofollow noopener\" target=\"_blank\">Rai 1<\/a> \u00e8 una storia di resistenza e di riscatto sociale, ma \u00e8 proprio da questo racconto che il sindaco di <a href=\"https:\/\/www.ilmattino.it\/t\/bacoli\" rel=\"nofollow noopener\" target=\"_blank\">Bacoli<\/a> <a href=\"https:\/\/www.ilmattino.it\/t\/josi-gerardo-della-ragione\" rel=\"nofollow noopener\" target=\"_blank\">Josi Gerardo Della Ragione<\/a> in un lungo post\u00a0Facebook si chiede: \u00ab<strong>Fino a quando<\/strong> la nostra provincia sar\u00e0 raccontata cos\u00ec? Quale disgrazia abbiamo passato, noi napoletani, noi meridionali, per <strong>essere mostrati all\u2019umanit\u00e0<\/strong>, dai Tg alle serie televisive, sempre e solo come<strong> l\u2019inferno del mondo<\/strong>? Con il <strong>solito schema<\/strong>, oramai consolidato: un popolo di trogloditi, di delinquenti, che qualcuno deve <strong>riscattare dal baratro<\/strong>. Gente che non sa parlare, ma urla, gesticola. Madri sottomesse, padri in galera, figli spacciatori. Perch\u00e9 cos\u00ec fa pi\u00f9 scena. In citt\u00e0 brutte, sporche, spente\u00bb.\u00a0<\/p>\n<p>&#13;<\/p>\n<p>APPROFONDIMENTI<\/p>\n<p>&#13;<br \/>\n    &#13;<\/p>\n<p>Il sindaco riconosce il <strong>valore della storia<\/strong>, ma critica il contesto in cui viene inserita: \u201cLo ripeto. \u00c8 bella, molto intensa, la storia della preside coraggio. Ma qualcuno ci dica fino a quando Caivano dovr\u00e0 essere <strong>metafora di Inferi<\/strong>\u00bb.<\/p>\n<p>La denuncia \u00e8 soprattutto rivolta al <strong>racconto stereotipato<\/strong> a cui sembra essere condannato tutto il Mezzogiorno che rischia di essere ridotto sempre e solo ad un <strong>qualcosa da salvare<\/strong>: \u00abQualcuno ci informi quando finir\u00e0 questo <strong>stereotipo diffuso<\/strong> su <a href=\"https:\/\/www.ilmattino.it\/t\/napoli\" rel=\"nofollow noopener\" target=\"_blank\">Napoli<\/a>, sulla nostra amata provincia, sulla <a href=\"https:\/\/www.ilmattino.it\/t\/campania\" rel=\"nofollow noopener\" target=\"_blank\">Campania<\/a>. Diteci quando <strong>non vi dovremmo pi\u00f9 chiedere grazie<\/strong> per l\u2019elemosina, per l\u2019attenzione che ci riservate. Diteci quando potremmo evitare di accogliervi con testa china, e mani plaudenti, quando aprite una palestra o inaugurate la piscina\u00bb\u00a0e continua \u00abQuanto sar\u00e0 bello, invece, quando l\u2019Italia riuscir\u00e0 a <strong>guardare al Sud<\/strong>, non pi\u00f9 come un luogo da salvare. Ma <strong>come una risorsa<\/strong>, un potenziale inespresso, un <strong>motore di energia pulita<\/strong> per l\u2019intera nazione\u00bb.<\/p>\n<p>\u00c8 un invito stanco quello di Della Ragione che chiede semplicemente che venga <strong>raccontata tutta la verit\u00e0<\/strong>, non soltanto <strong>quella che conquista l&#8217;audience<\/strong>. Conclude infatti con \u201cDitecelo voi. Perch\u00e9 noi \u201c<strong>nun ngia facimm chiu<\/strong>&#8220;. Perch\u00e9 noi questo siamo. <strong>Molto pi\u00f9 di \u201cna\u2019 carta sporca<\/strong>\u00bb.\u00a0<\/p>\n","protected":false},"excerpt":{"rendered":"Ogni giorno le notizie pi\u00f9 lette della giornata Iscriviti e ricevi le notizie via email La storia della&hellip;\n","protected":false},"author":3,"featured_media":315547,"comment_status":"","ping_status":"","sticky":false,"template":"","format":"standard","meta":{"footnotes":"","_share_on_mastodon":"0"},"categories":[174],"tags":[203,204,1537,90,89,184997,168827,9100,184998],"class_list":["post-315546","post","type-post","status-publish","format-standard","has-post-thumbnail","category-intrattenimento","tag-entertainment","tag-intrattenimento","tag-it","tag-italia","tag-italy","tag-josi-della-ragione","tag-la-preside","tag-serie-tv","tag-sindaco-di-bacoli"],"share_on_mastodon":{"url":"https:\/\/pubeurope.com\/@it\/115929392396775288","error":""},"_links":{"self":[{"href":"https:\/\/www.europesays.com\/it\/wp-json\/wp\/v2\/posts\/315546","targetHints":{"allow":["GET"]}}],"collection":[{"href":"https:\/\/www.europesays.com\/it\/wp-json\/wp\/v2\/posts"}],"about":[{"href":"https:\/\/www.europesays.com\/it\/wp-json\/wp\/v2\/types\/post"}],"author":[{"embeddable":true,"href":"https:\/\/www.europesays.com\/it\/wp-json\/wp\/v2\/users\/3"}],"replies":[{"embeddable":true,"href":"https:\/\/www.europesays.com\/it\/wp-json\/wp\/v2\/comments?post=315546"}],"version-history":[{"count":0,"href":"https:\/\/www.europesays.com\/it\/wp-json\/wp\/v2\/posts\/315546\/revisions"}],"wp:featuredmedia":[{"embeddable":true,"href":"https:\/\/www.europesays.com\/it\/wp-json\/wp\/v2\/media\/315547"}],"wp:attachment":[{"href":"https:\/\/www.europesays.com\/it\/wp-json\/wp\/v2\/media?parent=315546"}],"wp:term":[{"taxonomy":"category","embeddable":true,"href":"https:\/\/www.europesays.com\/it\/wp-json\/wp\/v2\/categories?post=315546"},{"taxonomy":"post_tag","embeddable":true,"href":"https:\/\/www.europesays.com\/it\/wp-json\/wp\/v2\/tags?post=315546"}],"curies":[{"name":"wp","href":"https:\/\/api.w.org\/{rel}","templated":true}]}}