{"id":316238,"date":"2026-01-21T10:18:08","date_gmt":"2026-01-21T10:18:08","guid":{"rendered":"https:\/\/www.europesays.com\/it\/316238\/"},"modified":"2026-01-21T10:18:08","modified_gmt":"2026-01-21T10:18:08","slug":"pier-paolo-piccioli-valentino-sicuro-brillante-quasi-innocente-al-primo-incontro-arrivai-in-jeans-e-infradito-ma-lui-non-giudicava-mai","status":"publish","type":"post","link":"https:\/\/www.europesays.com\/it\/316238\/","title":{"rendered":"Pier Paolo Piccioli: \u00abValentino? Sicuro, brillante, quasi innocente. Al primo incontro arrivai in jeans e infradito: ma lui non giudicava mai\u00bb"},"content":{"rendered":"<p>    di<br \/>\n    Paola Pollo<\/p>\n<p class=\"summary-art is-line-h-12\">Intervista al creativo che per 20 anni \u00e8 stato al fianco dell&#8217;\u00abimperatore\u00bb: \u00abCercava la perfezione, sempre, ma mi ha insegnato che la precisione assoluta senza umanit\u00e0 non lascia traccia. Mi beavo dei suoi racconti. E abbiamo passato serate a commentare Sanremo\u00bb<\/p>\n<p class=\"chapter-paragraph\"><b>\u00abPosso accettare la tua assenza, ma mai la tua morte<\/b>. La memoria, il ricordo e l\u2019amore rimangono con noi per sempre, e credo che sia cos\u00ec che non abbandoniamo mai veramente chi amiamo\u00bb.\u00a0<\/p>\n<p class=\"chapter-paragraph\">Sono le parole postate sui social da <b>Pier Paolo Piccioli<\/b>, il giorno dell\u2019annuncio della scomparsa di <b>Valentino Garavani<\/b>. <b>Per oltre vent\u2019anni ha lavorato accanto all\u2019\u00abultimo imperatore\u00bb<\/b>. Ora \u00e8 il creativo di Balenciaga, ma non ha dimenticato da chi ha imparato tutto. \u00abHo scritto quello che pensavo. Ci sono mille momenti insieme a lui, ma in queste ore sono state le piccole cose a tornare, e sono poi diventate i grandi insegnamenti. <b>\u00c8 lui che mi ha insegnato che la precisione assoluta senza umanit\u00e0 non lascia traccia<\/b>, mentre <b>un errore plasmato con intelligenza pu\u00f2 diventare stile<\/b>\u00bb.    &#13;<br \/>\n&#13;<br \/>\n&#13;<br \/>\n&#13;<br \/>\n&#13;<br \/>\n&#13;<br \/>\n&#13;<br \/>\n&#13;<br \/>\n&#13;<br \/>\n&#13;<br \/>\n&#13;<br \/>\n&#13;<br \/>\n&#13;<br \/>\n&#13;<br \/>\n&#13;<br \/>\n&#13;<br \/>\n&#13;<br \/>\n&#13;<br \/>\n&#13;<br \/>\n&#13;<br \/>\n&#13;<br \/>\n&#13;<br \/>\n&#13;<br \/>\n&#13;<br \/>\n&#13;<br \/>\n&#13;<br \/>\n&#13;<br \/>\n&#13;<br \/>\n&#13;<br \/>\n&#13;<br \/>\n&#13;<br \/>\n&#13;<br \/>\n&#13;<br \/>\n&#13;<br \/>\n&#13;<br \/>\n&#13;<br \/>\n&#13;<br \/>\n&#13;<br \/>\n&#13;<br \/>\n&#13;<br \/>\n&#13;<br \/>\n&#13;<br \/>\n&#13;<br \/>\n&#13;<br \/>\n&#13;<br \/>\n&#13;<br \/>\n&#13;<br \/>\n&#13;<br \/>\n&#13;<br \/>\n&#13;<br \/>\n&#13;<br \/>\n&#13;<br \/>\n&#13;\n<\/p>\n<p class=\"chapter-paragraph\"><b>Come un film che si riavvolge, veloce.<br \/><\/b>\u00abDalle sue lezioni sui fiocchi alla pi\u00f9 grande: non bisogna piacere a nessuno se non a s\u00e9 stessi. Credere nella propria identit\u00e0 \u00e8 forse l\u2019unico modo per raccontare una storia vera di bellezza\u00bb.<\/p>\n<p class=\"chapter-paragraph\"><b>Bellezza, una parola che Valentino usava sempre.<br \/><\/b>\u00ab\u00c8 sempre stata la sua protezione, il suo scudo. E Giammetti \u00e8 l\u2019uomo che gli ha permesso di crearla. Per questo \u00e8 stata una vera storia d\u2019amore: Giancarlo lo ha lasciato vivere nella bellezza senza essere influenzato dalle cose brutte del mondo\u00bb.<\/p>\n<p class=\"chapter-paragraph\"><b>Aveva 29 anni quando lo conobbe.<br \/><\/b>\u00abMi beavo dei suoi racconti. Venivo da Nettuno e quel mondo lo conoscevo solo dai libri. Ascoltarlo ha trasformato una leggenda in qualcosa di personale. Ricordo soprattutto la pazienza con cui rispondeva alle mie domande durante le prove. Farah Diba, Studio 54, Bianca Jagger, Halston, Nan Kempner: immagini che diventavano vita\u00bb.<\/p>\n<p class=\"chapter-paragraph\"><b>Racconta di serate a commentare Sanremo!<br \/><\/b>\u00abEccome. C\u2019erano sempre discussioni, commenti ironici, osservazioni precisissime. La perfezione in ogni cosa: \u201cle scarpe di pelle non si mettono con l\u2019abito di chiffon\u201d\u00bb.<\/p>\n<p class=\"chapter-paragraph\"><b>Il primo incontro.<br \/><\/b>\u00abNon sapeva che eravamo in due, io e Maria Grazia (Chiuri ndr). Conosceva il nostro lavoro da Fendi, ma non noi. Lui in giacca e cravatta, io in jeans e infradito. Gentile, formale. Io decisamente fuori contesto\u00bb.<\/p>\n<p class=\"chapter-paragraph\"><b>Mai giudicante, sembra di capire.<br \/><\/b>\u00abNon si \u00e8 mai fermato alle apparenze. Era talmente sicuro di s\u00e9 che non aveva bisogno di giudicare gli altri. Riconosceva il bello nelle persone e lo rispettava\u00bb.<\/p>\n<p class=\"chapter-paragraph\"><b>Non ha mai tentato di cambiarla.<br \/><\/b>\u00abEra divertito dalla mia vita diversa dalla sua\u00bb.<\/p>\n<p class=\"chapter-paragraph\"><b>L\u2019emozione pi\u00f9 grande.<br \/><\/b>\u00abNel 2018, alla couture. Lui in prima fila, si alz\u00f2 e mi aspett\u00f2 per abbracciarmi. Una stima vera che mi ha dato sicurezza e luce. Era esigente, soprattutto con s\u00e9 stesso. Quel gesto \u00e8 stato un segno\u00bb.<\/p>\n<p class=\"chapter-paragraph\"><b>Un uomo senza dubbi?<br \/><\/b>\u00abNo. La sua sicurezza lo spingeva alla ricerca della bellezza. Ho passato 25 anni con lui, attraversando momenti di vita e di lavoro. Ricordo quando arrivai in ritardo a uno show perch\u00e9 stava nascendo mia figlia: mi aspettava.\u00a0Lo show del 2022 voleva raccontare proprio quell\u2019incanto\u00bb.<\/p>\n<p class=\"chapter-paragraph\"><b>Dunque, un maestro dell\u2019incanto?<br \/><\/b>\u00abSu un foglio disegnava poche linee e da l\u00ec nasceva tutto. Non c\u2019era nulla, eppure restava addosso. Mi ha insegnato che la moda \u00e8 gioia, anche se profondamente seria\u00bb.<\/p>\n<p class=\"chapter-paragraph\"><b>E le lezioni sui fiocchi?<br \/><\/b>\u00abPer lui nulla era solo un dettaglio. Scolli, spacchi, rossetto sulle labbra delle modelle. La sua ossessione era rendere le donne pi\u00f9 belle, non fare cose per il couturier. La moda era al servizio del corpo\u00bb.<\/p>\n<p class=\"chapter-paragraph\"><b>La sua proverbiale ironia.<br \/><\/b>\u00abInnocente, spontanea, figlia di una ricerca assoluta della bellezza\u00bb.<\/p>\n<p class=\"chapter-paragraph\"><b>Il rapporto con i collaboratori.<br \/><\/b>\u00abEsigente, ma elegante. Ti faceva sentire parte di un progetto comune\u00bb.<\/p>\n<p class=\"chapter-paragraph\"><b>Perch\u00e9 la scelta di sfilare a Parigi?<br \/><\/b>\u00abProfondamente italiano, ma aveva capito prima di tutti l\u2019importanza di essere internazionale\u00bb.<\/p>\n<p class=\"chapter-paragraph\"><b>E il rosso Valentino non lo ossessionava? <br \/><\/b>\u00abMa no! Lui usava codici, ma ogni volta in modo diverso. Era sicuro, brillante, quasi innocente. Come se ogni idea fosse sempre la prima. Come se la meraviglia non fosse mai svanita. Ed \u00e8 questo che ha reso tutto possibile. E magico\u00bb.<\/p>\n<p class=\"is-last-update\" datetime=\"2026-01-21T09:48:43+01:00\">21 gennaio 2026 ( modifica il 21 gennaio 2026 | 09:48)<\/p>\n<p class=\"is-copyright\">\n            \u00a9 RIPRODUZIONE RISERVATA\n        <\/p>\n","protected":false},"excerpt":{"rendered":"di Paola Pollo Intervista al creativo che per 20 anni \u00e8 stato al fianco dell&#8217;\u00abimperatore\u00bb: \u00abCercava la perfezione,&hellip;\n","protected":false},"author":3,"featured_media":316239,"comment_status":"","ping_status":"","sticky":false,"template":"","format":"standard","meta":{"footnotes":"","_share_on_mastodon":"0"},"categories":[174],"tags":[87,40416,14376,185326,185327,185328,185329,10721,6602,185330,5698,185331,122,13327,203,103744,3384,55523,13263,162152,399,164231,24683,4040,185332,185333,204,1537,90,89,21368,185334,2735,185335,15998,185336,3112,4003,652,185337,489,21336,184206,16636,118210,185338,71187,185339,1922,12285,12349,566,2475],"class_list":["post-316238","post","type-post","status-publish","format-standard","has-post-thumbnail","category-intrattenimento","tag-amore","tag-arrivai","tag-assoluta","tag-assoluta-umanita","tag-assoluta-umanita-lascia","tag-beavo","tag-beavo-racconti","tag-bellezza","tag-brillante","tag-brillante-innocente","tag-commentare","tag-commentare-sanremo","tag-cose","tag-creativo","tag-entertainment","tag-esigente","tag-figlia","tag-fiocchi","tag-imperatore","tag-incanto","tag-incontro","tag-infradito","tag-innocente","tag-insegnato","tag-insegnato-precisione","tag-insegnato-precisione-assoluta","tag-intrattenimento","tag-it","tag-italia","tag-italy","tag-jeans","tag-jeans-infradito","tag-lascia","tag-lascia-traccia","tag-lezioni","tag-lezioni-fiocchi","tag-moda","tag-momenti","tag-paolo","tag-paolo-piccioli","tag-passato","tag-perfezione","tag-piccioli","tag-pier","tag-pier-paolo","tag-pier-paolo-piccioli","tag-precisione","tag-precisione-assoluta","tag-ricordo","tag-se","tag-sicuro","tag-valentino","tag-vera"],"share_on_mastodon":{"url":"","error":"Validation failed: Text character limit of 500 exceeded"},"_links":{"self":[{"href":"https:\/\/www.europesays.com\/it\/wp-json\/wp\/v2\/posts\/316238","targetHints":{"allow":["GET"]}}],"collection":[{"href":"https:\/\/www.europesays.com\/it\/wp-json\/wp\/v2\/posts"}],"about":[{"href":"https:\/\/www.europesays.com\/it\/wp-json\/wp\/v2\/types\/post"}],"author":[{"embeddable":true,"href":"https:\/\/www.europesays.com\/it\/wp-json\/wp\/v2\/users\/3"}],"replies":[{"embeddable":true,"href":"https:\/\/www.europesays.com\/it\/wp-json\/wp\/v2\/comments?post=316238"}],"version-history":[{"count":0,"href":"https:\/\/www.europesays.com\/it\/wp-json\/wp\/v2\/posts\/316238\/revisions"}],"wp:featuredmedia":[{"embeddable":true,"href":"https:\/\/www.europesays.com\/it\/wp-json\/wp\/v2\/media\/316239"}],"wp:attachment":[{"href":"https:\/\/www.europesays.com\/it\/wp-json\/wp\/v2\/media?parent=316238"}],"wp:term":[{"taxonomy":"category","embeddable":true,"href":"https:\/\/www.europesays.com\/it\/wp-json\/wp\/v2\/categories?post=316238"},{"taxonomy":"post_tag","embeddable":true,"href":"https:\/\/www.europesays.com\/it\/wp-json\/wp\/v2\/tags?post=316238"}],"curies":[{"name":"wp","href":"https:\/\/api.w.org\/{rel}","templated":true}]}}