{"id":316500,"date":"2026-01-21T15:10:17","date_gmt":"2026-01-21T15:10:17","guid":{"rendered":"https:\/\/www.europesays.com\/it\/316500\/"},"modified":"2026-01-21T15:10:17","modified_gmt":"2026-01-21T15:10:17","slug":"the-beauty-la-bellezza-ha-conseguenze-mortali-nella-nuova-serie-di-ryan-murphy-e-matthew-hodgson","status":"publish","type":"post","link":"https:\/\/www.europesays.com\/it\/316500\/","title":{"rendered":"&#8220;The Beauty&#8221;, la bellezza ha conseguenze mortali nella nuova serie di Ryan Murphy e Matthew Hodgson"},"content":{"rendered":"<p class=\"chapter-paragraph\">Essere splendenti non \u00e8 mai stato tanto facile come in &#8220;The Beauty&#8221;, ma dietro la perfezione a portata di mano si celano orrori indicibili. Ryan Murphy, insieme a Matthew Hodgson, porta sul piccolo schermo la storia del fumetto omonimo di Jeremy Haun and Jason A. Hurley, una complessa metafora della moderna ossessione per la bellezza dove si intrecciano tutti i temi pi\u00f9 caldi della nostra contemporaneit\u00e0. La serie \u00e8 composta da undici episodi, tre dei quali faranno il loro debutto su Disney+ il 22 gennaio, per poi proseguire con appuntamento settimanale.<\/p>\n","protected":false},"excerpt":{"rendered":"Essere splendenti non \u00e8 mai stato tanto facile come in &#8220;The Beauty&#8221;, ma dietro la perfezione a portata&hellip;\n","protected":false},"author":3,"featured_media":316501,"comment_status":"","ping_status":"","sticky":false,"template":"","format":"standard","meta":{"footnotes":"","_share_on_mastodon":"0"},"categories":[1444],"tags":[3534,28205,10721,391,82594,1748,2573,19285,107386,9218,185459,203,1230,21706,23904,2614,185460,148927,5344,116329,204,1537,90,89,105450,37441,185461,38422,91481,185462,185463,21336,98,12901,82127,91489,1821,628,168829,253],"class_list":["post-316500","post","type-post","status-publish","format-standard","has-post-thumbnail","category-tv","tag-agenti","tag-beauty","tag-bellezza","tag-ben","tag-bennett","tag-caldi","tag-conseguenze","tag-cooper","tag-corporation","tag-disney","tag-disney-gennaio","tag-entertainment","tag-episodi","tag-estetica","tag-fumetto","tag-gennaio","tag-haun","tag-hodgson","tag-horror","tag-hurley","tag-intrattenimento","tag-it","tag-italia","tag-italy","tag-jeremy","tag-matthew","tag-matthew-hodgson","tag-miliardario","tag-murphy","tag-murphy-matthew","tag-murphy-matthew-hodgson","tag-perfezione","tag-porta","tag-potete","tag-ryan","tag-ryan-murphy","tag-serie","tag-the","tag-the-beauty","tag-tv"],"share_on_mastodon":{"url":"","error":"Validation failed: Text character limit of 500 exceeded"},"_links":{"self":[{"href":"https:\/\/www.europesays.com\/it\/wp-json\/wp\/v2\/posts\/316500","targetHints":{"allow":["GET"]}}],"collection":[{"href":"https:\/\/www.europesays.com\/it\/wp-json\/wp\/v2\/posts"}],"about":[{"href":"https:\/\/www.europesays.com\/it\/wp-json\/wp\/v2\/types\/post"}],"author":[{"embeddable":true,"href":"https:\/\/www.europesays.com\/it\/wp-json\/wp\/v2\/users\/3"}],"replies":[{"embeddable":true,"href":"https:\/\/www.europesays.com\/it\/wp-json\/wp\/v2\/comments?post=316500"}],"version-history":[{"count":0,"href":"https:\/\/www.europesays.com\/it\/wp-json\/wp\/v2\/posts\/316500\/revisions"}],"wp:featuredmedia":[{"embeddable":true,"href":"https:\/\/www.europesays.com\/it\/wp-json\/wp\/v2\/media\/316501"}],"wp:attachment":[{"href":"https:\/\/www.europesays.com\/it\/wp-json\/wp\/v2\/media?parent=316500"}],"wp:term":[{"taxonomy":"category","embeddable":true,"href":"https:\/\/www.europesays.com\/it\/wp-json\/wp\/v2\/categories?post=316500"},{"taxonomy":"post_tag","embeddable":true,"href":"https:\/\/www.europesays.com\/it\/wp-json\/wp\/v2\/tags?post=316500"}],"curies":[{"name":"wp","href":"https:\/\/api.w.org\/{rel}","templated":true}]}}