{"id":316530,"date":"2026-01-21T15:35:10","date_gmt":"2026-01-21T15:35:10","guid":{"rendered":"https:\/\/www.europesays.com\/it\/316530\/"},"modified":"2026-01-21T15:35:10","modified_gmt":"2026-01-21T15:35:10","slug":"larchitetto-del-mito-giancarlo-amico-partner-e-socio-amore-senza-tempo","status":"publish","type":"post","link":"https:\/\/www.europesays.com\/it\/316530\/","title":{"rendered":"L&#8217;architetto del mito Giancarlo, amico partner e socio: amore senza tempo"},"content":{"rendered":"<p>Con la scomparsa di <a data-autogenerated=\"yes\" data-datalayer-click-event-target=\"internal\" href=\"https:\/\/www.ilgiornale.it\/persone\/valentino-garavani-133684.html\" rel=\"nofollow noopener\" target=\"_blank\">Valentino Garavani<\/a>, non si spegne soltanto la stella del creatore dell&#8217;iconico rosso. Si incrina, pi\u00f9 profondamente, uno dei legami pi\u00f9 eleganti e segreti mai custoditi dal mondo della moda. Perch\u00e9 dietro ogni abito da sogno, dietro ogni applauso che ha consacrato Valentino tra i maestri del Novecento, c&#8217;\u00e8 stato sempre un uomo: Giancarlo Giammetti. L&#8217;amico, il compagno, il socio, il confidente. L&#8217;amore senza tempo.<\/p>\n<p>Il loro incontro fu un lampo nella Roma che danzava sulla scia della Dolce Vita. Estate 1960, via Veneto: Valentino \u00e8 un giovane stilista che sta provando a tenere in piedi un atelier appena nato; Giammetti \u00e8 il figlio della Roma bene, brillante e insofferente agli schemi, studente di architettura pi\u00f9 attratto dalla vita che dagli esami. Si scambiano uno sguardo e, da quel momento, le loro traiettorie non si separano pi\u00f9.<\/p>\n<p>Giammetti diventa presto ci\u00f2 che il destino aveva previsto: l&#8217;architetto di un impero. Mentre Valentino disegnava il sogno, lui costruiva le fondamenta. Insieme attraversano le notti romane, gli atelier di piazza Mignanelli e poi di via Gregoriana, gli anni in cui Roma diventa Hollywood sul Tevere e le attrici fanno la fila per farsi vestire dal giovane stilista che gi\u00e0 parla la lingua dell&#8217;eterno.<\/p>\n<p>Ed \u00e8 proprio in quei primi anni, tra feste scintillanti e giornate di lavoro senza sosta, che il loro legame assume la forma di un patto silenzioso. Un equilibrio raro, fatto di sguardi che anticipano le parole e di differenze che si incastrano. L&#8217;allora direttrice di Vogue America, Diana Vreeland, che aveva per loro una particolare predilezione, li ribattezz\u00f2 affettuosamente The boys: un soprannome ironico eppure ammirato, riservato solo a chi riconosceva come veri protagonisti del nuovo corso della moda. Chi li ha conosciuti racconta di un&#8217;intesa magnetica, di un sostegno reciproco che non conosceva rivalit\u00e0 n\u00e9 ombre.<\/p>\n<p>La loro relazione sentimentale &#8211; raccontata in maniera straordinaria nel docufilm Valentino: l&#8217;ultimo imperatore del 2009 &#8211; dura dodici anni, ma non conosce mai una vera fine. Si trasforma. Si dilata. Diventa qualcosa di pi\u00f9 grande, di pi\u00f9 raro, di pi\u00f9 solido. Diventa famiglia &#8211; una famiglia queer ante litteram, fatta di amici, ex compagni, collaboratori fedelissimi e dei carlini che hanno accompagnato la quotidianit\u00e0 quasi regale di Valentino. Negli ultimi cinquant&#8217;anni, il loro legame si racconta attraverso gesti silenziosi, parole in francese scambiate come un codice privato, e attraverso una complicit\u00e0 che nessun altro ha mai saputo replicare.<\/p>\n<p>\u00abChe incredibile amore abbiamo vissuto e che affetto profondissimo continuiamo a vivere\u00bb, ha confidato pi\u00f9 volte Giammetti. Parole che oggi suonano come un testamento di devozione. Perch\u00e9 accanto all&#8217;immenso dolore della moda internazionale, c&#8217;\u00e8 il suo: quello dell&#8217;uomo che gli \u00e8 rimasto accanto fino all&#8217;ultimo respiro. L&#8217;uomo che, come ha confessato, ha dedicato la vita a rendere serena quella di Valentino. E ci \u00e8 riuscito.<\/p>\n<p>Ci sono stati altri sodalizi nella storia della moda &#8211; Saint Laurent e Pierre Berg\u00e9, Armani e Galeotti &#8211; ma quello tra Valentino e Giancarlo Giammetti aveva qualcosa di irripetibile. Una leggerezza antica, un equilibrio tra creativit\u00e0 e strategia, tra lusso e purezza, che ha permesso al marchio Valentino di diventare non semplice maison, ma mito.<\/p>\n<p>Ora che Valentino non c&#8217;\u00e8 pi\u00f9, resta questo: un vuoto che profuma di bellezza, la memoria di un&#8217;eleganza che non\n<\/p>\n<p>ha mai avuto bisogno di dichiararsi, e la certezza che dietro la grandezza di un uomo c&#8217;\u00e8 stato sempre un amore capace di attraversare le epoche senza cambiare mai pelle. Un amore che nessuna fine potr\u00e0 davvero spegnere.<\/p>\n","protected":false},"excerpt":{"rendered":"Con la scomparsa di Valentino Garavani, non si spegne soltanto la stella del creatore dell&#8217;iconico rosso. Si incrina,&hellip;\n","protected":false},"author":3,"featured_media":316531,"comment_status":"","ping_status":"","sticky":false,"template":"","format":"standard","meta":{"footnotes":"","_share_on_mastodon":"0"},"categories":[1446],"tags":[1615,1613,1614,1611,1610,1612,203,204,1537,90,89,3331,183963],"class_list":["post-316530","post","type-post","status-publish","format-standard","has-post-thumbnail","category-arte-e-design","tag-arte","tag-arte-e-design","tag-arteedesign","tag-arts","tag-arts-and-design","tag-design","tag-entertainment","tag-intrattenimento","tag-it","tag-italia","tag-italy","tag-lutto","tag-valentino-garavani"],"share_on_mastodon":{"url":"https:\/\/pubeurope.com\/@it\/115933827752883441","error":""},"_links":{"self":[{"href":"https:\/\/www.europesays.com\/it\/wp-json\/wp\/v2\/posts\/316530","targetHints":{"allow":["GET"]}}],"collection":[{"href":"https:\/\/www.europesays.com\/it\/wp-json\/wp\/v2\/posts"}],"about":[{"href":"https:\/\/www.europesays.com\/it\/wp-json\/wp\/v2\/types\/post"}],"author":[{"embeddable":true,"href":"https:\/\/www.europesays.com\/it\/wp-json\/wp\/v2\/users\/3"}],"replies":[{"embeddable":true,"href":"https:\/\/www.europesays.com\/it\/wp-json\/wp\/v2\/comments?post=316530"}],"version-history":[{"count":0,"href":"https:\/\/www.europesays.com\/it\/wp-json\/wp\/v2\/posts\/316530\/revisions"}],"wp:featuredmedia":[{"embeddable":true,"href":"https:\/\/www.europesays.com\/it\/wp-json\/wp\/v2\/media\/316531"}],"wp:attachment":[{"href":"https:\/\/www.europesays.com\/it\/wp-json\/wp\/v2\/media?parent=316530"}],"wp:term":[{"taxonomy":"category","embeddable":true,"href":"https:\/\/www.europesays.com\/it\/wp-json\/wp\/v2\/categories?post=316530"},{"taxonomy":"post_tag","embeddable":true,"href":"https:\/\/www.europesays.com\/it\/wp-json\/wp\/v2\/tags?post=316530"}],"curies":[{"name":"wp","href":"https:\/\/api.w.org\/{rel}","templated":true}]}}