{"id":316737,"date":"2026-01-21T18:42:18","date_gmt":"2026-01-21T18:42:18","guid":{"rendered":"https:\/\/www.europesays.com\/it\/316737\/"},"modified":"2026-01-21T18:42:18","modified_gmt":"2026-01-21T18:42:18","slug":"latalanta-frena-a-pisa-con-fubal-puo-cambiare-tutto","status":"publish","type":"post","link":"https:\/\/www.europesays.com\/it\/316737\/","title":{"rendered":"L\u2019Atalanta frena a Pisa, con Fubal pu\u00f2 cambiare tutto"},"content":{"rendered":"\n<p> <strong class=\"nero\">L\u2019Atalanta non riesce a dare continuit\u00e0<\/strong> alle tre vittorie consecutive maturate contro Roma, Bologna e Torino: nell\u2019anticipo contro il Pisa arriva solo un pareggio, 1-1.<\/p>\n<p>  Punti doppi col Parma <\/p>\n<p>La stagione prosegue e cos\u00ec <a href=\"https:\/\/fubal.ecodibergamo.it\/\" target=\"_blank\" title=\"fubal.ecodibergamo.it\" rel=\"nofollow noopener\"> <strong class=\"nero\">anche Fubal.<\/strong> <\/a> Domani si torna in campo, c\u2019\u00e8 la Champions League e alla New Balance Arena di Bergamo <strong class=\"nero\">\u00e8 atteso l\u2019Athletic Bilbao.<\/strong> La partita coi baschi \u00e8 importantissima per il cammino nella competizione dei ragazzi di Palladino e anche in ottica concorso essendo la terz\u2019ultima di gennaio. Ma per Fubal ha un peso enorme la gara successiva, quella con il Parma, in programma domenica: penultima del mese, ma speciale, quindi un pronostico da non sbagliare, perch\u00e9 <strong class=\"nero\">i punteggi saranno raddoppiati e avranno un peso decisivo<\/strong> nell\u2019assegnazione dei premi di gennaio. Volete fare il vostro pronostico per la partita di Champions League e provare a vincere uno dei bellissimi premi in palio? Partecipare \u00e8 totalmente gratuito. \u00c8 sufficiente registrarsi su fubal.ecodibergamo.it e potrete cominciare a giocare sin da subito.<\/p>\n<p>  Le classifiche <\/p>\n<p>La graduatoria mensile di gennaio cambia di poco nelle prime posizioni. Mantiene la vetta <strong class=\"nero\">Andrea Beretta<\/strong> che col Pisa incrementa di uno e va a 25. Anche <strong class=\"nero\">Mauro Pinto<\/strong> ha 25 punti, ma ha indovinato meno marcatori e quindi \u00e8 secondo, tallonato da <strong class=\"nero\">Luigi Caironi<\/strong> che \u00e8 a quota 24. Segue il terzetto a 23 punti composto da <strong class=\"nero\">Longa, Luciano Nava e Gianpiero Fumagalli.<\/strong> <\/p>\n<p><a data-title=\"Le classifiche di Fubal\" href=\"https:\/\/storage.ecodibergamo.it\/media\/photologue\/2026\/1\/20\/photos\/latalanta-frena-a-pisa-ora-con-fubal-puo-cambiare-tutto_ffc8b782-f565-11f0-b593-4f931ef7ba42_1920_2782.jpg\" title=\"Le classifiche di Fubal\" rel=\"nofollow noopener\" target=\"_blank\"><br \/>\n<img decoding=\"async\" alt=\"Le classifiche di Fubal\" class=\"lozad\" src=\"https:\/\/www.europesays.com\/it\/wp-content\/uploads\/2026\/01\/latalanta-frena-a-pisa-ora-con-fubal-puo-cambiare-tutto_ffc8b782-f565-11f0-b593-4f931ef7ba42_1920_27.jpeg\" title=\"Le classifiche di Fubal\" width=\"100%\"\/><br \/>\n<\/a><\/p>\n<p>        Le classifiche di Fubal<\/p>\n<p>La classifica \u00e8 apertissima perch\u00e9 seguono ben nove partecipanti a quota 22, mancano tre gare per decretare il podio del mese di gennaio e quella col Parma &#8211; la seconda, tra Athletic Bilbao e Union Saint-Gilloise -, \u00e8 una partita speciale, quindi coi punti raddoppiati, un match che pu\u00f2 far cambiare tutto in graduatoria. Nella generale c\u2019\u00e8 sempre <strong class=\"nero\">Maurizio Ranica in vetta, <\/strong>che, per\u00f2, vede il vantaggio sugli inseguitori assottigliarsi da pi\u00f9 undici a pi\u00f9 nove. Maurizio resta a secco con il Pisa e rimane a quota 111. <strong class=\"nero\">Luciano Nava,<\/strong> con due punti, si piazza secondo a quota 101, tallonato da <strong class=\"nero\">Giovanni Scaglia<\/strong> che, anche lui grazie a due punticini, raggiunge quota 100, la stessa di <strong class=\"nero\">Albergo Carona<\/strong> che da secondo passa a quarto perch\u00e9 ha indovinato meno marcatori di Giovanni e nella gara di venerd\u00ec non conquista alcun punto. A 99 insegue <strong class=\"nero\">Franco Colleoni.<\/strong> La partita contro il Torino ha aperto la classifica di ritorno che arriver\u00e0 fino a fine stagione. Grazie a ben nove punti conquistati col Pisa,<strong class=\"nero\"> Luca Martinelli<\/strong> si piazza in vetta a quota 20. <strong class=\"nero\">Giamprimo Marini<\/strong> ne fa 11, raggiunge quota 19 ed \u00e8 secondo, davanti al duo a 17 composto da <strong class=\"nero\">Maria Bacchio e Oscar Mazzola.<\/strong> Seguono, con 16 punti, <strong class=\"nero\">Gianantonio Capelli<\/strong> e <strong class=\"nero\">Luigi Caironi,<\/strong> tallonati dal gruppetto composto da quattro partecipanti a quota 15: <strong class=\"nero\">Raffaella Begnis, Andrea Dimitrio, Fabrizio Carenzi e Mauro Bonera.<\/strong> <\/p>\n<p><a data-title=\"Il podio di dicembre\" href=\"https:\/\/storage.ecodibergamo.it\/media\/photologue\/2026\/1\/20\/photos\/latalanta-frena-a-pisa-ora-con-fubal-puo-cambiare-tutto_00ec4962-f566-11f0-b593-4f931ef7ba42_1920_1016.jpg\" title=\"Il podio di dicembre\" rel=\"nofollow noopener\" target=\"_blank\"><br \/>\n<img decoding=\"async\" alt=\"Il podio di dicembre\" class=\"lozad\" src=\"https:\/\/www.europesays.com\/it\/wp-content\/uploads\/2026\/01\/latalanta-frena-a-pisa-ora-con-fubal-puo-cambiare-tutto_00ec4962-f566-11f0-b593-4f931ef7ba42_1920_10.jpeg\" title=\"Il podio di dicembre\" width=\"100%\"\/><br \/>\n<\/a><\/p>\n<p>        Il podio di dicembre<\/p>\n<p>  I pronostici dei partecipanti <\/p>\n<p>Nell\u2019anticipo del venerd\u00ec, termina 1-1 tra Atalanta e Pisa e nei pronostici di Fubal <strong class=\"nero\">sono solo 42 partecipanti su 1114 a indovinare l\u2019esito di pareggio,<\/strong> a fronte di 1056 indicazioni di vittoria e sedici di sconfitta. Il risultato esatto lo azzeccano in venti e il pi\u00f9 gettonato, nel pre gara, \u00e8 il 2-0 per l\u2019Atalanta, scelto 372 volte. Scamacca e De Ketelaere, come sempre, sono i pi\u00f9 inseriti tra i marcatori, ma non vanno a segno. Ci pensa Krstovic a insaccare tra i nerazzurri per il momentaneo vantaggio e <strong class=\"nero\">il gol della punta montenegrina \u00e8 pronosticato 225 volte.<\/strong> Il migliore in campo, nell\u2019Atalanta, \u00e8 Carnesecchi: indovinano 141 partecipanti e il portiere \u00e8 il terzo pi\u00f9 scelto, nel pre partita, dopo De Ketelaere (450) e Scamacca (161). Due i cartellini gialli estratti nei confronti dei nerazzurri: prendono punti in 301.<\/p>\n","protected":false},"excerpt":{"rendered":"L\u2019Atalanta non riesce a dare continuit\u00e0 alle tre vittorie consecutive maturate contro Roma, Bologna e Torino: nell\u2019anticipo contro&hellip;\n","protected":false},"author":3,"featured_media":316738,"comment_status":"","ping_status":"","sticky":false,"template":"","format":"standard","meta":{"footnotes":"","_share_on_mastodon":"0"},"categories":[1452],"tags":[185563,569,62123,721,1740,125013,1537,90,89,185565,185564,1739,245,244,78273],"class_list":["post-316737","post","type-post","status-publish","format-standard","has-post-thumbnail","category-calcio","tag-andrea-beretta","tag-atalanta","tag-athletic-bilbao","tag-calcio","tag-football","tag-fubal","tag-it","tag-italia","tag-italy","tag-luciano-nava","tag-mauro-pinto","tag-soccer","tag-sport","tag-sports","tag-union-saint-gilloise"],"share_on_mastodon":{"url":"https:\/\/pubeurope.com\/@it\/115934563328240024","error":""},"_links":{"self":[{"href":"https:\/\/www.europesays.com\/it\/wp-json\/wp\/v2\/posts\/316737","targetHints":{"allow":["GET"]}}],"collection":[{"href":"https:\/\/www.europesays.com\/it\/wp-json\/wp\/v2\/posts"}],"about":[{"href":"https:\/\/www.europesays.com\/it\/wp-json\/wp\/v2\/types\/post"}],"author":[{"embeddable":true,"href":"https:\/\/www.europesays.com\/it\/wp-json\/wp\/v2\/users\/3"}],"replies":[{"embeddable":true,"href":"https:\/\/www.europesays.com\/it\/wp-json\/wp\/v2\/comments?post=316737"}],"version-history":[{"count":0,"href":"https:\/\/www.europesays.com\/it\/wp-json\/wp\/v2\/posts\/316737\/revisions"}],"wp:featuredmedia":[{"embeddable":true,"href":"https:\/\/www.europesays.com\/it\/wp-json\/wp\/v2\/media\/316738"}],"wp:attachment":[{"href":"https:\/\/www.europesays.com\/it\/wp-json\/wp\/v2\/media?parent=316737"}],"wp:term":[{"taxonomy":"category","embeddable":true,"href":"https:\/\/www.europesays.com\/it\/wp-json\/wp\/v2\/categories?post=316737"},{"taxonomy":"post_tag","embeddable":true,"href":"https:\/\/www.europesays.com\/it\/wp-json\/wp\/v2\/tags?post=316737"}],"curies":[{"name":"wp","href":"https:\/\/api.w.org\/{rel}","templated":true}]}}