{"id":316822,"date":"2026-01-21T20:15:09","date_gmt":"2026-01-21T20:15:09","guid":{"rendered":"https:\/\/www.europesays.com\/it\/316822\/"},"modified":"2026-01-21T20:15:09","modified_gmt":"2026-01-21T20:15:09","slug":"oriente-occidente-di-rampini-trump-un-anno-dopo-un-insolito-bilancio-visto-da-destra-quella-seria","status":"publish","type":"post","link":"https:\/\/www.europesays.com\/it\/316822\/","title":{"rendered":"Oriente Occidente di Rampini | Trump un anno dopo: un \u00abinsolito\u00bb bilancio visto da destra (quella seria)"},"content":{"rendered":"<p class=\"chapter-paragraph\">Un anno di <b><a href=\"https:\/\/www.corriere.it\/oriente-occidente-federico-rampini\/26_gennaio_20\/groenlandia-errore-fatale-trump-253b7eb0-80b6-48ca-9987-654144f97xlk.shtml\" rel=\"nofollow noopener\" target=\"_blank\">Trump<\/a><\/b>, visto da destra. Ecco un bilancio inusuale, che non varca spesso l\u2019Atlantico. Pochi europei riescono ad avere questa prospettiva: il giudizio di un\u2019America conservatrice e al tempo stesso lucida, capace di <b>prendere le distanze dal presidente<\/b>. The National Review ha proprio queste caratteristiche. \u00c8 l\u2019organo di una destra storica che affonda le sue radici nella rivoluzione reaganiana. Sa riconoscere dei meriti a Trump, non scimmiotta la sua demonizzazione indiscriminata in voga nei media progressisti e in Europa. <b><a href=\"https:\/\/www.corriere.it\/esteri\/26_gennaio_20\/trump-salute-narcisista-710324d6-9902-4327-90fa-97709b15cxlk.shtml\" rel=\"nofollow noopener\" target=\"_blank\">Non esita a criticarlo<\/a><\/b> e anche stroncarlo quando lo ritiene opportuno: cio\u00e8 spesso. Sa maneggiare l\u2019ironia. Il giudizio complessivo della direzione della National Review ha dei segni pi\u00f9 e dei segni meno. Tra questi ultimi <b><a href=\"https:\/\/www.corriere.it\/esteri\/26_gennaio_21\/trump-alleanza-usa-europa-90b4a732-224c-433f-9e76-2c3e3d0a2xlk.shtml\" rel=\"nofollow noopener\" target=\"_blank\">figura la Groenlandia<\/a><\/b>. Merita attenzione per\u00f2 un dettaglio: <b>l\u2019operazione-Groenlandia<\/b> per quanto condannata non occupa un posto smisurato, anzi \u00e8 considerata abbastanza marginale, e si colloca all\u2019interno di un <b>bilancio largamente positivo della politica estera<\/b>. Il giudizio pi\u00f9 negativo si concentra su altri aspetti dell\u2019operato trumpiano, <b>dazi inclusi<\/b>. Eccovi il testo.<\/p>\n<p class=\"chapter-paragraph\">\u00abIl presidente Trump \u00e8 entrato in carica un anno fa con l\u2019urgenza di un uomo a cui \u00e8 stato appena detto che gli restano pochi mesi di vita. Nel giro di poche ore dal giuramento aveva gi\u00e0 firmato una valanga di ordini esecutivi, sia per smantellare le azioni unilaterali di Joe Biden sia per compiere passi radicali a favore della propria agenda.    &#13;<br \/>\n&#13;<br \/>\n&#13;<br \/>\n&#13;<br \/>\n&#13;<br \/>\n&#13;<br \/>\n&#13;<br \/>\n&#13;<br \/>\n&#13;<br \/>\n&#13;<br \/>\n&#13;<br \/>\n&#13;<br \/>\n&#13;<br \/>\n&#13;<br \/>\n&#13;<br \/>\n&#13;<br \/>\n&#13;<br \/>\n&#13;<br \/>\n&#13;<br \/>\n&#13;<br \/>\n&#13;<br \/>\n&#13;<br \/>\n&#13;<br \/>\n&#13;<br \/>\n&#13;<br \/>\n&#13;<br \/>\n&#13;<br \/>\n&#13;<br \/>\n&#13;<br \/>\n&#13;<br \/>\n&#13;<br \/>\n&#13;<br \/>\n&#13;<br \/>\n&#13;<br \/>\n&#13;<br \/>\n&#13;<br \/>\n&#13;<br \/>\n&#13;<br \/>\n&#13;<br \/>\n&#13;<br \/>\n&#13;<br \/>\n&#13;<br \/>\n&#13;<br \/>\n&#13;<br \/>\n&#13;<br \/>\n&#13;<br \/>\n&#13;<br \/>\n&#13;<br \/>\n&#13;<br \/>\n&#13;<br \/>\n&#13;<br \/>\n&#13;<br \/>\n&#13;\n<\/p>\n<p class=\"chapter-paragraph\">Ha continuato a mantenere un ritmo frenetico. <b>Al momento sembra occuparsi di tutto, dal Kennedy Center al Venezuela<\/b>, almeno nominalmente. Solo nell\u2019ultima settimana circa ha cercato di fare <b>pressione sull\u2019Iran<\/b> perch\u00e9 smettesse di uccidere i manifestanti e, con conseguenze molto meno rilevanti, ha esortato la squadra di football dei New York Giants ad assumere John Harbaugh come allenatore. La sua spinta all\u2019azione, alla controversia e all\u2019attenzione \u00e8 cos\u00ec intensa e incessante che persino l\u2019iperattivo Theodore Roosevelt gli avrebbe probabilmente consigliato di rallentare un po\u2019.<\/p>\n<p>APPROFONDISCI CON IL PODCAST<\/p>\n<p class=\"chapter-paragraph\"><b>Dall\u2019ambizione senza freni sono scaturite anche molte cose positive<\/b>. Trump ha compiuto passi enormi per ridimensionare quella che definisce la <b>follia transgender<\/b> e le <b>iniziative DEI (Diversity Equity Inclusion)<\/b> all\u2019interno della burocrazia federale. L\u2019applicazione aggressiva delle <b>leggi sull\u2019immigrazione<\/b> ha portato a una diminuzione storica degli attraversamenti al confine e a un significativo deflusso di immigrati illegali, espulsi con la forza o spinti ad andarsene spontaneamente. Ha fatto marcia indietro rispetto alla pretestuosa campagna per relegare le auto a benzina nell\u2019obsolescenza. Nell\u2019unico risultato legislativo di rilievo, \u00e8 riuscito a far approvare dal Congresso una <b>proroga dei tagli fiscali<\/b> del suo primo mandato, accompagnata purtroppo da vari espedienti elettorali, come la promessa di zero tasse sulle mance.<\/p>\n<p class=\"chapter-paragraph\">La sua esigenza di fare tutto in fretta, tuttavia, lo ha portato ad <b>agire spesso in modo improvvisato<\/b>. Il tentativo di<b> Elon Musk<\/b>, con il progetto DOGE, di ridimensionare l\u2019apparato statale si \u00e8 concluso senza incidere minimamente sul bilancio federale. Ancora pi\u00f9 rilevanti, i suoi <b>dazi sparati a bruciapelo<\/b>, giustificati in base all\u2019International Emergency Economic Powers Act, sono una cattiva politica e giuridicamente discutibili; al momento<b> pendono per un filo davanti alla Corte Suprema<\/b>. \u00c8 del tutto possibile che il loro caotico varo venga affiancato da un altrettanto caotico smantellamento dopo una decisione sfavorevole della Corte.<\/p>\n<p class=\"chapter-paragraph\">Trump ha anche alzato il <b>livello della meschinit\u00e0<\/b> nel suo secondo mandato. Cose che nel primo mandato si era limitato a pensare, nel secondo le ha messe in pratica. Ha ingaggiato a<b>zioni legali ritorsive contro avversari politici<\/b>, concesso grazie arbitrarie e vergognose, preso in giro ex presidenti con targhe affisse nei giardini della Casa Bianca e, in generale, ha lavorato per creare la sensazione che non sia il caso di mettersi contro di lui, con mezzi leciti o illeciti.<\/p>\n<p class=\"chapter-paragraph\"><b>Ha spesso ignorato le regole e oltrepassato i limiti<\/b> della sua autorit\u00e0 costituzionale, che si trattasse di <b>disattendere il bando di TikTok<\/b>, di colpire nei Caraibi o di imporre i dazi citati. Deciso a contorcersi in ogni modo per giustificare qualunque desiderio di Trump, il Dipartimento di Giustizia ha collezionato una serie di imbarazzi.<\/p>\n<p class=\"chapter-paragraph\"><b>Se gran parte della sua politica economica \u00e8 stata solida<\/b>, il protezionismo e la tendenza a considerare il <b>governo federale come un\u2019azienda personale<\/b> che deve incassare una quota dei profitti privati sono atteggiamenti malsani e poco saggi. Di recente, il populismo economico di Trump lo ha spinto sempre pi\u00f9 spesso a proporre<b> idee anti-mercato<\/b>, mentre la sua <b>campagna di pressione contro la Federal Reserve \u00e8 stata rozza e controproducente<\/b>.<\/p>\n<p class=\"chapter-paragraph\">In politica estera c\u2019\u00e8 molto di cui vantarsi. La decisione di sostenere i <b>raid israeliani contro l\u2019Iran<\/b> e, infine, di parteciparvi sganciando ordigni sul reattore nucleare di Fordow ha neutralizzato la minaccia di una bomba nucleare islamista che incombeva da decenni. Anche se il regime dovesse sopravvivere all\u2019attuale ondata di proteste, le azioni della scorsa estate hanno quanto meno gravemente indebolito un governo che ha ucciso americani, sponsorizzato il terrorismo e destabilizzato il mondo. <b>Ha aumentato il ritmo dei bombardamenti contro gruppi terroristici islamisti all\u2019estero<\/b>, come i residui dell\u2019Isis in Siria e al-Shabaab in Somalia. Ha inoltre usato il proprio peso politico per negoziare un accordo, ancora fragile, per porre fine alla <b>guerra tra Israele e Hamas<\/b>, che ha consentito il ritorno di tutti gli <b>ostaggi vivi<\/b>. Ha anche compiuto progressi nel ridurre l\u2019influenza della Cina in America Latina.<\/p>\n<p class=\"chapter-paragraph\">\u00c8 riuscito a spingere <b>la Nato a impegnarsi per maggiori spese per la difesa,<\/b> e il suo impulso verso un Golden Dome e una Golden Fleet \u00e8 corretto, anche se serviranno abilit\u00e0, perseveranza e risorse per realizzare queste visioni.<\/p>\n<p class=\"chapter-paragraph\">Sul versante opposto del bilancio, la sua diplomazia nella <b>guerra tra Russia e Ucraina \u00e8 stata inefficace<\/b> e talvolta sbilanciata a favore dell\u2019aggressore. \u00c8 stato ripetutamente e inutilmente antagonista nei confronti degli alleati. La decisione di aprire un duro scontro pubblico con il Canada ha silurato le possibilit\u00e0 dei conservatori di quel Paese di tornare al potere e ha <b>spinto il primo ministro Mark Carney verso un accordo con la Cina<\/b>. Anche se non \u00e8 chiaro quanto sia serio riguardo all\u2019idea di prendere la Groenlandia, la sua mossa sembra pensata per <b>massimizzare l\u2019angoscia e l\u2019umiliazione di Paesi che sono alleati di lunga data<\/b>.<\/p>\n<p class=\"chapter-paragraph\">La natura unilaterale della maggior parte delle azioni di Trump, compreso l\u2019uso della minaccia di negare finanziamenti governativi a studi legali, universit\u00e0 e appaltatori della difesa, solleva dubbi sulla durata di molte di queste misure se un democratico dovesse vincere la <b>presidenza nel 2028<\/b>. Peggio ancora, Trump ha aperto nuove possibilit\u00e0 per l\u2019esercizio arbitrario del potere da parte di un futuro presidente progressista.<\/p>\n<p class=\"chapter-paragraph\">Il presidente Trump, per\u00f2, non sembra preoccuparsene:<b> ogni giorno \u00e8 una nuova avventura e un\u2019occasione per scioccare e stupire<\/b>, a seconda del tema e dell\u2019ora.<\/p>\n<p class=\"chapter-paragraph\">Inutile dire che <b>preferiremmo un Trump pi\u00f9 rispettoso delle regole<\/b>, pi\u00f9 impegnato a lavorare attraverso il Congresso, pi\u00f9 coerentemente pro-mercato, pi\u00f9 attento alla sensibilit\u00e0 nazionale dei Paesi alleati e meno <b>ossessionato dal trollare<\/b> e perseguire gli avversari politici. Ma lui ha una lunga storia, che ora include un altro anno alla Casa Bianca, di fare le cose a modo suo\u00bb.<\/p>\n<p class=\"is-last-update\" datetime=\"2026-01-21T14:52:27+01:00\" content=\"2026-01-21\">21 gennaio 2026, 14:38  &#8211; modifica il 21 gennaio 2026 | 14:52<\/p>\n<p class=\"is-copyright\">\u00a9 RIPRODUZIONE RISERVATA<\/p>\n","protected":false},"excerpt":{"rendered":"Un anno di Trump, visto da destra. Ecco un bilancio inusuale, che non varca spesso l\u2019Atlantico. Pochi europei&hellip;\n","protected":false},"author":3,"featured_media":316823,"comment_status":"","ping_status":"","sticky":false,"template":"","format":"standard","meta":{"footnotes":"","_share_on_mastodon":"0"},"categories":[160],"tags":[11756,185590,185591,16531,185592,579,10473,2032,4675,2109,8449,185583,873,842,1033,39,185584,356,18123,13104,2336,122,14,164,165,3706,185585,1368,3177,767,3879,23198,185586,284,3369,5538,2691,42328,77,40579,955,764,11062,1258,328,1412,10703,5983,166,1703,41063,7,15,853,10211,857,185587,6855,2466,477,23200,185588,233,1916,2123,7901,2428,8004,135,18080,10360,6897,24499,185589,19307,24595,3353,6193,8868,36866,8406,379,11,167,12,168,161,162,163],"class_list":["post-316822","post","type-post","status-publish","format-standard","has-post-thumbnail","category-mondo","tag-abilita","tag-abilita-perseveranza","tag-abilita-perseveranza-risorse","tag-accompagnata","tag-accompagnata-espedienti","tag-accordo","tag-alleati","tag-america","tag-aspetti","tag-attenzione","tag-avversari","tag-avversari-politici","tag-azioni","tag-bianca","tag-bilancio","tag-campagna","tag-caotico","tag-cina","tag-compiuto","tag-congresso","tag-corte","tag-cose","tag-cronaca","tag-dal-mondo","tag-dalmondo","tag-dazi","tag-dazi-inclusi","tag-decisione","tag-destra","tag-difesa","tag-dovesse","tag-estera","tag-estera-giudizio","tag-federale","tag-giro","tag-giudizio","tag-golden","tag-groenlandia","tag-guerra","tag-inclusi","tag-interno","tag-iran","tag-legali","tag-lunga","tag-mandato","tag-mercato","tag-minaccia","tag-molte","tag-mondo","tag-national","tag-national-review","tag-news","tag-notizie","tag-nucleare","tag-operato","tag-paesi","tag-paesi-alleati","tag-passi","tag-pochi","tag-politica","tag-politica-estera","tag-politica-estera-giudizio","tag-politici","tag-portato","tag-positivo","tag-possibilita","tag-potere","tag-prendere","tag-presidente","tag-presidente-trump","tag-pressione","tag-regole","tag-review","tag-ridimensionare","tag-rilevanti","tag-ritmo","tag-riuscito","tag-sa","tag-segni","tag-spinto","tag-storica","tag-trump","tag-ultime-notizie","tag-ultime-notizie-di-mondo","tag-ultimenotizie","tag-ultimenotiziedimondo","tag-world","tag-world-news","tag-worldnews"],"share_on_mastodon":{"url":"","error":"Validation failed: Text character limit of 500 exceeded"},"_links":{"self":[{"href":"https:\/\/www.europesays.com\/it\/wp-json\/wp\/v2\/posts\/316822","targetHints":{"allow":["GET"]}}],"collection":[{"href":"https:\/\/www.europesays.com\/it\/wp-json\/wp\/v2\/posts"}],"about":[{"href":"https:\/\/www.europesays.com\/it\/wp-json\/wp\/v2\/types\/post"}],"author":[{"embeddable":true,"href":"https:\/\/www.europesays.com\/it\/wp-json\/wp\/v2\/users\/3"}],"replies":[{"embeddable":true,"href":"https:\/\/www.europesays.com\/it\/wp-json\/wp\/v2\/comments?post=316822"}],"version-history":[{"count":0,"href":"https:\/\/www.europesays.com\/it\/wp-json\/wp\/v2\/posts\/316822\/revisions"}],"wp:featuredmedia":[{"embeddable":true,"href":"https:\/\/www.europesays.com\/it\/wp-json\/wp\/v2\/media\/316823"}],"wp:attachment":[{"href":"https:\/\/www.europesays.com\/it\/wp-json\/wp\/v2\/media?parent=316822"}],"wp:term":[{"taxonomy":"category","embeddable":true,"href":"https:\/\/www.europesays.com\/it\/wp-json\/wp\/v2\/categories?post=316822"},{"taxonomy":"post_tag","embeddable":true,"href":"https:\/\/www.europesays.com\/it\/wp-json\/wp\/v2\/tags?post=316822"}],"curies":[{"name":"wp","href":"https:\/\/api.w.org\/{rel}","templated":true}]}}