{"id":316962,"date":"2026-01-21T22:32:09","date_gmt":"2026-01-21T22:32:09","guid":{"rendered":"https:\/\/www.europesays.com\/it\/316962\/"},"modified":"2026-01-21T22:32:09","modified_gmt":"2026-01-21T22:32:09","slug":"davos-incendio-vicino-a-un-hotel-in-fiamme-uno-chalet-di-legno-lilli-gruber-deve-interrompere-la-sua-diretta","status":"publish","type":"post","link":"https:\/\/www.europesays.com\/it\/316962\/","title":{"rendered":"Davos, incendio vicino a un hotel: in fiamme uno chalet di legno. Lilli Gruber deve interrompere la sua diretta"},"content":{"rendered":"<p>    di<\/p>\n<p class=\"summary-art is-line-h-12\">Le fiamme sono state domate e non ci sono feriti. L&#8217;intera zona \u00e8 stata isolata. Nella citt\u00e0 svizzera \u00e8 in corso il World economic forum. La giornalista: \u00abEvacuato tutto il Congress center\u00bb<\/p>\n<p class=\"chapter-paragraph\">Un incendio \u00e8 scoppiato questa sera nelle vicinanze di un hotel a Davos, in Svizzera, dove \u00e8 in corso il World economic forum. Le fiamme sono divampate al Turmhotel Victoria e secondo un portavoce dei vigili del fuoco del Canton Grigioni sono state gi\u00e0 domate; non ci sono persone ferite. Il sito elvetico Blick riferisce che l&#8217;episodio ha riguardato un piccolo chalet di legno adiacente alla struttura.\u00a0 Sul posto sono arrivati sei mezzi dei pompieri e l&#8217;intera zona \u00e8 stata isolata ed evacuata. Anche Lilli Gruber, che in quegli istanti stava andando in onda in diretta su La7 da Davos \u00e8 stata costretta a interrompere la sua trasmissione.\u00a0\u00a0<\/p>\n<p class=\"chapter-paragraph\">\u00abSiamo fuori dal Congress Center. Ci hanno fatto evacuare tutti quanti\u00bb ha raccontato la giornalista per telefono a La7. \u00abAbbiamo lasciato tutte le nostre cose all&#8217;interno perch\u00e9 pare ci sia un incendio in un albergo qui vicino. Ci sono elicotteri che volano sopra le nostre teste, \u00e8 pieno di pompieri e quindi c&#8217;\u00e8 un&#8217;emergenza evacuazione\u00bb ha aggiunto.    &#13;<br \/>\n&#13;<br \/>\n&#13;<br \/>\n&#13;<br \/>\n&#13;<br \/>\n&#13;<br \/>\n&#13;<br \/>\n&#13;<br \/>\n&#13;<br \/>\n&#13;<br \/>\n&#13;<br \/>\n&#13;<br \/>\n&#13;<br \/>\n&#13;<br \/>\n&#13;<br \/>\n&#13;<br \/>\n&#13;<br \/>\n&#13;<br \/>\n&#13;<br \/>\n&#13;<br \/>\n&#13;<br \/>\n&#13;<br \/>\n&#13;<br \/>\n&#13;<br \/>\n&#13;<br \/>\n&#13;<br \/>\n&#13;<br \/>\n&#13;<br \/>\n&#13;<br \/>\n&#13;<br \/>\n&#13;<br \/>\n&#13;<br \/>\n&#13;<br \/>\n&#13;<br \/>\n&#13;<br \/>\n&#13;<br \/>\n&#13;<br \/>\n&#13;<br \/>\n&#13;<br \/>\n&#13;<br \/>\n&#13;<br \/>\n&#13;<br \/>\n&#13;<br \/>\n&#13;<br \/>\n&#13;<br \/>\n&#13;<br \/>\n&#13;<br \/>\n&#13;<br \/>\n&#13;<br \/>\n&#13;<br \/>\n&#13;<br \/>\n&#13;<br \/>\n&#13;\n<\/p>\n<p class=\"chapter-paragraph\">notizia in aggiornamento\u00a0<\/p>\n<p class=\"is-last-update\" datetime=\"2026-01-21T21:22:48+01:00\">21 gennaio 2026 ( modifica il 21 gennaio 2026 | 21:22)<\/p>\n<p class=\"is-copyright\">\n            \u00a9 RIPRODUZIONE RISERVATA\n        <\/p>\n","protected":false},"excerpt":{"rendered":"di Le fiamme sono state domate e non ci sono feriti. L&#8217;intera zona \u00e8 stata isolata. Nella citt\u00e0&hellip;\n","protected":false},"author":3,"featured_media":316963,"comment_status":"","ping_status":"","sticky":false,"template":"","format":"standard","meta":{"footnotes":"","_share_on_mastodon":"0"},"categories":[6],"tags":[23000,129678,185668,185669,185670,790,185671,185672,14,163600,5631,10736,8,3411,1537,90,89,7,15,82,9,83,10,13,11,80,84,12,81,85],"class_list":["post-316962","post","type-post","status-publish","format-standard","has-post-thumbnail","category-ultime-notizie","tag-center","tag-chalet","tag-chalet-legno","tag-congress","tag-congress-center","tag-corso","tag-corso-world","tag-corso-world-economic","tag-cronaca","tag-davos","tag-diretta","tag-fiamme","tag-headlines","tag-incendio","tag-it","tag-italia","tag-italy","tag-news","tag-notizie","tag-notizie-di-cronaca","tag-notizie-principali","tag-notiziedicronaca","tag-notizieprincipali","tag-titoli","tag-ultime-notizie","tag-ultime-notizie-di-cronaca","tag-ultime-notizie-e-news-di-oggi","tag-ultimenotizie","tag-ultimenotiziedicronaca","tag-ultimenotizieenewsdioggi"],"share_on_mastodon":{"url":"","error":"Validation failed: Text character limit of 500 exceeded"},"_links":{"self":[{"href":"https:\/\/www.europesays.com\/it\/wp-json\/wp\/v2\/posts\/316962","targetHints":{"allow":["GET"]}}],"collection":[{"href":"https:\/\/www.europesays.com\/it\/wp-json\/wp\/v2\/posts"}],"about":[{"href":"https:\/\/www.europesays.com\/it\/wp-json\/wp\/v2\/types\/post"}],"author":[{"embeddable":true,"href":"https:\/\/www.europesays.com\/it\/wp-json\/wp\/v2\/users\/3"}],"replies":[{"embeddable":true,"href":"https:\/\/www.europesays.com\/it\/wp-json\/wp\/v2\/comments?post=316962"}],"version-history":[{"count":0,"href":"https:\/\/www.europesays.com\/it\/wp-json\/wp\/v2\/posts\/316962\/revisions"}],"wp:featuredmedia":[{"embeddable":true,"href":"https:\/\/www.europesays.com\/it\/wp-json\/wp\/v2\/media\/316963"}],"wp:attachment":[{"href":"https:\/\/www.europesays.com\/it\/wp-json\/wp\/v2\/media?parent=316962"}],"wp:term":[{"taxonomy":"category","embeddable":true,"href":"https:\/\/www.europesays.com\/it\/wp-json\/wp\/v2\/categories?post=316962"},{"taxonomy":"post_tag","embeddable":true,"href":"https:\/\/www.europesays.com\/it\/wp-json\/wp\/v2\/tags?post=316962"}],"curies":[{"name":"wp","href":"https:\/\/api.w.org\/{rel}","templated":true}]}}