{"id":316966,"date":"2026-01-21T22:40:10","date_gmt":"2026-01-21T22:40:10","guid":{"rendered":"https:\/\/www.europesays.com\/it\/316966\/"},"modified":"2026-01-21T22:40:10","modified_gmt":"2026-01-21T22:40:10","slug":"chi-e-iva-jovic-lamericana-di-18-anni-che-affrontera-jasmine-paolini-agli-australian-open","status":"publish","type":"post","link":"https:\/\/www.europesays.com\/it\/316966\/","title":{"rendered":"Chi \u00e8 Iva Jovic, l&#8217;americana di 18 anni che affronter\u00e0 Jasmine Paolini agli Australian Open"},"content":{"rendered":"<p><strong>Sar\u00e0 come da pronostico Iva Jovic l\u2019avversaria di Jasmine Paolini al terzo turno degli Australian Open 2026<\/strong>, primo Major della stagione tennistica in corso di svolgimento sui campi in cemento di Melbourne. Venerd\u00ec 23 gennaio si affronteranno dunque la n.8 e la n.27 al mondo in un match che mette in palio l\u2019accesso agli ottavi di finale dell\u2019Happy Slam.<\/p>\n<p>Si preannuncia una sfida abbastanza complicata per l\u2019azzurra, che parte comunque con i favori del pronostico ma sar\u00e0 chiamata ad una prestazione di alto profilo per approdare alla seconda settimana del torneo ed eguagliare come minimo il suo miglior risultato di sempre nell\u2019Open d\u2019Australia (gli ottavi del 2024, quando fu eliminata in due set dalla russa Anna Kalinskaya).<\/p>\n<p>Jovic, <strong>nata in California il 6 dicembre 2007<\/strong>, sta effettuando una crescita importante e rappresenta una delle giovani promesse pi\u00f9 interessanti del tennis femminile americano. A soli 18 anni la statunitense (con origini serbe e croate) vanta gi\u00e0 in bacheca un titolo WTA conquistato lo scorso settembre a Guadalajara oltre ad un\u2019altra finale persa pochi giorni fa a Hobart contro la marchigiana Elisabetta Cocciaretto.<\/p>\n<p>L\u2019allieva di Thomas Gutteridge, testa di serie n.29 in Australia, non ha ancora trovato un grande exploit negli Slam ed infatti il terzo turno raggiunto questa settimana a Melbourne \u00e8 gi\u00e0 il suo miglior risultato in carriera a livello Major. <strong>Paolini ha vinto entrambi i precedenti,<\/strong> disputati nella passata stagione, il primo in tre set a Indian Wells per 7-6 1-6 6-3 ed il pi\u00f9 recente al secondo turno degli US Open con un duplice 6-3.<\/p>\n","protected":false},"excerpt":{"rendered":"Sar\u00e0 come da pronostico Iva Jovic l\u2019avversaria di Jasmine Paolini al terzo turno degli Australian Open 2026, primo&hellip;\n","protected":false},"author":3,"featured_media":316967,"comment_status":"","ping_status":"","sticky":false,"template":"","format":"standard","meta":{"footnotes":"","_share_on_mastodon":"0"},"categories":[1457],"tags":[156603,1537,90,89,44666,245,244,1273],"class_list":["post-316966","post","type-post","status-publish","format-standard","has-post-thumbnail","category-tennis","tag-australian-open-2026","tag-it","tag-italia","tag-italy","tag-iva-jovic","tag-sport","tag-sports","tag-tennis"],"share_on_mastodon":{"url":"https:\/\/pubeurope.com\/@it\/115935498981223332","error":""},"_links":{"self":[{"href":"https:\/\/www.europesays.com\/it\/wp-json\/wp\/v2\/posts\/316966","targetHints":{"allow":["GET"]}}],"collection":[{"href":"https:\/\/www.europesays.com\/it\/wp-json\/wp\/v2\/posts"}],"about":[{"href":"https:\/\/www.europesays.com\/it\/wp-json\/wp\/v2\/types\/post"}],"author":[{"embeddable":true,"href":"https:\/\/www.europesays.com\/it\/wp-json\/wp\/v2\/users\/3"}],"replies":[{"embeddable":true,"href":"https:\/\/www.europesays.com\/it\/wp-json\/wp\/v2\/comments?post=316966"}],"version-history":[{"count":0,"href":"https:\/\/www.europesays.com\/it\/wp-json\/wp\/v2\/posts\/316966\/revisions"}],"wp:featuredmedia":[{"embeddable":true,"href":"https:\/\/www.europesays.com\/it\/wp-json\/wp\/v2\/media\/316967"}],"wp:attachment":[{"href":"https:\/\/www.europesays.com\/it\/wp-json\/wp\/v2\/media?parent=316966"}],"wp:term":[{"taxonomy":"category","embeddable":true,"href":"https:\/\/www.europesays.com\/it\/wp-json\/wp\/v2\/categories?post=316966"},{"taxonomy":"post_tag","embeddable":true,"href":"https:\/\/www.europesays.com\/it\/wp-json\/wp\/v2\/tags?post=316966"}],"curies":[{"name":"wp","href":"https:\/\/api.w.org\/{rel}","templated":true}]}}