{"id":317501,"date":"2026-01-22T06:23:18","date_gmt":"2026-01-22T06:23:18","guid":{"rendered":"https:\/\/www.europesays.com\/it\/317501\/"},"modified":"2026-01-22T06:23:18","modified_gmt":"2026-01-22T06:23:18","slug":"la-licenza-continental-il-calendario-2026-le-nuove-reclute-erootkin-gray","status":"publish","type":"post","link":"https:\/\/www.europesays.com\/it\/317501\/","title":{"rendered":"LA LICENZA CONTINENTAL, IL CALENDARIO 2026, LE NUOVE RECLUTE E\u2026ROOTKIN-GRAY"},"content":{"rendered":"<p class=\"MsoNormal\" style=\"text-align: justify;\">Sono sicuramente costate pi\u00f9 tempo e fatica del previsto ma, alla fine, le laboriose pratiche che lo <b>Swatt Club<\/b> si \u00e8 trovato a sbrigare negli ultimi mesi hanno dato i loro frutti e, il 9 gennaio scorso, la <a href=\"https:\/\/www.tuttobiciweb.it\/article\/2025\/06\/29\/1751208083\/ciclismo-campionato-italiano-filippo-conca-swatt-club\" rel=\"nofollow noopener\" target=\"_blank\">squadra vincitrice dell\u2019ultimo Campionato Italiano con <b>Filippo Conca<\/b><\/a> ha potuto annunciare l\u2019ottenimento della tanto agognata <b>licenza Continental<\/b> per la stagione 2026.\n            <\/p>\n<p class=\"MsoNormal\" style=\"text-align: justify;\">La notizia, piuttosto rilevante per il movimento nostrano (con l\u2019inserimento in terza fascia della compagine azzurra l\u2019Italia raggiunge la Cina come paese con il maggior numero di formazioni Continental registrate al momento presso l\u2019UCI), rappresenta chiaramente un importante passo per il team brianzolo che, grazie a questa promozione, nei prossimi mesi potr\u00e0 elevare il livello del proprio calendario portando i suoi effettivi a competere in gare nazionali e internazionali sia .1 che .Pro.<\/p>\n<p class=\"MsoNormal\" style=\"text-align: justify;\">Cos\u00ec facendo, le sfide, la qualit\u00e0 degli avversari ma anche l\u2019esposizione mediatica saranno notevolmente maggiori per gli uomini del Presidente Carlo Beretta che, approfittando della novit\u00e0 che ha interessato la sua rappresentativa, abbiamo sentito per fare il punto sull\u2019annata che aspetta lo Swatt Club e non solo.<\/p>\n<p class=\"MsoNormal\" style=\"text-align: justify;\"><b>Partiamo dall&#8217;attualit\u00e0 ovverosia dall&#8217;ottenimento della licenza Continental per il 2026. \u00c8 un upgrade questo che apre scenari molto interessanti per voi ma che, come avete fatto intendere, non \u00e8 stato semplice raggiungere.<\/b><\/p>\n<p class=\"MsoNormal\" style=\"text-align: justify;\">\u201cEsatto. Le difficolt\u00e0 sono nate dal fatto che eravamo alla prima affiliazione e come Swatt, autofinanziandoci, siamo una realt\u00e0 particolare. Nonostante tutto per\u00f2 siamo riusciti a fare questo passo e, a tal proposito, devo ringraziare tutti quelli che mi hanno dato una mano, comprese <b>le persone della Federazione<\/b> che sono state super aperte e mi hanno aiutato con la documentazione comprendendo anche loro, come tutti del resto, che avrebbe giovato avere una squadra come noi tra le Continental\u201d.<\/p>\n<p class=\"MsoNormal\" style=\"text-align: justify;\"><b>Cosa cambia per voi?<\/b><\/p>\n<p class=\"MsoNormal\" style=\"text-align: justify;\">\u201cDa un punto di vista agonistico, questo passaggio cambia poco perch\u00e9 la squadra avr\u00e0 la stessa impostazione del 2025 e perch\u00e9 ho avuto la conferma, nell\u2019ultimo anno, che <b>la differenza tra Continental e club non \u00e8 poi cos\u00ec elevata<\/b>. La vera differenza \u00e8 che, sebbene anche come club sia possibile fare un bel calendario, la nuova licenza ci dar\u00e0 la possibilit\u00e0 di fare corse pi\u00f9 importanti come il <b>Giro dell&#8217;Appennino<\/b> (che \u00e8 gi\u00e0 confermato) e, soprattutto, le due gare per cui ci siamo detti che valeva la pena fare questa follia: il <b>Tour of Denmark,\u00a0<\/b>per cui abbiamo gi\u00e0 ricevuto l\u2019invito, e la <b>Coppa Agostoni <\/b>alla quale speriamo\u00a0di essere invitati\u201d.<\/p>\n<p class=\"MsoNormal\" style=\"text-align: justify;\"><b>Cosa rappresenta per te e per Swatt la Coppa Agostoni? <\/b><\/p>\n<p class=\"MsoNormal\" style=\"text-align: justify;\">\u201c\u00c8 la corsa che passa a cinque metri dalla nostra sede e, personalmente, \u00e8 la <b>prima gara che ho visto in vita mia quando avevo 5-6 anni<\/b>, dal balcone con mia nonna. Per me ha un valore unico. \u00c8 anche una manifestazione che, storicamente, ha sempre avuto grandi campioni al via, una gara dove noi siamo sempre andati a fare il tifo e che meriterebbe pi\u00f9 pubblico di quello che ha perch\u00e9 \u00e8 veramente dura e bellissima. Insomma, \u00e8 un legame emotivo quello che ci lega all\u2019Agostoni\u201d.<\/p>\n<p class=\"MsoNormal\" style=\"text-align: justify;\"><b>Prima di arrivare all\u2019Agostoni, inizierete ancora una volta la vostra stagione in Grecia? <\/b><\/p>\n<p class=\"MsoNormal\" style=\"text-align: justify;\">\u201cS\u00ec. In tutto passeremo l\u00e0 tre settimane attaccandoci per la prima volta il numero sulla schiena a <b>Visit South Aegean, Region on Dodecanese<\/b> (due corse 1.1) e <b>Tour of Rhodes<\/b> che gi\u00e0 a ottobre ci avevano confermato l&#8217;invito e dove noi ci siamo trovati super bene l\u2019anno scorso. A tal riguardo, possiamo dire che, in linea generale, rifaremo pi\u00f9 o meno tutte le gare che abbiamo disputato nel 2025 perch\u00e9 ci sono piaciute e a queste ne aggiungeremo alcune come, ad esempio, l\u2019<b>Olympia\u2019s Tour<\/b> di fine marzo in Olanda, paese dove, come il Belgio, finora non abbiamo mai corso. La scelta \u00e8 legata al fatto che nel roster per questa stagione abbiamo in squadra gente da nord come Olivo e Mads Andersen\u201d.<\/p>\n<p class=\"MsoNormal\" style=\"text-align: justify;\"><img loading=\"lazy\" decoding=\"async\" src=\"https:\/\/www.europesays.com\/it\/wp-content\/uploads\/2026\/01\/696e741f9c0ab803c60db1d2.jpeg\" alt=\"\" width=\"920\" height=\"615\"\/><\/p>\n<p class=\"MsoNormal\" style=\"text-align: justify;\"><b>Immagino sar\u00e0 una prima volta molto interessante che vi aiuter\u00e0 a capire ancor di pi\u00f9 il vostro livello.<\/b><\/p>\n<p class=\"MsoNormal\" style=\"text-align: justify;\">\u201cSul livello posso dire che, se l&#8217;anno scorso, prima di iniziare quest\u2019avventura, non avevamo bene idea di dove potessimo collocarci, adesso siamo sicuramente pi\u00f9 consapevoli di dove siamo. Anch\u2019io, con un anno di esperienza in pi\u00f9, ho capito meglio le differenze tra una categoria e l\u2019altra e quindi mi sento di dire che questa stagione, considerati i profili che abbiamo in squadra, <b>forse siamo quasi pi\u00f9 forti del 2025 in termini assoluti<\/b>\u201d.\u00a0 <\/p>\n<p class=\"MsoNormal\" style=\"text-align: justify;\"><b>I nomi che comporranno il team Continental per il 2026 sono gi\u00e0 noti ma quante application avete ricevuto attraverso il forum che avete postato sui vostri canali e come siete arrivati a selezionare i ragazzi che poi avete scelto?<\/b><\/p>\n<p class=\"MsoNormal\" style=\"text-align: justify;\">\u201cDi richieste ne abbiamo avute tantissime, <b>tra le 600 e le 700 da tutto il mondo<\/b>. Pensavo di riceverne la maggior parte da ragazzi agli ultimi anni nella categoria Under 23 o ai primi anni negli \u00e9lite e invece la maggior parte \u00e8 arrivata da <b>ragazzi ai primi anni da under 23 o agli ultimi fra gli juniores<\/b>. Alla fine, posso dire che il file con le applications era davvero pieno di gran bei motori ma in definitiva quest&#8217;anno da l\u00ec non abbiamo scelto nessuno. Con una decina di loro abbiamo parlato, ci siamo sentiti, ad uno (un ungherese) ho fatto fare anche dei test per verificarne i valori, ma in conclusione, anche se avremmo potuto pescare tantissimi ragazzi, abbiamo selezionato gente che ci ha contatto direttamente via telefono o via messaggio il cui nome parlava per loro. \u00c8 questo il caso, ad esempio, di <b>Oioli, Olivo, Lorenzo Galimberti<\/b> e dello stesso <b>Andersen<\/b> che mi hanno scritto o telefonato in prima persona, magari dopo aver sentito e domandato se c\u2019era posto ad alcuni dei ragazzi che erano gi\u00e0 con noi. Non nascondo che avremmo potuto prendere tanti altri corridori e fare una squadra ancora pi\u00f9 forte ma abbiamo dovuto fare i conti anche con i <b>regolamenti<\/b>. <b>Stokbro<\/b>, per esempio, ragazzo che abbiamo preso per fare gravel, avremmo voluto includerlo nel team per la strada perch\u00e9 ha fatto due anni di World Tour e tre anni in squadre ProTeam, ma non \u00e8 stato possibile perch\u00e9, da Continental, posso avere a roster solo sedici ragazzi di cui sei devono essere Under 23 e lui ha 29 anni. \u00c8 un peccato ma \u00e8 cos\u00ec, lo vedremo solo nel gravel\u201d.<\/p>\n<p class=\"MsoNormal\" style=\"text-align: justify;\"><b>Parlando di Oioli e Olivo, come hai trovato questi due ragazzi? Ti ha sorpreso non vederli al livello superiore?<\/b><\/p>\n<p class=\"MsoNormal\" style=\"text-align: justify;\">\u201cNo, non mi sorprende non vederli tra i pro\u2019: i posti, si sa, sono pochi, il livello \u00e8 appiattito verso l&#8217;alto e i giovani che vanno forte sono davvero tanti per cui, visto il quadro generale, <b>\u00e8 normale che parecchia gente brava rimanga a piedi<\/b>. I nostri corridori poi, essendoci solo tre squadre ProTeam pi\u00f9 la MBH Bank (che ha licenza ungherese ma possiamo considerarla italiana), dove possono andare? Nel WorldTour ormai non c&#8217;\u00e8 spazio&#8230; Sicuramente pensavo che trovassero una sistemazione presso altre squadre dilettantistiche o comunque del nostro livello ma, guardando le cose dalla nostra prospettiva, sono contento che siano finiti con noi perch\u00e9 parlandoci al telefono <b>ho subito capito che poteva esserci il giusto feeling<\/b>. Con tutti, dai nuovi ai ragazzi che si sono uniti a noi l\u2019anno scorso, ho avuto la sensazione di parlare sempre con la stessa persona perch\u00e9 tutti hanno tirato fuori le stesse idee e le stesse motivazioni. Ognuno di loro vuole prima di tutto <b>ritrovare le sensazioni di quando era bambino, la passione pura per lo sport e per l&#8217;agonismo, il desiderio di andare in bici perch\u00e9 \u00e8 qualcosa che gli piace e non perch\u00e9 bisogna farlo diventare un lavoro<\/b>. Tutto questo sposta parecchio. Olivo e anche Oioli, da questo punto di vista, ora li vedo determinati ai massimi livelli\u201d.<\/p>\n<p class=\"MsoNormal\" style=\"text-align: justify;\"><img loading=\"lazy\" decoding=\"async\" src=\"https:\/\/www.europesays.com\/it\/wp-content\/uploads\/2026\/01\/696e74ad384c37edf301b463.jpeg\" alt=\"\" width=\"900\" height=\"576\"\/><\/p>\n<p class=\"MsoNormal\" style=\"text-align: justify;\"><b>Invece che ci dici di Mads Andersen? Come \u00e8 nato il suo rapporto con Swatt? <\/b><\/p>\n<p class=\"MsoNormal\" style=\"text-align: justify;\">\u201cMads \u00e8 amico di <b>Kasper Andersen<\/b> e i danesi, compreso Asbj\u00f8rn (Hellemose, ndr), me ne avevano sempre parlato bene. \u00c8 entrato in contatto con noi quest&#8217;estate, perch\u00e9 \u00e8 venuto a correre lo <b>Swatt Crit<\/b> (la nostra gara sociale con gli amatori) a luglio, dopo la vittoria di Conca al Campionato Italiano, e in quella circostanza, siccome era gi\u00e0 sul posto, gli ho detto di fare due settimane di training camp e l\u00ec si \u00e8 innamorato di tutto l&#8217;ambiente. A settembre-ottobre poi abbiamo trovato l&#8217;accordo\u201d.<\/p>\n<p class=\"MsoNormal\" style=\"text-align: justify;\"><b>Che atleta \u00e8?<\/b><\/p>\n<p class=\"MsoNormal\" style=\"text-align: justify;\">\u201c<b>\u00c8 un tipo di corridore che l&#8217;anno scorso non avevamo<\/b> e ha il potenziale per far un gran bene. \u00c8 sempre cresciuto gradualmente e i risultati che ha fatto quest&#8217;anno, <a href=\"https:\/\/www.tuttobiciweb.it\/article\/2025\/09\/14\/1757872665\/gp-van-looy-vittoria-pedersen-penalver\" rel=\"nofollow noopener\" target=\"_blank\">vincendo il <b>GP Van Looy<\/b> <\/a>e altre corse .2, mi hanno abbastanza colpito. Sinceramente pensavo che qualche squadra ProTeam arrivasse a fargli una proposta concreta, perch\u00e9 comunque se vinci un certo tipo di corse \u00e8 perch\u00e9 vai forte, ma non si \u00e8 andati oltre a qualche contatto. Ha avuto s\u00ec tante offerte da altre squadre Continental, ma a quel punto ha preferito imbarcarsi con noi in questa nuova avventura. \u00c8 un ragazzo che per il peso che ha (90 chili), i wattaggi astronomici e la storia alle sue spalle (lavorava in macelleria ed \u00e8 per questo che \u00e8 chiamato \u201cil macellaio\u201d) <b>ha davvero qualcosa di particolare<\/b>\u201d.<\/p>\n<p class=\"MsoNormal\" style=\"text-align: justify;\"><b>Per svelare ufficialmente il roster 2026 nella sua interezza farete (e, se s\u00ec, quando) un annuncio come quello dell&#8217;anno scorso dove i corridori furono presentati a mo\u2019 di calciatori? <\/b><\/p>\n<p class=\"MsoNormal\" style=\"text-align: justify;\">\u201cIl lancio del roster lo faremo a met\u00e0 febbraio quando saremo a <b>Girona<\/b>. Non avremo le maglie da calcio ma qualcosa di simile che, sempre nel nostro stile, richiamer\u00e0 gli anni 2000. Posso per\u00f2 confermare tranquillamente che, oltre ai nomi nuovi che sono stati comunicati in queste settimane (oltre a Oioli, Andersen e Olivo, anche Edoardo Bolzan, Francesco Collov\u00e0, Jacopo Galimberti, Daniele Locatelli, Thomas Rigamonti, ndr) del roster faranno sempre parte <b>Carollo, Pettiti, Ginestra, Garavaglia<\/b> e <b>Kasper Andersen<\/b>. Con loro ci sar\u00e0 poi anche <b>Jack Rootkin-Gray<\/b>, il quarto classificato ai <b>Mondiali di Glasgow<\/b> tra gli Under 23: dopo aver fatto due anni in <b>EF<\/b>, \u00e8 rimasto a piedi e al momento \u00e8 ai box perch\u00e9 si \u00e8 infortunato a settembre in Italia ma dovrebbe tornare per giugno-luglio. Non sappiamo ancora in che condizioni sar\u00e0 e quando lo integreremo nel roster ma posso dirti che <b>anche lui sicuramente sar\u00e0 dei nostri quest\u2019anno<\/b>\u201d.<\/p>\n<p class=\"MsoNormal\" style=\"text-align: justify;\"><b>Ma l&#8217;avete contattato voi o \u00e8 lui che \u00e8 entrato in contatto con Swatt tramite qualcuno?<\/b><\/p>\n<p class=\"MsoNormal\" style=\"text-align: justify;\">\u201c\u00c8 successo come accade sempre pi\u00f9 di frequente al giorno d\u2019oggi: i ragazzi iniziano a seguirti su Instagram, ti mettono qualche like e allora comprendi che hanno bisogno di una squadra. Ormai \u00e8 cos\u00ec, lo capisco al volo. Jack in particolare ha scritto un messaggio alla nostra pagina dicendomi, gi\u00e0 ad agosto e settembre, che voleva capire qualcosa in pi\u00f9 sul nostro team. A quel punto, ho fatto due chiamate per capire la situazione, lui mi ha chiesto se poteva unirsi a noi e gli ho risposto di venire a fare qualche gara gravel e che poi avremmo capito, in base alle sue sensazioni, se riprendere a correre anche su strada. Sinceramente non potevo dirgli di no. Mi ha detto, discorso che ho sentito gi\u00e0 da tanti altri prima di lui, che non si divertiva come faceva nel suo team precedente ossia il <b>Saint-Pirain<\/b>, squadra dove nel 2023 aveva fatto una grande stagione. In ogni caso parliamo di un ragazzo che sicuramente, per fare quarto a un Mondiale U23, fermo non \u00e8 per cui \u00e8 un super piacere averlo in squadra e speriamo vivamente di poterlo schierare anche in qualche gara su strada\u201d.<\/p>\n<p class=\"MsoNormal\" style=\"text-align: justify;\"><b>Tutto questo per\u00f2, confermi, dall\u2019estate in poi.<\/b><\/p>\n<p class=\"MsoNormal\" style=\"text-align: justify;\">\u201cAssolutamente. Lui mi ha detto che vuole <b>prendersi almeno fino a giugno per tornare senza fretta sui suoi livelli <\/b>e recuperare bene dall&#8217;infortunio e io, da questo punto di vista, gli ho dato piena libert\u00e0 di scelta\u201d.<\/p>\n<p class=\"MsoNormal\" style=\"text-align: justify;\">Per leggere la seconda parte dell\u2019intervista a Carlo Beretta che uscir\u00e0 prossimamente restate connessi su www.tuttobiciweb.it.<\/p>\n<p class=\"MsoNormal\" style=\"text-align: justify;\">Photo Credit: Swatt Club<\/p>\n","protected":false},"excerpt":{"rendered":"Sono sicuramente costate pi\u00f9 tempo e fatica del previsto ma, alla fine, le laboriose pratiche che lo Swatt&hellip;\n","protected":false},"author":3,"featured_media":317502,"comment_status":"","ping_status":"","sticky":false,"template":"","format":"standard","meta":{"footnotes":"","_share_on_mastodon":"0"},"categories":[1456],"tags":[23028,1824,100631,1825,1537,90,89,187219,245,244,18853],"class_list":["post-317501","post","type-post","status-publish","format-standard","has-post-thumbnail","category-ciclismo","tag-beretta","tag-ciclismo","tag-continental","tag-cycling","tag-it","tag-italia","tag-italy","tag-rootkin-gray","tag-sport","tag-sports","tag-swatt-club"],"share_on_mastodon":{"url":"https:\/\/pubeurope.com\/@it\/115937319510828464","error":""},"_links":{"self":[{"href":"https:\/\/www.europesays.com\/it\/wp-json\/wp\/v2\/posts\/317501","targetHints":{"allow":["GET"]}}],"collection":[{"href":"https:\/\/www.europesays.com\/it\/wp-json\/wp\/v2\/posts"}],"about":[{"href":"https:\/\/www.europesays.com\/it\/wp-json\/wp\/v2\/types\/post"}],"author":[{"embeddable":true,"href":"https:\/\/www.europesays.com\/it\/wp-json\/wp\/v2\/users\/3"}],"replies":[{"embeddable":true,"href":"https:\/\/www.europesays.com\/it\/wp-json\/wp\/v2\/comments?post=317501"}],"version-history":[{"count":0,"href":"https:\/\/www.europesays.com\/it\/wp-json\/wp\/v2\/posts\/317501\/revisions"}],"wp:featuredmedia":[{"embeddable":true,"href":"https:\/\/www.europesays.com\/it\/wp-json\/wp\/v2\/media\/317502"}],"wp:attachment":[{"href":"https:\/\/www.europesays.com\/it\/wp-json\/wp\/v2\/media?parent=317501"}],"wp:term":[{"taxonomy":"category","embeddable":true,"href":"https:\/\/www.europesays.com\/it\/wp-json\/wp\/v2\/categories?post=317501"},{"taxonomy":"post_tag","embeddable":true,"href":"https:\/\/www.europesays.com\/it\/wp-json\/wp\/v2\/tags?post=317501"}],"curies":[{"name":"wp","href":"https:\/\/api.w.org\/{rel}","templated":true}]}}