{"id":317521,"date":"2026-01-22T06:45:11","date_gmt":"2026-01-22T06:45:11","guid":{"rendered":"https:\/\/www.europesays.com\/it\/317521\/"},"modified":"2026-01-22T06:45:11","modified_gmt":"2026-01-22T06:45:11","slug":"neve-a-torino-tra-venerdi-e-domenica-cosa-dicono-le-previsioni-e-perche-stavolta-puo-arrivare-sul-serio","status":"publish","type":"post","link":"https:\/\/www.europesays.com\/it\/317521\/","title":{"rendered":"Neve a Torino tra venerd\u00ec e domenica? Cosa dicono le previsioni e perch\u00e9 stavolta pu\u00f2 arrivare sul serio"},"content":{"rendered":"<p>    di<br \/>\n    Cesare Ferrari<\/p>\n<p class=\"summary-art is-line-h-12\">Tra aria fredda dall\u2019Est Europa e perturbazioni atlantiche, nevicate nel weekend possibili in pianura, molto probabili in altura. L\u2019evoluzione del meteo da gioved\u00ec a domenica. Cosa sono le \u00abnevicate da addolcimento\u00bb<\/p>\n<p class=\"chapter-paragraph\">Il ritorno dell\u2019inverno vero, quello \u00abdi una volta\u00bb a Torino? Possibile, non certo. Tra venerd\u00ec e domenica il Nord Ovest sar\u00e0 interessato da una doppia perturbazione, con temperature prossime allo zero e la concreta possibilit\u00e0 di neve in pianura, come concordano meteo.it e gli altri principali siti meteo.<\/p>\n<p>    Il meteo da gioved\u00ec: incognita neve in citt\u00e0<\/p>\n<p class=\"chapter-paragraph\">Fino a gioved\u00ec sera, <b>22 gennaio<\/b>, su Torino prevarranno rasserenamenti e clima freddo ma asciutto, grazie all\u2019afflusso di aria dai Balcani che andr\u00e0 a costruire un \u00abcuscino freddo\u00bb nei bassi strati della Pianura Padana. Il passaggio chiave arriva per\u00f2 <b>venerd\u00ec 23 gennaio<\/b>. La giornata sar\u00e0 grigia e umida, con temperature comprese tra 1 e 4 gradi. Al mattino sono attese nubi sparse, mentre dal pomeriggio la nuvolosit\u00e0 diventer\u00e0 compatta.<b> In serata potranno arrivare le prime precipitazioni,<\/b> inizialmente sotto forma di <b>pioggia mista a neve<\/b>, con quota neve in rapido calo fino a sfiorare la pianura. Lo zero termico \u00e8 previsto intorno ai 500 metri e, nelle fasi pi\u00f9 intense, i fiocchi potrebbero comparire anche in citt\u00e0,<b> nei quartieri pi\u00f9 periferici e nelle ore notturne<\/b>.\u00a0<b>Sabato<\/b>\u00a0possibili pause asciutte ma clima sempre freddo. <b>Domenica<\/b> \u00e8 atteso un secondo fronte perturbato, pi\u00f9 stabile: se le temperature resteranno basse, non \u00e8 esclusa una nuova occasione per la neve anche su Torino.    &#13;<br \/>\n&#13;<br \/>\n&#13;<br \/>\n&#13;<br \/>\n&#13;<br \/>\n&#13;<br \/>\n&#13;<br \/>\n&#13;<br \/>\n&#13;<br \/>\n&#13;<br \/>\n&#13;<br \/>\n&#13;<br \/>\n&#13;<br \/>\n&#13;<br \/>\n&#13;<br \/>\n&#13;<br \/>\n&#13;<br \/>\n&#13;<br \/>\n&#13;<br \/>\n&#13;<br \/>\n&#13;<br \/>\n&#13;<br \/>\n&#13;<br \/>\n&#13;<br \/>\n&#13;<br \/>\n&#13;<br \/>\n&#13;<br \/>\n&#13;<br \/>\n&#13;<br \/>\n&#13;<br \/>\n&#13;<br \/>\n&#13;<br \/>\n&#13;<br \/>\n&#13;<br \/>\n&#13;<br \/>\n&#13;<br \/>\n&#13;<br \/>\n&#13;<br \/>\n&#13;<br \/>\n&#13;<br \/>\n&#13;<br \/>\n&#13;<br \/>\n&#13;<br \/>\n&#13;<br \/>\n&#13;<br \/>\n&#13;<br \/>\n&#13;<br \/>\n&#13;<br \/>\n&#13;<br \/>\n&#13;<br \/>\n&#13;<br \/>\n&#13;<br \/>\n&#13;\n<\/p>\n<p>    Neve a Torino, come potrebbe arrivare il miracolo\u00bb<\/p>\n<p class=\"chapter-paragraph\">La configurazione atmosferica \u00e8 quella tipica delle cosiddette<b> \u00abnevicate da addolcimento\u00bb<\/b>, tipiche degli inverni degli anni Settanta e Ottanta. Da un lato, un flusso di aria fredda continentale dall\u2019Est Europa; dall\u2019altro, una perturbazione atlantica che richiama aria pi\u00f9 mite e umida sopra lo strato freddo presente al suolo.\u00a0\u00c8 il cocktail che pu\u00f2 favorire precipitazioni nevose fino in pianura, a patto per\u00f2 che le temperature restino anche solo di uno o due gradi attorno allo zero. In un contesto climatico pi\u00f9 caldo rispetto al passato, basta infatti una minima variazione per trasformare la neve in pioggia o nevischio.\u00a0Non \u00e8 mancato, in questo caso, il freddo nei giorni precedenti e non mancher\u00e0 nei prossimi giorni: a circa 1.500 metri di quota sono attese temperature di -3\/-4 \u00b0C, condizione che pu\u00f2 favorire l\u2019<b>omotermia <\/b>e il rovesciamento dell\u2019aria fredda verso il basso durante le precipitazioni pi\u00f9 intense. Decisivi saranno anche i venti: correnti da <b>Scirocco <\/b>aiuterebbero le precipitazioni sul Piemonte, mentre il <b>Libeccio <\/b>potrebbe invece lasciare la regione in ombra pluviometrica.<\/p>\n<p>    Neve e maltempo da gioved\u00ec a\u00a0 in Piemonte e resto d\u2019Italia<\/p>\n<p class=\"chapter-paragraph\">In <b>Piemonte<\/b>, in generale, la probabilit\u00e0 di neve \u00e8 alta, soprattutto sul <b>Cuneese<\/b>, dove le nevicate in pianura sono considerate probabili. Buone chance anche su Torinese, appunto,\u00a0 e pianure occidentali, Salendo di quota le precipitazioni saranno sicuramente nevose e abbondanti sulle Alpi.<br \/>Nel resto del Nord Ovest la situazione \u00e8 pi\u00f9 sfumata: in Lombardia occidentale la probabilit\u00e0 resta media, con il rischio di pioggia mista a neve, mentre lungo la Bassa Padana\u00a0 il ristagno dell\u2019aria fredda potrebbe favorire la neve rispetto all\u2019Alta Pianura.\u00a0A livello nazionale, il quadro resta diviso in due. Dopo giorni di forte maltempo, il Sud vedr\u00e0 un miglioramento con l\u2019allontanamento del ciclone mediterraneo che ha colpito Sicilia, Calabria e Sardegna. Al Centro il tempo sar\u00e0 pi\u00f9 variabile, mentre il Nord torner\u00e0 a essere il cuore dell\u2019inverno italiano.<\/p>\n<p class=\"is-mr-t-20 is-mr-b-20\"><b><br \/>\n                    <a href=\"https:\/\/torino.corriere.it\/?intcmp=Notizielocali_nd_010623_corriere_ss_nd\" target=\"_blank\" rel=\"nofollow noopener\">Vai a tutte le notizie di Torino<\/a><br \/>\n            <\/b><\/p>\n<p class=\"chapter-paragraph\"><b><a href=\"https:\/\/www.corriere.it\/newsletter\/?theme=35&amp;intcmp=IIIcolonna_NL_CorTorino\" target=\"_blank\" rel=\"nofollow noopener\">Iscriviti alla newsletter di Corriere Torino<\/a><\/b><\/p>\n<p class=\"is-last-update\" datetime=\"2026-01-21T10:28:13+01:00\">21 gennaio 2026 ( modifica il 21 gennaio 2026 | 10:28)<\/p>\n<p class=\"is-copyright\">\n            \u00a9 RIPRODUZIONE RISERVATA\n        <\/p>\n","protected":false},"excerpt":{"rendered":"di Cesare Ferrari Tra aria fredda dall\u2019Est Europa e perturbazioni atlantiche, nevicate nel weekend possibili in pianura, molto&hellip;\n","protected":false},"author":3,"featured_media":317522,"comment_status":"","ping_status":"","sticky":false,"template":"","format":"standard","meta":{"footnotes":"","_share_on_mastodon":"0"},"categories":[79],"tags":[187220,7554,7488,99981,36,19807,8840,187221,14,93,94,1112,7625,187222,3085,19267,11669,6958,2614,5302,11851,36259,47321,1537,90,89,437,419,187223,3203,20399,187224,22542,131016,118414,187225,7,101,15,51252,2059,634,46077,9609,102,1641,11,84,91,12,85,92,8434,7778],"class_list":["post-317521","post","type-post","status-publish","format-standard","has-post-thumbnail","category-italia","tag-addolcimento","tag-alta","tag-aria","tag-aria-fredda","tag-arrivare","tag-attese","tag-clima","tag-clima-freddo","tag-cronaca","tag-cronaca-italiana","tag-cronacaitaliana","tag-domenica","tag-est","tag-est-europa","tag-europa","tag-favorire","tag-fredda","tag-freddo","tag-gennaio","tag-giovedi","tag-gradi","tag-intense","tag-inverno","tag-it","tag-italia","tag-italy","tag-maltempo","tag-meteo","tag-meteo-giovedi","tag-metri","tag-mista","tag-mista-neve","tag-neve","tag-neve-torino","tag-nevicate","tag-nevicate-addolcimento","tag-news","tag-nord","tag-notizie","tag-pianura","tag-piemonte","tag-pioggia","tag-precipitazioni","tag-quota","tag-temperature","tag-torino","tag-ultime-notizie","tag-ultime-notizie-e-news-di-oggi","tag-ultime-notizie-italia","tag-ultimenotizie","tag-ultimenotizieenewsdioggi","tag-ultimenotizieitalia","tag-venerdi","tag-zero"],"share_on_mastodon":{"url":"","error":"Validation failed: Text character limit of 500 exceeded"},"_links":{"self":[{"href":"https:\/\/www.europesays.com\/it\/wp-json\/wp\/v2\/posts\/317521","targetHints":{"allow":["GET"]}}],"collection":[{"href":"https:\/\/www.europesays.com\/it\/wp-json\/wp\/v2\/posts"}],"about":[{"href":"https:\/\/www.europesays.com\/it\/wp-json\/wp\/v2\/types\/post"}],"author":[{"embeddable":true,"href":"https:\/\/www.europesays.com\/it\/wp-json\/wp\/v2\/users\/3"}],"replies":[{"embeddable":true,"href":"https:\/\/www.europesays.com\/it\/wp-json\/wp\/v2\/comments?post=317521"}],"version-history":[{"count":0,"href":"https:\/\/www.europesays.com\/it\/wp-json\/wp\/v2\/posts\/317521\/revisions"}],"wp:featuredmedia":[{"embeddable":true,"href":"https:\/\/www.europesays.com\/it\/wp-json\/wp\/v2\/media\/317522"}],"wp:attachment":[{"href":"https:\/\/www.europesays.com\/it\/wp-json\/wp\/v2\/media?parent=317521"}],"wp:term":[{"taxonomy":"category","embeddable":true,"href":"https:\/\/www.europesays.com\/it\/wp-json\/wp\/v2\/categories?post=317521"},{"taxonomy":"post_tag","embeddable":true,"href":"https:\/\/www.europesays.com\/it\/wp-json\/wp\/v2\/tags?post=317521"}],"curies":[{"name":"wp","href":"https:\/\/api.w.org\/{rel}","templated":true}]}}