{"id":317823,"date":"2026-01-22T11:02:10","date_gmt":"2026-01-22T11:02:10","guid":{"rendered":"https:\/\/www.europesays.com\/it\/317823\/"},"modified":"2026-01-22T11:02:10","modified_gmt":"2026-01-22T11:02:10","slug":"inter-tuttosport-svela-marotta-non-ha-mai-perdonato-ad-inzaghi-che","status":"publish","type":"post","link":"https:\/\/www.europesays.com\/it\/317823\/","title":{"rendered":"Inter, Tuttosport svela: &#8220;Marotta non ha mai perdonato ad Inzaghi che&#8230;&#8221;"},"content":{"rendered":"<p>In tal senso Chivu non si pu\u00f2 certo lamentare: il ds Ausilio gli ha consegnato una squadra davvero con due titolari intercambiabili<\/p>\n<p>Molto probabili i playoff per <a href=\"https:\/\/www.fcinter1908.it\/calciomercato\/mercato-inter\/incontro-chivu-dirigenti-tentativo-gennaio\/\" rel=\"nofollow noopener\" target=\"_blank\">l&#8217;Inter<\/a> in Champions League: ci\u00f2 significher\u00e0 due partite in pi\u00f9 nel mese di febbraio, fattore che andrebbe sicuramente ad incidere nella corsa scudetto. &#8220;Scudetto che \u00e8 l\u2019obiettivo principale &#8211; scrive oggi Tuttosport, che racconta anche un retroscena -.<\/p>\n<p><strong>Il presidente Marotta non ha mai perdonato a Inzaghi i campionati persi perch\u00e9 nei suoi pensieri la Champions \u00e8 una ricchissima ciliegina mentre in Italia un organico come quello dell\u2019Inter deve primeggiare<\/strong>.<\/p>\n<p>In tal senso Chivu non si pu\u00f2 certo lamentare: il ds Ausilio gli ha consegnato una squadra davvero con due titolari intercambiabili. Non si fa peccato a pensare che l\u2019ultima stagione inzaghiana avrebbe avuto un epilogo differenze con Pio Esposito (che, grazie alla prestazione con l\u2019Arsenal ha moltiplicato gli estimatori pure in Premier) e Bonny anzich\u00e9 Taremi e Arnautovic&#8221;.<\/p>\n<p class=\"is-copyright\">\u00a9 RIPRODUZIONE RISERVATA<\/p>\n","protected":false},"excerpt":{"rendered":"In tal senso Chivu non si pu\u00f2 certo lamentare: il ds Ausilio gli ha consegnato una squadra davvero&hellip;\n","protected":false},"author":3,"featured_media":317824,"comment_status":"","ping_status":"","sticky":false,"template":"","format":"standard","meta":{"footnotes":"","_share_on_mastodon":"0"},"categories":[1452],"tags":[28828,187391,187392,721,1969,2839,187393,187394,43529,187395,1740,350,1537,90,89,1739,245,244],"class_list":["post-317823","post","type-post","status-publish","format-standard","has-post-thumbnail","category-calcio","tag-ausilio","tag-ausilio-consegnato","tag-ausilio-consegnato-squadra","tag-calcio","tag-champions","tag-chivu","tag-chivu-lamentare","tag-chivu-lamentare-ds","tag-consegnato","tag-consegnato-squadra","tag-football","tag-inter","tag-it","tag-italia","tag-italy","tag-soccer","tag-sport","tag-sports"],"share_on_mastodon":{"url":"https:\/\/pubeurope.com\/@it\/115938416693399616","error":""},"_links":{"self":[{"href":"https:\/\/www.europesays.com\/it\/wp-json\/wp\/v2\/posts\/317823","targetHints":{"allow":["GET"]}}],"collection":[{"href":"https:\/\/www.europesays.com\/it\/wp-json\/wp\/v2\/posts"}],"about":[{"href":"https:\/\/www.europesays.com\/it\/wp-json\/wp\/v2\/types\/post"}],"author":[{"embeddable":true,"href":"https:\/\/www.europesays.com\/it\/wp-json\/wp\/v2\/users\/3"}],"replies":[{"embeddable":true,"href":"https:\/\/www.europesays.com\/it\/wp-json\/wp\/v2\/comments?post=317823"}],"version-history":[{"count":0,"href":"https:\/\/www.europesays.com\/it\/wp-json\/wp\/v2\/posts\/317823\/revisions"}],"wp:featuredmedia":[{"embeddable":true,"href":"https:\/\/www.europesays.com\/it\/wp-json\/wp\/v2\/media\/317824"}],"wp:attachment":[{"href":"https:\/\/www.europesays.com\/it\/wp-json\/wp\/v2\/media?parent=317823"}],"wp:term":[{"taxonomy":"category","embeddable":true,"href":"https:\/\/www.europesays.com\/it\/wp-json\/wp\/v2\/categories?post=317823"},{"taxonomy":"post_tag","embeddable":true,"href":"https:\/\/www.europesays.com\/it\/wp-json\/wp\/v2\/tags?post=317823"}],"curies":[{"name":"wp","href":"https:\/\/api.w.org\/{rel}","templated":true}]}}