{"id":317858,"date":"2026-01-22T11:30:14","date_gmt":"2026-01-22T11:30:14","guid":{"rendered":"https:\/\/www.europesays.com\/it\/317858\/"},"modified":"2026-01-22T11:30:14","modified_gmt":"2026-01-22T11:30:14","slug":"georgina-brandolini-dadda-con-valentino-40-anni-di-vita-era-severo-ma-quante-risate","status":"publish","type":"post","link":"https:\/\/www.europesays.com\/it\/317858\/","title":{"rendered":"Georgina Brandolini d\u2019Adda: \u00abCon Valentino 40 anni di vita. Era severo, ma quante risate\u00bb"},"content":{"rendered":"<p>    di<br \/>\n    Flavia Fiorentino<\/p>\n<p class=\"summary-art is-line-h-12\">L&#8217;amica di famiglia: l&#8217;avevo visto meno di un mese fa, \u00e8 stato un colpo durissimo.  A me e alle mie figlie mancher\u00e0 il suo affetto. Insieme abbiamo girato il mondo<\/p>\n<p class=\"chapter-paragraph\">\u00abHo perso un grande amico. Quel tipo di amico che scegli e che diventa parte della tua famiglia. Ho passato accanto a Valentino<b> quasi 40 anni della mia vita. <\/b>Nel cuore mi rimane soprattutto un senso di gioia: abbiamo condiviso anche momenti difficili ma le tante risate insieme superano di molto le lacrime\u00bb. <b>Georgina Brandolini d\u2019Adda<\/b>, origini franco-brasiliane, principessa e contessa di Valmareno (titolo ottenuto per aver sposato nel 1975 Rodrigo Brandolini d\u2019Adda, nipote di Gianni Agnelli), \u00e8 stata sempre accanto allo stilista appena scomparso, <b>come assistente e collaboratrice.<\/b> Ieri ha trascorso tutto il pomeriggio a vegliare la sua bara nella camera ardente allestita a piazza Mignanelli,  accanto ai familiari pi\u00f9 stretti.<\/p>\n<p class=\"chapter-paragraph\"><b>Quando ha visto Valentino l\u2019ultima volta?<\/b><br \/>\u00abMeno di un mese fa, ero venuta a trovarlo da Parigi,<a href=\"https:\/\/roma.corriere.it\/cronaca\/diretta-live\/26_gennaio_21\/valentino-oggi-camera-ardente-notizia-diretta.shtml\" title=\"Valentino, la camera ardente | Il feretro accolto dal compagno e dai \u00abfigliocci\u00bb. Gualtieri: \u00abHa incarnato Roma\u00bb\" rel=\"nofollow noopener\" target=\"_blank\"> siamo stati a colazione insieme,<\/a> abbiamo chiacchierato di tante cose, normalmente. Non avrei mai pensato che non l\u2019avrei pi\u00f9 rivisto. Quando Giancarlo mi ha chiamato per darmi la notizia \u00e8 stato un colpo durissimo, non si \u00e8 mai pronti. Ci legava un affetto profondo: lui \u00e8 stata la prima persona che \u00e8 venuto a trovarmi quando sono nate le mie bambine. Domani Coco e Bianca saranno qui e resteremo fino a sabato anche per i funerali. Loro lo adoravano, fin da piccole venivano con me a tutte le sfilate&#8230;\u00bb.    &#13;<br \/>\n&#13;<br \/>\n&#13;<br \/>\n&#13;<br \/>\n&#13;<br \/>\n&#13;<br \/>\n&#13;<br \/>\n&#13;<br \/>\n&#13;<br \/>\n&#13;<br \/>\n&#13;<br \/>\n&#13;<br \/>\n&#13;<br \/>\n&#13;<br \/>\n&#13;<br \/>\n&#13;<br \/>\n&#13;<br \/>\n&#13;<br \/>\n&#13;<br \/>\n&#13;<br \/>\n&#13;<br \/>\n&#13;<br \/>\n&#13;<br \/>\n&#13;<br \/>\n&#13;<br \/>\n&#13;<br \/>\n&#13;<br \/>\n&#13;<br \/>\n&#13;<br \/>\n&#13;<br \/>\n&#13;<br \/>\n&#13;<br \/>\n&#13;<br \/>\n&#13;<br \/>\n&#13;<br \/>\n&#13;<br \/>\n&#13;<br \/>\n&#13;<br \/>\n&#13;<br \/>\n&#13;<br \/>\n&#13;<br \/>\n&#13;<br \/>\n&#13;<br \/>\n&#13;<br \/>\n&#13;<br \/>\n&#13;<br \/>\n&#13;<br \/>\n&#13;<br \/>\n&#13;<br \/>\n&#13;<br \/>\n&#13;<br \/>\n&#13;<br \/>\n&#13;\n<\/p>\n<p class=\"chapter-paragraph\"><b>Come vi siete conosciuti ?<\/b><br \/><b>\u00abAl Carnevale di Rio, per caso<\/b>. Avevamo un\u2019amica in comune che ci ha presentato, io non avevo voglia di frequentare l\u2019universit\u00e0 come voleva  mio padre, cos\u00ec lui mi prese nel suo atelier a fare uno stage\u00bb.<\/p>\n<p class=\"chapter-paragraph\"><b>Lo stilista e l\u2019uomo nella quotidianit\u00e0?<\/b><br \/>\u00abUna persona<a href=\"https:\/\/roma.corriere.it\/cronaca\/diretta-live\/26_gennaio_21\/valentino-oggi-camera-ardente-notizia-diretta.shtml\" title=\"Valentino, la camera ardente | Il feretro accolto dal compagno e dai \u00abfigliocci\u00bb. Gualtieri: \u00abHa incarnato Roma\u00bb\" rel=\"nofollow noopener\" target=\"_blank\"> gentile, dolce, molto alla mano,<\/a> a differenza di come si possa immaginare: quando le persone lo fermavano per strada lui non si negava mai, aveva sempre un sorriso e una parola per tutti. Sul lavoro era severissimo. Se qualcosa non andava, cominciava  a urlare, poi dopo 5 minuti gli passava &#8230;\u00bb.<\/p>\n<p>APPROFONDISCI CON IL PODCAST<\/p>\n<p class=\"chapter-paragraph\"><b>Cosa amava fare nel tempo libero?<\/b><br \/>\u00abEra curioso,<a href=\"https:\/\/www.corriere.it\/economia\/finanza\/26_gennaio_21\/valentino-l-ingegnere-e-l-avvocato-che-hanno-le-chiavi-e-i-segreti-del-patrimonio-dello-stilista-a-chi-andra-l-eredita-b14b280d-34ad-46aa-9dc8-3befeda6bxlk.shtml\" title=\"Eredit\u00e0 di Valentino, l\u2019ingegnere e l\u2019avvocato che hanno le chiavi (e i segreti) del patrimonio dello stilista\" rel=\"nofollow noopener\" target=\"_blank\"> amava viaggiare, conoscere culture diverse.<\/a> Abbiamo girato il mondo insieme e siamo stati in Cina quando  era sconosciuta all\u2019Occidente. Adorava il mare, andavamo in barca, ma se doveva scegliere un film preferiva la commedia, mentre a me piacciono i thriller. Era un buongustaio e i suoi cuochi lo coccolavano.<b> Lo sport invece lo interessava meno<\/b> e non mi sembra lo abbia mai praticato, a parte le lunghe nuotate dalla barca\u00bb.<\/p>\n<p class=\"chapter-paragraph\"><b>Che cosa le ha insegnato?<\/b><br \/>\u00abL\u2019eleganza\u00bb.<\/p>\n<p class=\"is-mr-t-20 is-mr-b-20\"><b><br \/>\n                    <a href=\"https:\/\/roma.corriere.it\/?intcmp=Notizielocali_nd_010623_corriere_ss_roma\" target=\"_blank\" rel=\"nofollow noopener\">Vai a tutte le notizie di Roma<\/a><br \/>\n            <\/b><\/p>\n<p class=\"chapter-paragraph\"><b><a href=\"https:\/\/www.corriere.it\/newsletter\/?theme=52&amp;intcmp=NL-artic_nd_050624_corriere_ss_roma\" target=\"_blank\" rel=\"nofollow noopener\">Iscriviti alla newsletter di Corriere Roma<\/a><\/b><\/p>\n<p class=\"is-last-update\" datetime=\"2026-01-22T11:51:30+01:00\">22 gennaio 2026 ( modifica il 22 gennaio 2026 | 11:51)<\/p>\n<p class=\"is-copyright\">\n            \u00a9 RIPRODUZIONE RISERVATA\n        <\/p>\n","protected":false},"excerpt":{"rendered":"di Flavia Fiorentino L&#8217;amica di famiglia: l&#8217;avevo visto meno di un mese fa, \u00e8 stato un colpo durissimo.&hellip;\n","protected":false},"author":3,"featured_media":317859,"comment_status":"","ping_status":"","sticky":false,"template":"","format":"standard","meta":{"footnotes":""},"categories":[1451],"tags":[5781,187403,187404,187405,187406,30478,12288,6979,7074,4008,4119,187398,187399,1621,1620,5371,187400,63338,203,1909,37513,187401,187402,5379,204,1537,90,89,3783,1915,18505,12543,659,566],"class_list":{"0":"post-317858","1":"post","2":"type-post","3":"status-publish","4":"format-standard","5":"has-post-thumbnail","7":"category-celebrita","8":"tag-accanto","9":"tag-accanto-familiari","10":"tag-accanto-familiari-stretti","11":"tag-accanto-stilista","12":"tag-accanto-stilista-appena","13":"tag-adda","14":"tag-affetto","15":"tag-amava","16":"tag-amica","17":"tag-amico","18":"tag-barca","19":"tag-brandolini","20":"tag-brandolini-adda","21":"tag-celebrita","22":"tag-celebrities","23":"tag-colpo","24":"tag-colpo-durissimo","25":"tag-durissimo","26":"tag-entertainment","27":"tag-famiglia","28":"tag-georgina","29":"tag-georgina-brandolini","30":"tag-georgina-brandolini-adda","31":"tag-girato","32":"tag-intrattenimento","33":"tag-it","34":"tag-italia","35":"tag-italy","36":"tag-mese","37":"tag-persona","38":"tag-risate","39":"tag-stilista","40":"tag-tante","41":"tag-valentino"},"share_on_mastodon":{"url":"","error":"Validation failed: Text character limit of 500 exceeded"},"_links":{"self":[{"href":"https:\/\/www.europesays.com\/it\/wp-json\/wp\/v2\/posts\/317858","targetHints":{"allow":["GET"]}}],"collection":[{"href":"https:\/\/www.europesays.com\/it\/wp-json\/wp\/v2\/posts"}],"about":[{"href":"https:\/\/www.europesays.com\/it\/wp-json\/wp\/v2\/types\/post"}],"author":[{"embeddable":true,"href":"https:\/\/www.europesays.com\/it\/wp-json\/wp\/v2\/users\/3"}],"replies":[{"embeddable":true,"href":"https:\/\/www.europesays.com\/it\/wp-json\/wp\/v2\/comments?post=317858"}],"version-history":[{"count":0,"href":"https:\/\/www.europesays.com\/it\/wp-json\/wp\/v2\/posts\/317858\/revisions"}],"wp:featuredmedia":[{"embeddable":true,"href":"https:\/\/www.europesays.com\/it\/wp-json\/wp\/v2\/media\/317859"}],"wp:attachment":[{"href":"https:\/\/www.europesays.com\/it\/wp-json\/wp\/v2\/media?parent=317858"}],"wp:term":[{"taxonomy":"category","embeddable":true,"href":"https:\/\/www.europesays.com\/it\/wp-json\/wp\/v2\/categories?post=317858"},{"taxonomy":"post_tag","embeddable":true,"href":"https:\/\/www.europesays.com\/it\/wp-json\/wp\/v2\/tags?post=317858"}],"curies":[{"name":"wp","href":"https:\/\/api.w.org\/{rel}","templated":true}]}}