{"id":318343,"date":"2026-01-22T18:09:13","date_gmt":"2026-01-22T18:09:13","guid":{"rendered":"https:\/\/www.europesays.com\/it\/318343\/"},"modified":"2026-01-22T18:09:13","modified_gmt":"2026-01-22T18:09:13","slug":"australian-open-il-programma-di-venerdi-alcaraz-paolini-sabalenka","status":"publish","type":"post","link":"https:\/\/www.europesays.com\/it\/318343\/","title":{"rendered":"Australian Open, il programma di venerd\u00ec: Alcaraz, Paolini, Sabalenka"},"content":{"rendered":"<p>                                Nella sesta giornata dell&#8217;Australian Open i match di Sabalenka, Errani-Vavassori, Zverev, Medvedev e De Minaur<\/p>\n<p>\n                                                                    Pellegrino Dell&#8217;Anno\n                            <\/p>\n<p>                    22 gennaio 2026 (modifica alle 11:17)  &#8211; MILANO<\/p>\n<p class=\"paragraph\" spellcheck=\"true\">Dopo un gioved\u00ec ricco di azzurri sui due campi principali, neanche un italiano sar\u00e0 presente sulla Rod Laver Arena o sulla Margaret Court nella giornata di venerd\u00ec 23 gennaio, la prima dei terzi turni. Scenderanno in campo i 16 giocatori e le 16 giocatrici ancora in gara nella parte alta dei due tabelloni. Ad aprire il programma del campo principale, alle 1.30 italiane tra gioved\u00ec 22 e venerd\u00ec 23, sar\u00e0 la numero 1 al mondo Aryna Sabalenka, opposta ad Anastasia Potapova. A seguire il primo giocatore Atp, Carlos Alcaraz, in un match dal potenziale altissimo contro il gioco fantasioso e fuori dagli schemi di Corentin Moutet: prima sfida in assoluto tra i due. Per trovare invece l\u2019unica italiana in singolare &#8211; Jasmine Paolini &#8211; bisogner\u00e0 spostarsi sulla John Cain Arena.\u00a0<\/p>\n<p>    gli italiani\u00a0\u2014 \u00a0<\/p>\n<p class=\"paragraph\" spellcheck=\"true\">Jasmine, n.7 del mondo, \u00e8 l\u2019unica azzurra in gioco nei due tabelloni di singolare nella prossima giornata. Sfider\u00e0 la n. 29 del seeding Iva Jovic, grande promessa 18enne degli Usa. Le due si affronteranno sulla John Cain Arena, terzo campo per importanza di Melbourne Park, come terzo match a partire dall&#8217;una\u00a0 italiana. Prima di loro due terzi turni molto equilibrati: Mboko-Tauson e Paul-Davidovich Fokina (Zverev-Norrie chiuder\u00e0 il programma). Paolini scender\u00e0 in campo non prima delle 7 del mattino di venerd\u00ec 23, forte di due vittorie su due contro l\u2019americana. Da segnalare anche l\u2019esordio nel torneo dei n.1 del doppio misto, tre volte campioni Slam, Sara Errani e Andrea Vavassori, sul Campo 8. I due giocheranno il terzo match dalle 1.00, dunque non prima delle 4.30 italiane, contro Siegemund\/Roger-Vasselin.<\/p>\n<p><a class=\"is-partner-link\" href=\"https:\/\/abbonamenti.gazzetta.it\/calciatori-panini-2025\/?pwcmp_promo_panini_cta&amp;forceBrowser=true\" rel=\"nofollow noopener\" target=\"_blank\">Gazzetta digital + Box Panini + Album a soli 80\u20ac, il modo pi\u00f9 veloce e conveniente per completare la collezione!<\/a><\/p>\n<p>    i big\u2014 \u00a0<\/p>\n<p class=\"paragraph\" spellcheck=\"true\">Oltre ai citati Sabalenka e Alcaraz, la grande attenzione del pubblico australiano sar\u00e0 concentrata sulla sessione serale, dalle 9 italiane, della Rod Laver Arena. Il beniamino di casa, il n.6 del mondo Alex de Minaur, sfider\u00e0 Frances Tiafoe in un incontro che promette spettacolo; chiuder\u00e0 la sessione Mirra Andreeva contro Ruse. Sulla Margaret Court Arena, invece, campioni Slam dalle 1.30 italiane: Daniil Medvedev affronter\u00e0 Fabian Marozsan, la n.3 al mondo Coco Gauff se la vedr\u00e0 in un derby a stelle e strisce con Hailey Baptiste. In sessione serale, sempre dalle nostre 9 del mattino, l\u2019intrigante Svitolina-Shnaider e Bublik-Etcheverry per chiudere. Sulla Kia Arena fari puntati sul secondo match dalle 1, tra la turca Zeynep Sonmez e Yulia Putintseva: la vincitrice sarebbe l\u2019eventuale avversaria di Paolini agli ottavi.<\/p>\n<p class=\"is-copyright\">\u00a9 RIPRODUZIONE RISERVATA<\/p>\n","protected":false},"excerpt":{"rendered":"Nella sesta giornata dell&#8217;Australian Open i match di Sabalenka, Errani-Vavassori, Zverev, Medvedev e De Minaur Pellegrino Dell&#8217;Anno 22&hellip;\n","protected":false},"author":3,"featured_media":318344,"comment_status":"","ping_status":"","sticky":false,"template":"","format":"standard","meta":{"footnotes":"","_share_on_mastodon":"0"},"categories":[1457],"tags":[1265,187591,5295,187592,187593,2037,187594,921,29153,13623,277,42639,37417,2024,5183,5302,1537,90,4945,4946,89,19629,1602,187595,1894,19630,897,48563,10864,245,244,1273,4960,8434],"class_list":["post-318343","post","type-post","status-publish","format-standard","has-post-thumbnail","category-tennis","tag-alcaraz","tag-alcaraz-match","tag-arena","tag-cain","tag-cain-arena","tag-campioni","tag-campioni-slam","tag-campo","tag-chiudera","tag-court","tag-de","tag-de-minaur","tag-errani","tag-gioco","tag-giornata","tag-giovedi","tag-it","tag-italia","tag-italiana","tag-italiane","tag-italy","tag-jasmine","tag-john","tag-john-cain","tag-match","tag-paolini","tag-programma","tag-sabalenka","tag-sessione","tag-sport","tag-sports","tag-tennis","tag-terzo","tag-venerdi"],"share_on_mastodon":{"url":"https:\/\/pubeurope.com\/@it\/115940095730057750","error":""},"_links":{"self":[{"href":"https:\/\/www.europesays.com\/it\/wp-json\/wp\/v2\/posts\/318343","targetHints":{"allow":["GET"]}}],"collection":[{"href":"https:\/\/www.europesays.com\/it\/wp-json\/wp\/v2\/posts"}],"about":[{"href":"https:\/\/www.europesays.com\/it\/wp-json\/wp\/v2\/types\/post"}],"author":[{"embeddable":true,"href":"https:\/\/www.europesays.com\/it\/wp-json\/wp\/v2\/users\/3"}],"replies":[{"embeddable":true,"href":"https:\/\/www.europesays.com\/it\/wp-json\/wp\/v2\/comments?post=318343"}],"version-history":[{"count":0,"href":"https:\/\/www.europesays.com\/it\/wp-json\/wp\/v2\/posts\/318343\/revisions"}],"wp:featuredmedia":[{"embeddable":true,"href":"https:\/\/www.europesays.com\/it\/wp-json\/wp\/v2\/media\/318344"}],"wp:attachment":[{"href":"https:\/\/www.europesays.com\/it\/wp-json\/wp\/v2\/media?parent=318343"}],"wp:term":[{"taxonomy":"category","embeddable":true,"href":"https:\/\/www.europesays.com\/it\/wp-json\/wp\/v2\/categories?post=318343"},{"taxonomy":"post_tag","embeddable":true,"href":"https:\/\/www.europesays.com\/it\/wp-json\/wp\/v2\/tags?post=318343"}],"curies":[{"name":"wp","href":"https:\/\/api.w.org\/{rel}","templated":true}]}}