{"id":318490,"date":"2026-01-22T20:05:17","date_gmt":"2026-01-22T20:05:17","guid":{"rendered":"https:\/\/www.europesays.com\/it\/318490\/"},"modified":"2026-01-22T20:05:17","modified_gmt":"2026-01-22T20:05:17","slug":"addio-a-valentino-san-gregorio-armeno-omaggia-lo-stilista-con-con-una-statuina-del-presepe","status":"publish","type":"post","link":"https:\/\/www.europesays.com\/it\/318490\/","title":{"rendered":"Addio a Valentino, San Gregorio Armeno omaggia lo stilista con con una statuina del presepe"},"content":{"rendered":"<p>                            <img decoding=\"async\" src=\"https:\/\/statics.cedscdn.it\/utils\/img\/icons\/mail-star.svg\" width=\"25\" alt=\"aggiornamenti\"\/><br \/>\n                            <b>Top News<\/b> &#8211; <b class=\"testata-color\">Newsletter<\/b><\/p>\n<p>\n                            Ogni giorno le notizie pi\u00f9 lette della giornata<br \/>\n                            <b>Iscriviti<\/b> e ricevi le notizie via email\n                        <\/p>\n<p>div .nl-optin-bg {<br \/>\n        opacity: 1;<br \/>\n        background: #eee;<br \/>\n    }<br \/>\n]]]]]]]]>]]]]]]>]]]]>]]><\/p>\n<p>\u00abCiao <a href=\"https:\/\/www.ilmattino.it\/t\/valentino\" rel=\"nofollow noopener\" target=\"_blank\">Valentino<\/a>\u00bb, questo \u00e8 il messaggio che l&#8217;artigiano <a href=\"https:\/\/www.ilmattino.it\/t\/genny-di-virgilio\" rel=\"nofollow noopener\" target=\"_blank\">Genny Di Virgilio<\/a> ha lasciato ai piedi della\u00a0statuina creata da lui. Scomparso ieri a <a href=\"https:\/\/www.ilmattino.it\/t\/roma\" rel=\"nofollow noopener\" target=\"_blank\">Roma<\/a>, l&#8217;icona della moda italiana \u00e8 stato omaggiato a San Gregorio Armeno<strong> facendolo entrare all&#8217;interno della cultura presepiale<\/strong> di <a href=\"https:\/\/www.ilmattino.it\/t\/napoli\" rel=\"nofollow noopener\" target=\"_blank\">Napoli<\/a>.\u00a0<\/p>\n<p> <img loading=\"lazy\" decoding=\"async\" alt=\"Video\" height=\"180\" class=\"wnv-lazy\" src=\"https:\/\/utils.cedsdigital.it\/img\/placeholders\/video.svg\" style=\"max-width:100%;height:auto;display:block;margin:auto;left:0;bottom:0;right:0;top:0;position:absolute\" width=\"340\"\/>   <\/p>\n<p>Da adesso sar\u00e0 presente sulle strade di\u00a0<strong>San Gregorio Armeno<\/strong>\u00a0mantenendo vivida l&#8217;immagine limpida di uno delle icone di stile pi\u00f9 importanti della cultura nazionale, con la speranza di essere esposto nei prossimi\u00a0<a href=\"https:\/\/www.ilmattino.it\/t\/presepi\" rel=\"nofollow noopener\" target=\"_blank\">presepi<\/a>\u00a0italiani.<\/p>\n<p>&#13;<\/p>\n<p>APPROFONDIMENTI<\/p>\n<p>&#13;<br \/>\n    &#13;<\/p>\n<p><a class=\"link_item\" data-linked_from=\"null\" href=\"https:\/\/www.ilmattino.it\/lifestyle\/moda\/valentino_garavani_morto_stilista_chi_era-9307290.html\" rel=\"nofollow noopener\" target=\"_blank\">Valentino Garavani morto, aveva 93 anni: addio all&#8217;ultimo imperatore. I funerali venerd\u00ec 23 gennaio a Roma<\/a><\/p>\n<p><strong>Di Virgilio<\/strong>, interessato alle figure popolari italiane, \u00e8 solito unire la sua arte agli avvenimenti di stretta attualit\u00e0 del nostro paese. Nell&#8217;ultimo periodo non \u00e8 la prima volta che questo avviene, nella sua bottega sono reperibili anche le statuette della cantante\u00a0<a href=\"https:\/\/www.ilmattino.it\/t\/ornella-vanoni\" rel=\"nofollow noopener\" target=\"_blank\">Ornella Vanoni<\/a>\u00a0e dello stilista\u00a0<a href=\"https:\/\/www.ilmattino.it\/t\/giorgio-armani\" rel=\"nofollow noopener\" target=\"_blank\">Giorgio Armani<\/a>.\u00a0<\/p>\n<p><img decoding=\"async\" alt=\"\" class=\"wnv-lazy\" src=\"https:\/\/www.europesays.com\/it\/wp-content\/uploads\/2026\/01\/whatsapp_image_2026_01_20_at_12.14.58_1_20125422.jpg\"\/><\/p>\n","protected":false},"excerpt":{"rendered":"Top News &#8211; Newsletter Ogni giorno le notizie pi\u00f9 lette della giornata Iscriviti e ricevi le notizie via&hellip;\n","protected":false},"author":3,"featured_media":318491,"comment_status":"","ping_status":"","sticky":false,"template":"","format":"standard","meta":{"footnotes":"","_share_on_mastodon":"0"},"categories":[1446],"tags":[1615,1613,1614,1611,1610,1612,203,187700,204,1537,90,89,81801,123501,566],"class_list":["post-318490","post","type-post","status-publish","format-standard","has-post-thumbnail","category-arte-e-design","tag-arte","tag-arte-e-design","tag-arteedesign","tag-arts","tag-arts-and-design","tag-design","tag-entertainment","tag-genny-di-virgilio","tag-intrattenimento","tag-it","tag-italia","tag-italy","tag-presepe","tag-san-gregorio-armeno","tag-valentino"],"share_on_mastodon":{"url":"https:\/\/pubeurope.com\/@it\/115940551792660793","error":""},"_links":{"self":[{"href":"https:\/\/www.europesays.com\/it\/wp-json\/wp\/v2\/posts\/318490","targetHints":{"allow":["GET"]}}],"collection":[{"href":"https:\/\/www.europesays.com\/it\/wp-json\/wp\/v2\/posts"}],"about":[{"href":"https:\/\/www.europesays.com\/it\/wp-json\/wp\/v2\/types\/post"}],"author":[{"embeddable":true,"href":"https:\/\/www.europesays.com\/it\/wp-json\/wp\/v2\/users\/3"}],"replies":[{"embeddable":true,"href":"https:\/\/www.europesays.com\/it\/wp-json\/wp\/v2\/comments?post=318490"}],"version-history":[{"count":0,"href":"https:\/\/www.europesays.com\/it\/wp-json\/wp\/v2\/posts\/318490\/revisions"}],"wp:featuredmedia":[{"embeddable":true,"href":"https:\/\/www.europesays.com\/it\/wp-json\/wp\/v2\/media\/318491"}],"wp:attachment":[{"href":"https:\/\/www.europesays.com\/it\/wp-json\/wp\/v2\/media?parent=318490"}],"wp:term":[{"taxonomy":"category","embeddable":true,"href":"https:\/\/www.europesays.com\/it\/wp-json\/wp\/v2\/categories?post=318490"},{"taxonomy":"post_tag","embeddable":true,"href":"https:\/\/www.europesays.com\/it\/wp-json\/wp\/v2\/tags?post=318490"}],"curies":[{"name":"wp","href":"https:\/\/api.w.org\/{rel}","templated":true}]}}