{"id":318533,"date":"2026-01-22T20:38:10","date_gmt":"2026-01-22T20:38:10","guid":{"rendered":"https:\/\/www.europesays.com\/it\/318533\/"},"modified":"2026-01-22T20:38:10","modified_gmt":"2026-01-22T20:38:10","slug":"ecco-il-farmaco-che-riduce-la-durata-dei-sintomi-non-e-il-paracetamolo","status":"publish","type":"post","link":"https:\/\/www.europesays.com\/it\/318533\/","title":{"rendered":"\u00abEcco il farmaco che riduce la durata dei sintomi, non \u00e8 il paracetamolo\u00bb"},"content":{"rendered":"<p>\u00abPotrebbe anche esserci un <strong>nuovo picco<\/strong> nel mese di febbraio, non lo escluderei\u00bb. Se i casi di <strong><a href=\"https:\/\/www.ilmessaggero.it\/t\/influenza-k\" rel=\"nofollow noopener\" target=\"_blank\">influenza K<\/a><\/strong> sono in diminuzione, il virologo <a href=\"https:\/\/www.ilmessaggero.it\/t\/matteo-bassetti\" rel=\"nofollow noopener\" target=\"_blank\">Matteo Bassetti<\/a> non esclude che ci possa essere una risalita. E questo perch\u00e9 il sistema attuale, che passa attraverso le segnalazioni dei medici di medicina generale, &#8220;non intercetta tutti i malati che si curano da soli a casa&#8221;. Cosa dobbiamo aspettarci nei prossimi giorni? E quale farmaco \u00e8 pi\u00f9 indicato usare per le cure? Le risposte del\u00a0direttore della Clinica di Malattie infettive dell&#8217;Irccs ospedale policlinico San Martino di Genova.<\/p>\n<p> I casi <\/p>\n<p>Nella settimana dal 5 gennaio all\u201911 gennaio i dati dell&#8217;influenza sono in lieve diminuzione rispetto alla settimana precedente. L&#8217;ultimo report del Ministero stima 773mila nuovi casi, con un totale dall&#8217;inizio della sorveglianza di circa 8,4 milioni di casi.<\/p>\n<p><img decoding=\"async\" alt=\"\" src=\"https:\/\/www.europesays.com\/it\/wp-content\/uploads\/2026\/01\/pp_22192846.jpg\"\/><\/p>\n<p>L\u2019incidenza pi\u00f9 elevata si osserva, come di consueto, nella fascia di et\u00e0 0-4 anni. \u201cSebbene l\u2019incidenza dei casi registrati risulti ancora in diminuzione rispetto alle due settimane precedenti &#8211; affermano gli esperti del dipartimento di Malattie Infettive dell&#8217;Iss -, per verificare il superamento del picco bisogna attendere le prossime settimane alla luce dell\u2019eventuale impatto della riapertura delle scuole e delle altre attivit\u00e0 dopo le festivit\u00e0 natalizie sulla circolazione dei diversi virus respiratori \u201c.<\/p>\n<p>L\u2019intensit\u00e0 \u00e8 molto alta in Basilicata, alta in Abruzzo, Sicilia e Sardegna, media nelle Marche, nel Lazio, in Molise e in Puglia, bassa in tutte le altre regioni eccetto Campania e Calabria.<\/p>\n<p>Cosa non torna sui numeri? <\/p>\n<p>\u00abI dati sono certamente in diminuzione, anche se dobbiamo dire una cosa, che questi sono i dati che arrivano dai medici di medicina generale, di quelli che sono i pazienti che loro osservano. Attenzione, perch\u00e9 questo sistema non intercetta tutti quelli che si curano da soli a casa (che sono oggi la grandissima maggioranza). Quindi non \u00e8 detto che ci sia realmente una riduzione\u00bb.<\/p>\n<p>Ricadute? <\/p>\n<p>\u00abIl rischio di ricadute \u00e8 evidente. Uno che ha fatto l&#8217;influenza pu\u00f2 rifarla, non \u00e8 detto che non la possa non rifare. Quindi cosa vuol dire? Soprattutto l&#8217;influenza K, uno potrebbe riaverla a febbraio. La vaccinazione si pu\u00f2 ancora fare, e visto che l&#8217;influenza durer\u00e0 per tutto il mese di gennaio, febbraio e probabilmente marzo, andremo avanti fino ad aprile. Quindi continueremo ad avere numerosi casi\u00bb. <\/p>\n<p>Quando l&#8217;antibiotico? <\/p>\n<p>\u00abL&#8217;antibiotico\u00a0mai e poi mai, \u00e8 un errore da matita blu. L&#8217;unico caso in cui si pu\u00f2 usare l&#8217;antibiotico \u00e8\u00a0in alcune situazioni in cui il malato ha una polmonite e viene in ospedale. Allora, per carit\u00e0, si pu\u00f2 anche dare l&#8217;antibiotico. Ma stiamo parlando di meno dell&#8217;1% dei casi di influenza\u00bb.<\/p>\n<p>Quando prendere il\u00a0paracetamolo <\/p>\n<p>\u00abIl paracetamolo\u00a0va preso quando c&#8217;\u00e8 la febbre, non va mai preso fisso, \u00e8 un errore.\u00a0Quindi chi piglia il paracetamolo ogni 6 ore, ogni 8 ore fa un errore, perch\u00e9 fondamentalmente <strong>il paracetamolo non riduce la durata dei sintom<\/strong>i\u00bb.<\/p>\n<p>L&#8217;ibuprofene \u00e8 meglio del paracetamolo? <\/p>\n<p>\u00abUna grandissima stupidaggine, l&#8217;ha tirata fuori qualche medico di base pensando di fare il santone. Nella realt\u00e0 a me non risulta che l&#8217;ibuprofene sia pi\u00f9 veloce del paracetamolo e del chetoprofene. <strong>In generale, gli antinfiammatori nell&#8217;influenza non andrebbero utilizzati<\/strong>, se non in una situazione particolare. Quindi, quelli che prendono l&#8217;antifiammatorio per ridurre la durata dei sintomi dell&#8217;influenza fanno una stupidaggine, l&#8217;influenza dura esattamente uguale\u00bb.<\/p>\n<p>Quale farmaco per ridurre i sintomi? <\/p>\n<p>\u00abL&#8217;unica cosa che si pu\u00f2 prendere per l&#8217;influenza che riduce la durata dei sintomi \u00e8 l&#8217;<strong>Oseltamivir antivirale orale<\/strong>\u00bb. <\/p>\n<p>  Nuovo picco? <\/p>\n<p>\u00abSicuramente, il picco\u00a0lo abbiamo gi\u00e0 raggiunto e quindi siamo in una fase di plateau:\u00a0cio\u00e8 ci sono tanti casi anche se sembrano scendere. Per\u00f2, nella realt\u00e0, casi anche impegnativi sugli ospedali continuano ad essere molti e la pressione sugli ospedali \u00e8 importante\u00bb, spiega Bassetti.<\/p>\n<p>Che poi avvisa: \u00ab<strong>Secondo me l&#8217;influenza continuer\u00e0 a dare problemi per i prossimi mesi, potrebbe anche esserci un nuovo picco nel mese di febbraio<\/strong>. Non escluderei che ci possa essere nuovamente una risalita del numero dei casi. Magari non arriva il picco della fine di dicembre, ma comunque torna ad essere di nuovo molto alto il numero dei casi\u00bb.<\/p>\n<p>&#13;<br \/>\n                                \u00a9 RIPRODUZIONE RISERVATA&#13;<\/p>\n<p>&#13;<\/p>\n<p>\n                            Ogni Gioved\u00ec gli aggiornamenti su Salute e Benessere<br \/>\n                            <b>Iscriviti<\/b> e ricevi le notizie via email\n                        <\/p>\n","protected":false},"excerpt":{"rendered":"\u00abPotrebbe anche esserci un nuovo picco nel mese di febbraio, non lo escluderei\u00bb. Se i casi di influenza&hellip;\n","protected":false},"author":3,"featured_media":318362,"comment_status":"","ping_status":"","sticky":false,"template":"","format":"standard","meta":{"footnotes":"","_share_on_mastodon":"0"},"categories":[175],"tags":[239,151189,187599,187600,1537,90,89,240],"class_list":["post-318533","post","type-post","status-publish","format-standard","has-post-thumbnail","category-salute","tag-health","tag-influenza-k","tag-influenza-k-farmaco","tag-influenza-k-nuovo-picco","tag-it","tag-italia","tag-italy","tag-salute"],"share_on_mastodon":{"url":"https:\/\/pubeurope.com\/@it\/115940681607966025","error":""},"_links":{"self":[{"href":"https:\/\/www.europesays.com\/it\/wp-json\/wp\/v2\/posts\/318533","targetHints":{"allow":["GET"]}}],"collection":[{"href":"https:\/\/www.europesays.com\/it\/wp-json\/wp\/v2\/posts"}],"about":[{"href":"https:\/\/www.europesays.com\/it\/wp-json\/wp\/v2\/types\/post"}],"author":[{"embeddable":true,"href":"https:\/\/www.europesays.com\/it\/wp-json\/wp\/v2\/users\/3"}],"replies":[{"embeddable":true,"href":"https:\/\/www.europesays.com\/it\/wp-json\/wp\/v2\/comments?post=318533"}],"version-history":[{"count":0,"href":"https:\/\/www.europesays.com\/it\/wp-json\/wp\/v2\/posts\/318533\/revisions"}],"wp:featuredmedia":[{"embeddable":true,"href":"https:\/\/www.europesays.com\/it\/wp-json\/wp\/v2\/media\/318362"}],"wp:attachment":[{"href":"https:\/\/www.europesays.com\/it\/wp-json\/wp\/v2\/media?parent=318533"}],"wp:term":[{"taxonomy":"category","embeddable":true,"href":"https:\/\/www.europesays.com\/it\/wp-json\/wp\/v2\/categories?post=318533"},{"taxonomy":"post_tag","embeddable":true,"href":"https:\/\/www.europesays.com\/it\/wp-json\/wp\/v2\/tags?post=318533"}],"curies":[{"name":"wp","href":"https:\/\/api.w.org\/{rel}","templated":true}]}}