{"id":318608,"date":"2026-01-22T21:39:13","date_gmt":"2026-01-22T21:39:13","guid":{"rendered":"https:\/\/www.europesays.com\/it\/318608\/"},"modified":"2026-01-22T21:39:13","modified_gmt":"2026-01-22T21:39:13","slug":"elsa-rubino-si-sveglia-e-riconosce-i-genitori-gioia-per-la-15enne-biellese-ustionata-a-crans-montana-il-papa-emozione-immensa-ma-la-battaglia-e-appena-iniziata","status":"publish","type":"post","link":"https:\/\/www.europesays.com\/it\/318608\/","title":{"rendered":"Elsa Rubino si sveglia e riconosce i genitori. Gioia per la 15enne biellese ustionata a Crans-Montana. Il pap\u00e0: \u00abEmozione immensa. Ma la battaglia \u00e8 appena iniziata\u00bb"},"content":{"rendered":"<p>    di<br \/>\n    Floriana Rullo<\/p>\n<p class=\"summary-art is-line-h-12\">In coma farmacologico da 22 giorni, la ragazza ha ustioni su oltre il 60% del corpo e dovr\u00e0 subire nuovi interventi nelle prossime settimane: \u00ab\u00c8 consapevole della situazione\u00bb.  I compagni sui social: \u00abNon mollare\u00bb<\/p>\n<p class=\"chapter-paragraph\">Attende di essere sottoposta a una nuova operazione<b> all\u2019intestino &#8211; <a href=\"https:\/\/torino.corriere.it\/notizie\/piemonte\/26_gennaio_06\/crans-montana-elsa-rubino-con-ustioni-sul-70-del-corpo-il-papa-lorenzo-e-appesa-a-un-filo-tutto-dipende-da-un-operazione-4a9136bb-54cd-4f4a-8cef-5d28cdfbdxlk.shtml\" rel=\"nofollow noopener\" target=\"_blank\">la terza questo gennaio <\/a>&#8211;\u00a0<\/b>, secondo i genitori \u00e8 ancora troppo debole per essere trasferita dall&#8217;ospedale di <b>Zurigo<\/b>, dove \u00e8 arrivata all&#8217;alba della tragedia della discoteca di Crans-Montana, la prognosi \u00e8 ancora riservata. Eppure \u00e8 stata un grande momento di gioia quello in cui <b><a href=\"https:\/\/torino.corriere.it\/notizie\/piemonte\/26_gennaio_04\/crans-montana-la-15enne-biellese-fuggita-dal-locale-lotta-per-la-vita-in-ospedale-a-zurigo-la-madre-noi-devastati-ma-vicini-a-9b98d483-12d7-473b-baf1-2c4f8adcdxlk.shtml\" rel=\"nofollow noopener\" target=\"_blank\">Elsa Rubino<\/a><\/b>, la 15enne di <b>Biella <\/b>sfuggita dal rogo con il 60 per cento del corpo ustionato, ha aperto gli occhi e riconosciuto <b>mamma Isabella e pap\u00e0 Lorenzo<\/b>. La notizia \u00e8 rimbalzata sui social di amici e compagni della ragazza. Poi la conferma del padre. Segnali di un leggero miglioramento delle sue condizioni di cui si parlava da giorni, questa la notizia pi\u00f9 concreta, hanno fatto decidere i medici ad <b>abbassare il livello di sedazione<\/b>.\u00a0<\/p>\n<p>    Il padre:\u00a0\u00abEmozione inimmaginabile\u00bb<\/p>\n<p class=\"chapter-paragraph\">\u00ab<b>Elsa ha aperto gli occhi e ci ha riconosciuto.<\/b> Lo ha fatto nel momento in cui la sedazione era pi\u00f9 bassa &#8211; annuncia<b> Lorenzo Rubino<\/b> al Corriere. Per noi, la mamma e me, \u00e8 stata una grande emozione. Inimmaginabile. Anche se mi rendo conto che \u00e8 un minuscolo traguardo rispetto a quelli da raggiungere. <b>Resta ancora senza intestino funzionante.<\/b>\u00a0La battaglia \u00e8 ancora lungo\u00bb.    &#13;<br \/>\n&#13;<br \/>\n&#13;<br \/>\n&#13;<br \/>\n&#13;<br \/>\n&#13;<br \/>\n&#13;<br \/>\n&#13;<br \/>\n&#13;<br \/>\n&#13;<br \/>\n&#13;<br \/>\n&#13;<br \/>\n&#13;<br \/>\n&#13;<br \/>\n&#13;<br \/>\n&#13;<br \/>\n&#13;<br \/>\n&#13;<br \/>\n&#13;<br \/>\n&#13;<br \/>\n&#13;<br \/>\n&#13;<br \/>\n&#13;<br \/>\n&#13;<br \/>\n&#13;<br \/>\n&#13;<br \/>\n&#13;<br \/>\n&#13;<br \/>\n&#13;<br \/>\n&#13;<br \/>\n&#13;<br \/>\n&#13;<br \/>\n&#13;<br \/>\n&#13;<br \/>\n&#13;<br \/>\n&#13;<br \/>\n&#13;<br \/>\n&#13;<br \/>\n&#13;<br \/>\n&#13;<br \/>\n&#13;<br \/>\n&#13;<br \/>\n&#13;<br \/>\n&#13;<br \/>\n&#13;<br \/>\n&#13;<br \/>\n&#13;<br \/>\n&#13;<br \/>\n&#13;<br \/>\n&#13;<br \/>\n&#13;<br \/>\n&#13;<br \/>\n&#13;\n<\/p>\n<p class=\"chapter-paragraph\"><b>Elsa \u00e8 in attesa di una terza operazione<\/b>, al momento bloccata a causa di un batterio. \u00ab\u00c8 stato breve ma davvero intenso. Ci ha dimostrato di essere cosciente. Ma la lotta \u00e8 appena all&#8217;inizio &#8211; dice il pap\u00e0 -. La prognosi resta riservata e delicatissima. Elsa viene tenuta sedata.<b> Le scorse volte si era svegliata e aveva pianto. <\/b>Questa volta invece ci ha proprio riconosciuti. \u00c8 una fase importante ma sar\u00e0 un percorso molto difficile e lungo <b>di cui lei \u00e8 sempre pi\u00f9 consapevole<\/b>\u00bb.<\/p>\n<p class=\"chapter-paragraph\">Il<b> Liceo Sella<\/b>, intanto, e l&#8217;intera citt\u00e0 di Biella hanno sostenuto finora la, battaglia della ragazza. Nella scuola il dirigente <b>Gianluca Spagnolo <\/b>ha anche avviato un protocollo di supporto psicologico specialistico per i compagni di scuola di Elsa, affidando l\u2019intervento all\u2019Associazione Emdr Italia. Previsti due interventi specialistici, tre incontri di gruppo per gli studenti e uno dal carattere psicoeducativo per adulti.<\/p>\n<p class=\"is-mr-t-20 is-mr-b-20\"><b><br \/>\n                    <a href=\"https:\/\/torino.corriere.it\/?intcmp=Notizielocali_nd_010623_corriere_ss_nd\" target=\"_blank\" rel=\"nofollow noopener\">Vai a tutte le notizie di Torino<\/a><br \/>\n            <\/b><\/p>\n<p class=\"chapter-paragraph\"><b><a href=\"https:\/\/www.corriere.it\/newsletter\/?theme=35&amp;intcmp=IIIcolonna_NL_CorTorino\" target=\"_blank\" rel=\"nofollow noopener\">Iscriviti alla newsletter di Corriere Torino<\/a><\/b><\/p>\n<p class=\"is-last-update\" datetime=\"2026-01-22T21:15:50+01:00\">22 gennaio 2026 ( modifica il 22 gennaio 2026 | 21:15)<\/p>\n<p class=\"is-copyright\">\n            \u00a9 RIPRODUZIONE RISERVATA\n        <\/p>\n","protected":false},"excerpt":{"rendered":"di Floriana Rullo In coma farmacologico da 22 giorni, la ragazza ha ustioni su oltre il 60% del&hellip;\n","protected":false},"author":3,"featured_media":318609,"comment_status":"","ping_status":"","sticky":false,"template":"","format":"standard","meta":{"footnotes":""},"categories":[79],"tags":[12672,187820,187821,2201,2233,1934,4021,6254,3591,110178,44739,14,93,94,9161,176530,9067,187822,2753,19143,187823,1893,55090,1537,90,89,3417,4002,7,15,690,1920,128404,11,84,91,12,85,92],"class_list":{"0":"post-318608","1":"post","2":"type-post","3":"status-publish","4":"format-standard","5":"has-post-thumbnail","7":"category-italia","8":"tag-aperto","9":"tag-aperto-occhi","10":"tag-aperto-occhi-riconosciuto","11":"tag-appena","12":"tag-battaglia","13":"tag-biella","14":"tag-compagni","15":"tag-consapevole","16":"tag-corpo","17":"tag-crans","18":"tag-crans-montana","19":"tag-cronaca","20":"tag-cronaca-italiana","21":"tag-cronacaitaliana","22":"tag-elsa","23":"tag-elsa-rubino","24":"tag-emozione","25":"tag-emozione-inimmaginabile","26":"tag-genitori","27":"tag-gioia","28":"tag-inimmaginabile","29":"tag-interventi","30":"tag-intestino","31":"tag-it","32":"tag-italia","33":"tag-italy","34":"tag-lorenzo","35":"tag-mamma","36":"tag-news","37":"tag-notizie","38":"tag-papa","39":"tag-ragazza","40":"tag-rubino","41":"tag-ultime-notizie","42":"tag-ultime-notizie-e-news-di-oggi","43":"tag-ultime-notizie-italia","44":"tag-ultimenotizie","45":"tag-ultimenotizieenewsdioggi","46":"tag-ultimenotizieitalia"},"share_on_mastodon":{"url":"","error":"Validation failed: Text character limit of 500 exceeded"},"_links":{"self":[{"href":"https:\/\/www.europesays.com\/it\/wp-json\/wp\/v2\/posts\/318608","targetHints":{"allow":["GET"]}}],"collection":[{"href":"https:\/\/www.europesays.com\/it\/wp-json\/wp\/v2\/posts"}],"about":[{"href":"https:\/\/www.europesays.com\/it\/wp-json\/wp\/v2\/types\/post"}],"author":[{"embeddable":true,"href":"https:\/\/www.europesays.com\/it\/wp-json\/wp\/v2\/users\/3"}],"replies":[{"embeddable":true,"href":"https:\/\/www.europesays.com\/it\/wp-json\/wp\/v2\/comments?post=318608"}],"version-history":[{"count":0,"href":"https:\/\/www.europesays.com\/it\/wp-json\/wp\/v2\/posts\/318608\/revisions"}],"wp:featuredmedia":[{"embeddable":true,"href":"https:\/\/www.europesays.com\/it\/wp-json\/wp\/v2\/media\/318609"}],"wp:attachment":[{"href":"https:\/\/www.europesays.com\/it\/wp-json\/wp\/v2\/media?parent=318608"}],"wp:term":[{"taxonomy":"category","embeddable":true,"href":"https:\/\/www.europesays.com\/it\/wp-json\/wp\/v2\/categories?post=318608"},{"taxonomy":"post_tag","embeddable":true,"href":"https:\/\/www.europesays.com\/it\/wp-json\/wp\/v2\/tags?post=318608"}],"curies":[{"name":"wp","href":"https:\/\/api.w.org\/{rel}","templated":true}]}}