{"id":319041,"date":"2026-01-23T04:51:13","date_gmt":"2026-01-23T04:51:13","guid":{"rendered":"https:\/\/www.europesays.com\/it\/319041\/"},"modified":"2026-01-23T04:51:13","modified_gmt":"2026-01-23T04:51:13","slug":"laquila-capitale-italiana-della-cultura-2026-eventi-in-programma","status":"publish","type":"post","link":"https:\/\/www.europesays.com\/it\/319041\/","title":{"rendered":"L&#8217;Aquila Capitale Italiana della Cultura 2026: eventi in programma"},"content":{"rendered":"<p>La <strong>Capitale Italiana della Cultura 2026<\/strong> \u00e8 <strong>L\u2019Aquila<\/strong> con il claim \u201cUn territorio, mille capitali\u201d, uno slogan che far\u00e0 da filo conduttore al ricco programma di eventi previsto per tutto l\u2019anno. Oltre 300 saranno le opportunit\u00e0 per mostrare <strong>la bellezza di un territorio che rifiorisce<\/strong> dopo un percorso che ha fatto della cultura la sua priorit\u00e0.<\/p>\n<p>Come ha dichiarato il presidente della Regione Marco Marsilio: \u201cIl prestigioso riconoscimento di Capitale Italiana della Cultura 2026 <strong>non \u00e8 arrivato per caso<\/strong>, perch\u00e9 L\u2019Aquila ha scelto consapevolmente e in maniera lungimirante di investire sulla cultura, sulla <strong>ricerca scientifica<\/strong> e <strong>sull\u2019innovazione tecnologica<\/strong> per ricostruire il proprio futuro e darsi una prospettiva\u201d.<\/p>\n<p>Gli appuntamenti previsti daranno voce a una comunit\u00e0 ampia e policentrica, valorizzando anche <strong>le aree rurali e quelle montane<\/strong> di tutta la provincia abruzzese.\n<\/p>\n<p>Un progetto culturale diffuso su tutto il territorio<\/p>\n<p>La <strong>cerimonia di apertura<\/strong> de <a href=\"https:\/\/siviaggia.it\/notizie\/video\/l-aquila-capitale-italiana-della-cultura-2026\/437050\/\" rel=\"nofollow noopener\" target=\"_blank\">L\u2019Aquila Capitale Italiana della Cultura 2026<\/a> ha segnato l\u2019inizio di un anno dal forte valore simbolico e collettivo. In questa occasione, il centro storico si \u00e8 trasformato in un grande <strong>palcoscenico a cielo aperto<\/strong>, dando forma a un racconto urbano capace di unire tecnologia, arte e partecipazione popolare. Alla <strong>Fontana Luminosa<\/strong>, lo spettacolo di droni <strong>Sotto un unico cielo<\/strong>\u00a0ha dato il via agli appuntamenti pubblici, seguito dalla <strong>parata del gigante di luce Dundu<\/strong>.<\/p>\n<p>In Piazza Duomo, lo spettacolo <strong>La Citt\u00e0 Celestiale<\/strong>, l\u2019accensione dell\u2019installazione luminosa <strong>Il Faro 99<\/strong> e l\u2019intervento del sindaco hanno chiuso la giornata, accompagnata da <strong>performance itineranti<\/strong> nelle vie del centro.<\/p>\n<p>Il programma, per\u00f2,\u00a0nasce con l\u2019obiettivo di superare i confini del centro storico per trasformare l\u2019intero territorio in un <strong>grande spazio di produzione culturale<\/strong>. Mostre, performance e appuntamenti artistici si muoveranno lungo una geografia ampia e articolata, capace di tenere insieme citt\u00e0, borghi, aree interne e paesaggi montani.<\/p>\n<blockquote class=\"instagram-media\" data-instgrm-captioned=\"\" data-instgrm-permalink=\"https:\/\/www.instagram.com\/p\/DToBDxECMki\/?utm_source=ig_embed&amp;utm_campaign=loading\" data-instgrm-version=\"14\" style=\" background:#FFF; border:0; border-radius:3px; box-shadow:0 0 1px 0 rgba(0,0,0,0.5),0 1px 10px 0 rgba(0,0,0,0.15); margin: 1px; max-width:100%; min-width:326px; padding:0; width:99.375%; width:-webkit-calc(100% - 2px); width:calc(100% - 2px);\"\/>\n<p>Mostre, concerti e festival<\/p>\n<p>\u00c8 in questa visione policentrica che si inseriscono alcuni dei progetti pi\u00f9 attesi dell\u2019anno e che porteranno in Abruzzo, <a href=\"https:\/\/siviaggia.it\/luxury\/abruzzo-destinazione-lusso-2026\/572313\/\" rel=\"nofollow noopener\" target=\"_blank\">meta luxury dell\u2019anno<\/a>, un numero maggiore di visitatori. Tra gli eventi citiamo la <strong>retrospettiva dedicata a Fabio Mauri<\/strong> nel centenario della nascita. L\u2019artista romano, legato profondamente a L\u2019Aquila per la sua lunga esperienza all\u2019Accademia di Belle Arti, sar\u00e0 celebrato con una <strong>mostra curata da Maurizio Cattelan e Marta Papini<\/strong> negli spazi del <strong>MAXXI L\u2019Aquila<\/strong>, in un dialogo tra memoria, ricerca e contemporaneit\u00e0.<\/p>\n<p>Accanto alle grandi esposizioni, il 2026 aquilano dar\u00e0 spazio a diversi interventi artistici come <strong>Oltre il visibile<\/strong>, progetto site-specific dell\u2019artista cinese <strong>Liu Bolin<\/strong>, che unir\u00e0 fotografia e performance trasformando scenari iconici come la Basilica di Collemaggio e <a href=\"https:\/\/siviaggia.it\/posti-incredibili\/rocca-calascio-castello-misterioso\/121450\/\" rel=\"nofollow noopener\" target=\"_blank\">Rocca Calascio<\/a> in parte integrante dell\u2019opera.<\/p>\n<p>La <strong>musica<\/strong> sar\u00e0 un altro asse portante del programma, con nuove produzioni che intrecciano spiritualit\u00e0, identit\u00e0 e sperimentazione: dall\u2019opera commissionata al compositore premio Oscar <strong>Nicola Piovani<\/strong>, fino al progetto musicale dell\u2019Istituzione Sinfonica Abruzzese dedicato a San Francesco d\u2019Assisi nell\u2019ottavo centenario della morte.<\/p>\n<p>Infine, la <a href=\"https:\/\/siviaggia.it\/notizie\/castello-laquila-museo-nazionale-abruzzo-riapre\/569743\/\" rel=\"nofollow noopener\" target=\"_blank\">riapertura del Museo Nazionale d\u2019Abruzzo<\/a> nella storica sede del Forte Spagnolo e il completamento del restauro del <strong>Teatro Comunale<\/strong> segnano tappe fondamentali di un percorso che intreccia <strong>ricostruzione materiale e rinascita sociale<\/strong>.<\/p>\n<p>Sul sito ufficiale potete consultare il <strong>calendario degli eventi<\/strong> in continuo aggiornamento.<\/p>\n<p>\t<script async src=\"\/\/www.instagram.com\/embed.js\"><\/script><\/p>\n","protected":false},"excerpt":{"rendered":"La Capitale Italiana della Cultura 2026 \u00e8 L\u2019Aquila con il claim \u201cUn territorio, mille capitali\u201d, uno slogan che&hellip;\n","protected":false},"author":3,"featured_media":319042,"comment_status":"","ping_status":"","sticky":false,"template":"","format":"standard","meta":{"footnotes":"","_share_on_mastodon":"0"},"categories":[79],"tags":[14,93,94,626,1537,90,89,5857,31770,7,15,11,84,91,12,85,92],"class_list":["post-319041","post","type-post","status-publish","format-standard","has-post-thumbnail","category-italia","tag-cronaca","tag-cronaca-italiana","tag-cronacaitaliana","tag-eventi","tag-it","tag-italia","tag-italy","tag-itinerari-culturali","tag-laquila","tag-news","tag-notizie","tag-ultime-notizie","tag-ultime-notizie-e-news-di-oggi","tag-ultime-notizie-italia","tag-ultimenotizie","tag-ultimenotizieenewsdioggi","tag-ultimenotizieitalia"],"share_on_mastodon":{"url":"https:\/\/pubeurope.com\/@it\/115942620384301106","error":""},"_links":{"self":[{"href":"https:\/\/www.europesays.com\/it\/wp-json\/wp\/v2\/posts\/319041","targetHints":{"allow":["GET"]}}],"collection":[{"href":"https:\/\/www.europesays.com\/it\/wp-json\/wp\/v2\/posts"}],"about":[{"href":"https:\/\/www.europesays.com\/it\/wp-json\/wp\/v2\/types\/post"}],"author":[{"embeddable":true,"href":"https:\/\/www.europesays.com\/it\/wp-json\/wp\/v2\/users\/3"}],"replies":[{"embeddable":true,"href":"https:\/\/www.europesays.com\/it\/wp-json\/wp\/v2\/comments?post=319041"}],"version-history":[{"count":0,"href":"https:\/\/www.europesays.com\/it\/wp-json\/wp\/v2\/posts\/319041\/revisions"}],"wp:featuredmedia":[{"embeddable":true,"href":"https:\/\/www.europesays.com\/it\/wp-json\/wp\/v2\/media\/319042"}],"wp:attachment":[{"href":"https:\/\/www.europesays.com\/it\/wp-json\/wp\/v2\/media?parent=319041"}],"wp:term":[{"taxonomy":"category","embeddable":true,"href":"https:\/\/www.europesays.com\/it\/wp-json\/wp\/v2\/categories?post=319041"},{"taxonomy":"post_tag","embeddable":true,"href":"https:\/\/www.europesays.com\/it\/wp-json\/wp\/v2\/tags?post=319041"}],"curies":[{"name":"wp","href":"https:\/\/api.w.org\/{rel}","templated":true}]}}