{"id":319226,"date":"2026-01-23T08:10:12","date_gmt":"2026-01-23T08:10:12","guid":{"rendered":"https:\/\/www.europesays.com\/it\/319226\/"},"modified":"2026-01-23T08:10:12","modified_gmt":"2026-01-23T08:10:12","slug":"chi-e-machac-avversario-di-musetti-al-terzo-turno-dellaustralian-open","status":"publish","type":"post","link":"https:\/\/www.europesays.com\/it\/319226\/","title":{"rendered":"Chi \u00e8 Machac, avversario di Musetti al terzo turno dell&#8217;Australian Open"},"content":{"rendered":"<p>                                Ha iniziato con il tennis per seguire la sorella, ha cominciato a crederci davvero solo da maggiorenne. Ha costruito la sua carriera a piccoli passi, tra ritardi, etichette scomode e acuti fino all&#8217;ingresso nella top 20\u00a0<\/p>\n<p>\n                                                                    Pellegrino Dell&#8217;Anno\n                            <\/p>\n<p>                    23 gennaio 2026 (modifica alle 08:40)  &#8211; MILANO<\/p>\n<p class=\"paragraph\" spellcheck=\"true\">Da bambini, il tennista in casa Machac non avrebbe dovuto essere Tomas. Lui seguiva la sorella maggiore Katerina, che avrebbe dato tutto per avere una carriera da professionista, in tutti i tornei di categoria. Palleggiando contro il muro (\u201cLo facevo per non annoiarmi a guardare le partite\u201d, raccontava), il ceco inizi\u00f2 a rendersi conto che questo sport faceva per lui. Pur avendolo iniziato a prendere sul serio un po\u2019 pi\u00f9 tardi del solito. Nonostante a 10 anni facesse gi\u00e0 parte del club Sparta Praga, tra i pi\u00f9 blasonati della Repubblica Ceca, per sua stessa ammissione Machac ha iniziato a capire che il tennis potesse diventare la sua vita solo da maggiorenne. Ora \u00e8 un nome affermato del circuito, e giocher\u00e0 per il terzo anno di fila il terzo turno all\u2019Australian Open. Ponendosi come ultimo ostacolo tra Lorenzo Musetti e il traguardo di raggiungere almeno gli ottavi in tutti gli Slam.\u00a0<\/p>\n<p>    sportivo a 360 gradi\u2014 \u00a0<\/p>\n<p class=\"paragraph\" spellcheck=\"true\">Senza la sorella, Machac, classe 2000 di Beroun (sobborgo di Praga), probabilmente neanche si sarebbe mai avvicinato al tennis. Il suo idolo sportivo, che ogni tanto cerca di ricalcare con dritti e rovesci in salto con cui riempie gli highlights, \u00e8 Michael Jordan. Pur non avendolo mai vissuto in prima persona, il ceco ha fatto presto sua la filosofia di MJ: \u201cHo imparato guardandolo che alcuni giorni, se non ti senti bene o sei malato o qualcosa va storto, puoi ancora combattere, puoi ancora metterti a tuo agio in quel momento e migliorare qualcosa nel tuo gioco\u201d. Parole che Tomas ha applicato come un mantra nella sua carriera, non decollata prestissimo ma che lo ha visto scalare vette importanti, potendo vantare vittorie contro Alcaraz e Djokovic e un oro olimpico  ancora prima di vincere il primo titolo.<\/p>\n<p>    piccoli passi\u2014 \u00a0<\/p>\n<p class=\"paragraph\" spellcheck=\"true\">A Parigi 2024 Machac vince l\u2019oro in doppio misto insieme a Katerina Siniakova, la sua ex ragazza (con tanto di bacio sul podio che fa il giro del mondo). Per anni il giocatore ceco \u00e8 stato definito come \u201cil fidanzato di\u2026\u201d, scarseggiando i suoi risultati. D\u2019altronde arriva in top 100 soltanto a 22 anni, e per il primo quarto Atp dovr\u00e0 attendere quasi il 23esimo compleanno. Mentre Lehecka corre, e inizia ad affacciarsi la stella di Mensik, in Repubblica Ceca quasi nessuno degna di uno sguardo Tomas, che spicca pi\u00f9 che altro per un particolare capo di abbigliamento: pantaloncini cortissimi, vecchio stile, ben sopra il ginocchio. In campo gioca un tennis a tutto campo, esplosivo. Poi nel 2024 la svolta: quarti a Miami contro Sinner, ottavi allo Us Open, semifinale al Masters 1000 di Shanghai. Tutto condito da prestazioni stellari, grandi colpi e match godibili. Nel 2025, a 24 anni, arriva anche il primo titolo in quel di Acapulco, e la top 20. Risolto qualche problema fisico (ben cinque ritiri nel 2025), e forte del secondo trofeo in carriera ad Adelaide, \u00e8 arrivato con il vento in poppa, come mina vagante, all\u2019Australian Open.<\/p>\n<p><a class=\"is-partner-link\" href=\"https:\/\/abbonamenti.gazzetta.it\/calciatori-panini-2025\/?pwcmp_promo_panini_cta&amp;forceBrowser=true\" rel=\"nofollow noopener\" target=\"_blank\">Gazzetta digital + Box Panini + Album a soli 80\u20ac, il modo pi\u00f9 veloce e conveniente per completare la collezione!<\/a><\/p>\n<p>    Picchi\u2014 \u00a0<\/p>\n<p class=\"paragraph\" spellcheck=\"true\">Una bella sceneggiatura, quella che ha condotto Machac a Musetti (l&#8217;azzurro ha perso l&#8217;unico precedente, nel 2024 sull&#8217;indoor di Marsiglia). Quasi una curiosa coincidenza considerando che tra le grandi passioni del ceco ci sono l\u2019arte, la letteratura e due delle serie Tv di maggior successo degli ultimi anni: \u201cPeaky Blinders\u201d e \u201cGame of Thrones\u201d. \u201cGuardarle mi rilassa\u201d, raccontava. Lui per primo in fondo ha il gusto dello spettacolo. Nel secondo turno a Melbourne vinto contro Tsitsipas, il totale dei vincenti \u00e8 ammontato a 105 (41 i suoi). Un numero che tradisce un gusto estremo per il rischio dell\u2019attuale n.24 Atp, il cui sogno \u00e8 un viaggio in un\u2019isola esotica. \u201cIl pi\u00f9 grande miglioramento di Tomas \u00e8 che ha iniziato a credere in s\u00e9 stesso\u201d, raccontava coach Daniel Vacek, ex top 30 ceco. La vera pericolosit\u00e0 di Machac, che vanta anche una semifinale in doppio all\u2019Australian Open (2024 insieme a Zhang), \u00e8 la capacit\u00e0 di avere picchi altissimi. Prendiamo in prestito le parole di Alcaraz, dopo la sconfitta contro di lui a Shanghai: \u201cMi sembrava di star giocando contro un top 5, tanto era alto il livello. Pensavo mi avrebbe dato una chance, ma non lo ha fatto\u201d. E ora toccher\u00e0 a Musetti, n.5 del mondo, saggiare il livello del ceco di cui si parla di meno. E che, pur di non guardare la sorella giocare a tennis, ha iniziato a farlo lui per sfuggire dalla noia. Creando un finale quasi degno delle serie che tanto gli piacciono.\u00a0<\/p>\n<p class=\"is-copyright\">\u00a9 RIPRODUZIONE RISERVATA<\/p>\n","protected":false},"excerpt":{"rendered":"Ha iniziato con il tennis per seguire la sorella, ha cominciato a crederci davvero solo da maggiorenne. Ha&hellip;\n","protected":false},"author":3,"featured_media":319227,"comment_status":"","ping_status":"","sticky":false,"template":"","format":"standard","meta":{"footnotes":"","_share_on_mastodon":"0"},"categories":[1457],"tags":[8435,1265,2478,7919,19533,14176,55765,391,921,1902,3668,6384,1277,1906,1251,25936,31261,6990,1537,90,89,1979,145188,6110,48560,16540,3419,2006,3206,34979,4979,6855,92693,4719,188165,71989,12620,4804,188166,14608,981,16594,1924,1821,15388,10766,245,2284,244,1273,4960,30004,3413,19627],"class_list":["post-319226","post","type-post","status-publish","format-standard","has-post-thumbnail","category-tennis","tag-abbigliamento","tag-alcaraz","tag-arriva","tag-atp","tag-australian","tag-australian-open","tag-avendolo","tag-ben","tag-campo","tag-carriera","tag-ceca","tag-ceco","tag-dato","tag-doppio","tag-grandi","tag-guardare","tag-gusto","tag-iniziato","tag-it","tag-italia","tag-italy","tag-jordan","tag-katerina","tag-livello","tag-machac","tag-maggiorenne","tag-musetti","tag-open","tag-oro","tag-ottavi","tag-parole","tag-passi","tag-picchi","tag-piccoli","tag-piccoli-passi","tag-praga","tag-puoi","tag-pur","tag-pur-avendolo","tag-raccontava","tag-repubblica","tag-repubblica-ceca","tag-semifinale","tag-serie","tag-shanghai","tag-sorella","tag-sport","tag-sportivo","tag-sports","tag-tennis","tag-terzo","tag-tomas","tag-top","tag-turno"],"share_on_mastodon":{"url":"","error":"Validation failed: Text character limit of 500 exceeded"},"_links":{"self":[{"href":"https:\/\/www.europesays.com\/it\/wp-json\/wp\/v2\/posts\/319226","targetHints":{"allow":["GET"]}}],"collection":[{"href":"https:\/\/www.europesays.com\/it\/wp-json\/wp\/v2\/posts"}],"about":[{"href":"https:\/\/www.europesays.com\/it\/wp-json\/wp\/v2\/types\/post"}],"author":[{"embeddable":true,"href":"https:\/\/www.europesays.com\/it\/wp-json\/wp\/v2\/users\/3"}],"replies":[{"embeddable":true,"href":"https:\/\/www.europesays.com\/it\/wp-json\/wp\/v2\/comments?post=319226"}],"version-history":[{"count":0,"href":"https:\/\/www.europesays.com\/it\/wp-json\/wp\/v2\/posts\/319226\/revisions"}],"wp:featuredmedia":[{"embeddable":true,"href":"https:\/\/www.europesays.com\/it\/wp-json\/wp\/v2\/media\/319227"}],"wp:attachment":[{"href":"https:\/\/www.europesays.com\/it\/wp-json\/wp\/v2\/media?parent=319226"}],"wp:term":[{"taxonomy":"category","embeddable":true,"href":"https:\/\/www.europesays.com\/it\/wp-json\/wp\/v2\/categories?post=319226"},{"taxonomy":"post_tag","embeddable":true,"href":"https:\/\/www.europesays.com\/it\/wp-json\/wp\/v2\/tags?post=319226"}],"curies":[{"name":"wp","href":"https:\/\/api.w.org\/{rel}","templated":true}]}}