{"id":319317,"date":"2026-01-23T09:31:15","date_gmt":"2026-01-23T09:31:15","guid":{"rendered":"https:\/\/www.europesays.com\/it\/319317\/"},"modified":"2026-01-23T09:31:15","modified_gmt":"2026-01-23T09:31:15","slug":"sinner-quando-gioca-contro-spizzirri-e-dove-vederlo-in-tv-e-streaming","status":"publish","type":"post","link":"https:\/\/www.europesays.com\/it\/319317\/","title":{"rendered":"Sinner, quando gioca contro Spizzirri e dove vederlo in tv e streaming"},"content":{"rendered":"<p>                                Nella settima giornata dello Slam di Melbourne i match saranno anticipati di mezz&#8217;ora per il caldo. Oltre a Jannik e agli altri due azzurri &#8211; di fronte, nell&#8217;ordine a Machach e Khachanov -, in campo pure Djokovic, Osaka, Pegula, Shelton, Swiatek, Ruud-Cilic e Wawrinka-Fritz<\/p>\n<p>\n                                                                    Pellegrino Dell&#8217;Anno\n                            <\/p>\n<p>                    23 gennaio &#8211; 06:54  &#8211; MILANO<\/p>\n<p class=\"paragraph\" spellcheck=\"true\">Sar\u00e0 una giornata atipica a Melbourne quella di domani, dedicata ai terzi turni della parte bassa dei tabelloni maschile e femminile. L\u2019eccessivo caldo previsto, con temperature che dovrebbero arrivare ai 40 gradi, ha spinto gli organizzatori a prendere provvedimenti. E cos\u00ec tutti gli incontri inizieranno alle 10.30 locali, le 00.30 italiane, un anticipo di mezz\u2019ora per i campi secondari e un\u2019ora per i due principali. E, in questa situazione, per la prima volta Jannik Sinner giocher\u00e0 in sessione diurna, come secondo match sulla Rod Laver Arena. L&#8217;italiano scender\u00e0 in campo non prima delle 2 del mattino italiane, nella notte tra venerd\u00ec 23 e sabato 24 gennaio, contro Elliot Spizzirri. Nessun precedente tra i due, con una carriera totalmente differente (n.2 contro n.85) pur essendo coetanei, che inizieranno dopo Pliskova-Keys. Con il forte rischio di contemporaneit\u00e0 con gli altri due azzurri impegnati.\u00a0<\/p>\n<p>    gli italiani\u2014 \u00a0<\/p>\n<p class=\"paragraph\" spellcheck=\"true\">Prima di Sinner, scenderanno in campo anche Lorenzo Musetti e Luciano Darderi. Il n.5 al mondo aprir\u00e0 il programma della John Cain Arena alle nostre 00.30 (i match maschili, pi\u00f9 lunghi, sono previsti per primi sui campi non dotati di tetto) contro Tomas Machach. Incontro intrigante, per nulla scontato, per il carrariese, che ha perso anche l\u2019unico precedente sull\u2019indoor di Marsiglia nel 2024. Darderi, ai sedicesimi di finale per il terzo Slam di fila, affronter\u00e0 il solido e insidioso Karen Khachanov, n.15 del tabellone. I due saranno i primi, sempre alle 00.30, sulla Kia Arena. Un match che l\u2019azzurro pu\u00f2 vincere (\u201cDovr\u00f2 essere io ad attaccare e muovere il russo\u201d), sognando un eventuale ottavo contro Sinner.\u00a0<\/p>\n<p>    i big\u2014 \u00a0<\/p>\n<p class=\"paragraph\" spellcheck=\"true\">La particolarit\u00e0 della giornata, oltre all\u2019inizio anticipato, saranno i cinque match previsti in luogo dei soliti quattro sulla Margaret Court Arena, essendo lo stadio dotato di tetto. Mentre sulla Rod Laver in sessione serale, sempre dalle 9 del mattino italiane, giocheranno Novak Djokovic contro Botic Van De Zandschulp e Naomi Osaka contro la padrona di casa Maddison Inglis. Quasi senza pausa sulla Margaret Court: apriranno Pegula-Selekhmeteva e Stearns-Anisimova, seguite dall\u2019atteso confronto tra i n.8 e 30 del tabellone Ben Shelton e Valentin Vacherot, con il monegasco al primo terzo turno Slam in carriera. In sessione serale, dalle 9, Iga Swiatek contro Anna Kalinskaya e Casper Ruud contro l\u2019eterno Marin Cilic. E, a proposito di giocatori intramontabili, sar\u00e0 la giornata anche di Stan Wawrinka. Lo svizzero se la vedr\u00e0 sulla John Cain Arena contro il n.9 del seeding Taylor Fritz, come terzo match dopo Musetti-Machac e Mertens-Bartunkova, non prima delle 7 del mattino. Da questo match uscirebbe l\u2019eventuale avversario di Lorenzo agli ottavi di finale.<\/p>\n<p><a class=\"is-partner-link\" href=\"https:\/\/abbonamenti.gazzetta.it\/calciatori-panini-2025\/?pwcmp_promo_panini_cta&amp;forceBrowser=true\" rel=\"nofollow noopener\" target=\"_blank\">Gazzetta digital + Box Panini + Album a soli 80\u20ac, il modo pi\u00f9 veloce e conveniente per completare la collezione!<\/a><\/p>\n<p>    in tv\u2014 \u00a0<\/p>\n<p class=\"paragraph is-inline\" spellcheck=\"true\">Tutti i match dell&#8217;Australian Open sono visibili su Eurosport. Sar\u00e0 possibile seguire la sfida in streaming tramite le piattaforme di Discovery Plus, HBO Max, Dazn e Tim Vision, previo abbonamento.<\/p>\n<p class=\"is-copyright\">\u00a9 RIPRODUZIONE RISERVATA<\/p>\n","protected":false},"excerpt":{"rendered":"Nella settima giornata dello Slam di Melbourne i match saranno anticipati di mezz&#8217;ora per il caldo. Oltre a&hellip;\n","protected":false},"author":3,"featured_media":319318,"comment_status":"","ping_status":"","sticky":false,"template":"","format":"standard","meta":{"footnotes":"","_share_on_mastodon":"0"},"categories":[1457],"tags":[5295,188193,19533,14176,4700,187592,187593,1534,2008,921,1902,84882,13623,3415,26568,8988,1426,7923,5183,88280,1537,90,4946,89,1269,1602,187595,188194,31900,11316,3417,188195,1894,7024,3419,10864,366,3423,245,244,1273,4960],"class_list":["post-319317","post","type-post","status-publish","format-standard","has-post-thumbnail","category-tennis","tag-arena","tag-arena-match","tag-australian","tag-australian-open","tag-azzurri","tag-cain","tag-cain-arena","tag-caldo","tag-campi","tag-campo","tag-carriera","tag-cilic","tag-court","tag-darderi","tag-djokovic","tag-eventuale","tag-finale","tag-fritz","tag-giornata","tag-inizieranno","tag-it","tag-italia","tag-italiane","tag-italy","tag-jannik","tag-john","tag-john-cain","tag-john-cain-arena","tag-khachanov","tag-laver","tag-lorenzo","tag-machach","tag-match","tag-mattino","tag-musetti","tag-sessione","tag-sinner","tag-slam","tag-sport","tag-sports","tag-tennis","tag-terzo"],"share_on_mastodon":{"url":"https:\/\/pubeurope.com\/@it\/115943721155147733","error":""},"_links":{"self":[{"href":"https:\/\/www.europesays.com\/it\/wp-json\/wp\/v2\/posts\/319317","targetHints":{"allow":["GET"]}}],"collection":[{"href":"https:\/\/www.europesays.com\/it\/wp-json\/wp\/v2\/posts"}],"about":[{"href":"https:\/\/www.europesays.com\/it\/wp-json\/wp\/v2\/types\/post"}],"author":[{"embeddable":true,"href":"https:\/\/www.europesays.com\/it\/wp-json\/wp\/v2\/users\/3"}],"replies":[{"embeddable":true,"href":"https:\/\/www.europesays.com\/it\/wp-json\/wp\/v2\/comments?post=319317"}],"version-history":[{"count":0,"href":"https:\/\/www.europesays.com\/it\/wp-json\/wp\/v2\/posts\/319317\/revisions"}],"wp:featuredmedia":[{"embeddable":true,"href":"https:\/\/www.europesays.com\/it\/wp-json\/wp\/v2\/media\/319318"}],"wp:attachment":[{"href":"https:\/\/www.europesays.com\/it\/wp-json\/wp\/v2\/media?parent=319317"}],"wp:term":[{"taxonomy":"category","embeddable":true,"href":"https:\/\/www.europesays.com\/it\/wp-json\/wp\/v2\/categories?post=319317"},{"taxonomy":"post_tag","embeddable":true,"href":"https:\/\/www.europesays.com\/it\/wp-json\/wp\/v2\/tags?post=319317"}],"curies":[{"name":"wp","href":"https:\/\/api.w.org\/{rel}","templated":true}]}}