{"id":319423,"date":"2026-01-23T10:58:11","date_gmt":"2026-01-23T10:58:11","guid":{"rendered":"https:\/\/www.europesays.com\/it\/319423\/"},"modified":"2026-01-23T10:58:11","modified_gmt":"2026-01-23T10:58:11","slug":"il-feretro-in-chiesa-sulle-note-di-mozart-i-copricapo-rossi-in-omaggio-allo-stilista","status":"publish","type":"post","link":"https:\/\/www.europesays.com\/it\/319423\/","title":{"rendered":"il feretro in chiesa sulle note di Mozart, i copricapo rossi in omaggio allo stilista"},"content":{"rendered":"<p>            2026-01-23 11:55:36<br \/>\n            L&#8217;Ave Maria di Schubert<\/p>\n<p>\u00c8 finita l&#8217;omelia durante i funerali di\u00a0Valentino, durata una decina di minuti. \u00c8 partita l&#8217;Ave Maria di Schubert nella Basilica di Santa Maria degli Angeli e dei Martiri di Roma dove si svolgono le esequie, uno dei momenti pi\u00f9 toccanti, durante l&#8217;offertorio<\/p>\n<p>            2026-01-23 11:52:18<br \/>\n            I copricapi rossi in omaggio allo stilista<\/p>\n<p>L\u2019allestimento della chiesa che ospita i funerali di\u00a0Valentino\u00a0conferma lo stile scelto dallo stilista: tutta in bianco, con fiori e corone composti soprattutto di rose, tra i suoi fiori preferiti. Tra i fedeli, in tanti hanno scelto di indossare per\u00f2 un copricapo rosso, in omaggio al colore simbolo del grande maestro della moda italiana e mondial<\/p>\n<p>            2026-01-23 11:29:34<br \/>\n            Fiori bianchi e una foto in bianco e nero<\/p>\n<p>\u00a0Solo fiori bianchi all&#8217;interno della chiesa per i funerali di\u00a0Valentino, iniziati in orario, cos\u00ec com&#8217;\u00e8 stato per la camera ardente. Ora \u00e8 in corso la messa. Vicino al feretro c&#8217;\u00e8 una foto in bianco e nero dello stilista sorridente. I posti a sedere sono tutti pieni<\/p>\n<p>            2026-01-23 11:27:37<br \/>\n            Il feretro entra sulle note di Mozart<\/p>\n<p>Il feretro di\u00a0Valentino\u00a0\u00e8 entrato in chiesa dando inizio alle esequie, accompagnato dalle note di \u2018Lacrimosa\u2019 di Mozart.<\/p>\n<p>            2026-01-23 11:11:45<br \/>\n            Il feretro seguito da Giammetti<\/p>\n<p>Il feretro di Valentino \u00e8 arrivato nella Basilica di Santa Maria degli Angeli, accompagnato da Giancarlo Giammetti, storico compagno e socio di una vita. Con lui i familiari dello stilista\u00a0e i \u00abfigliocci\u00bb di Garavani, i fratelli Sean e Anthony\u00a0Sax.\u00a0<\/p>\n<p>            2026-01-23 10:59:22<br \/>\n            Simona Ventura: &#8220;diceva che ero la sua ambasciatrice pi\u00f9 tatuata&#8221;<\/p>\n<p>\u00abNon avevo molta speranza che lui mi potesse vestire per l&#8217;Isola dei famosi e invece lo ha fatto per tutte le puntate, una serie di vestiti rossi magnifici che io ho ancora e che tengo nel cuore, pezzi unici. Mi diceva non sei diciamo la mia ambasciatrice pi\u00f9 coronata, ma la pi\u00f9 tatuata s\u00ec. Era molto divertente, ironico. Giancarlo \u00e8 stato con me straordinario, due persone che ho avuto il privilegio di poter conoscere bene e ai quali sono eternamente\u00bb. Lo ha detto Simona Ventura arrivando ai funerali di\u00a0Valentino\u00a0a Roma. \u00abIo ho una serie di vestiti rossi meravigliosi che avr\u00f2 sempre, sono pezzi unici, peraltro quello dell&#8217;Isola dei Famosi, l&#8217;ultima serata che lui ha vestito l\u00ec come\u00a0Valentino, me l&#8217;ha preparato Pierpaolo Piccioli, perch\u00e9 lui e Maria Grazia Chiuri erano gli assistenti di\u00a0Valentino\u00a0e ho detto tutto\u00bb, ha aggiunto. \u00abPiazza Mignanelli \u00e8 gi\u00e0 Piazza\u00a0Valentino\u00a0Garavani &#8211; ha detto la contessa Marisela Federici &#8211; Peccato che non lo ha pensato prima chi doveva\u00bb.\u00a0<\/p>\n<p>            2026-01-23 10:49:25<br \/>\n            Le lacrime delle star<\/p>\n<p>Tra i vip gi\u00e0 arrivati ci sono anche Elizabeth Hurley, Anna Fendi e Brunello Cucinelli. \u00abMi diceva sempre: per favore, non lasciare mai casa senza mettere un po&#8217; di rossetto\u00bb, ha ricordato Bianca Brandolini D&#8217;Adda. \u00abEra un uomo incredibile, eccezionale, sempre perfetto, sempre elegante, che amava le donne, amava la bellezza &#8211; ha detto Tiziana Rocca &#8211; penso che \u00e8 stato il primo veramente a essere conosciuto da tutte le vive del mondo e tutte le donne lo adoravano per come lui esaltava la bellezza\u00bb.\u00a0<\/p>\n<p>            2026-01-23 10:34:38<br \/>\n            Arrivata Anne Hathaway<\/p>\n<p>L&#8217;attrice Anne Hathaway \u00e8 arrivata nella basilica\u00a0di Santa Maria degli Angeli, in Piazza della Repubblica, per omaggiare Valentino. <\/p>\n<p>Vestita a lutto, elegantissima, cappottino nero e tacchi a spillo, ha abbracciato i familiari dello stilista prima di entrare in chiesa.\u00a0<\/p>\n<p>            2026-01-23 10:16:23<br \/>\n            &#8220;Perdiamo il fiore pi\u00f9 bello&#8221;<\/p>\n<p>Davanti alla basilica di Santa Maria degli Angeli, in Piazza della Repubblica, dove alle 11 si terranno i funerali dello stilista, si \u00e8 radunato gi\u00e0 un centinaio di persone. Tra le transenne spicca un cartello scritto a mano: \u201cTutto il mondo piange\u00a0Valentino. Perdiamo il fiore pi\u00f9 bello\u201d. \u00c8 il messaggio che accoglie chi arriva sulla piazza, insieme ad un flusso continuo di persone, qualcuno con un mazzo di fiori, altri con in mano una sua foto.<\/p>\n<p>            2026-01-23 09:56:02<br \/>\n            La tomba di famiglia dove anche Giammetti vorr\u00e0 essere sepolto<\/p>\n<p>\u00a0Ci sono gi\u00e0 un paio di centinaia di persone &#8211; in gran parte giornalisti, fotografi, cameraman e altri addetti ai lavori ma anche fan &#8211; davanti alla Basilica di Santa Maria degli Angeli e dei Martiri in piazza della Repubblica, dove alle 11 verranno celebrati i funerali di\u00a0Valentino\u00a0Garavani, il grande stilista morto luned\u00ec a Roma a 93 anni. Servizio d\u2019ordine imponente (quasi 100 persone al lavoro solo su questo tra l\u2019interno e l\u2019esterno della basilica) e un\u2019organizzazione all\u2019insegna dell\u2019eleganza studiata fin nel minimo dettaglio, come avrebbe voluto il patron della maison e quasi come fosse la sua ultima sfilata. Il feretro arriver\u00e0, da Piazza Mignanelli dove ieri e mercoled\u00ec \u00e8 stata allestita la camera ardente, solo quando gli ospiti saranno tutti entrati in chiesa. Attese diverse star internazionali (si vocifera tra gli altri &#8211; ma l\u2019organizzazione ha voluto mantenere il massimo riserbo &#8211; di Claudia Schiffer, Anne Hathaway, Anna Wintour, Tom Ford) ma anche diversi aristocratici europei. A celebrare il rito funebre sar\u00e0 il parroco della basilica, don Pietro Guerini. Gli addobbi e gli omaggi floreali, sono, come per la camera ardente, all\u2019insegna del bianco. Uno dei colori preferiti dallo stilista (oltre naturalmente al \u2018rosso\u00a0Valentino\u2019, diventato il suo marchio di fabbrica). Dopo il funerale il feretro sar\u00e0 portato al Cimitero Flaminio, a Prima Porta, dove verr\u00e0 tumulato in quella che \u00e8 la cappella \u2018di famiglia\u2019 voluta da\u00a0Valentino\u00a0e dall\u2019inseparabile Giancarlo Giammetti, il socio ed ex compagno rimasto sempre al suo fianco nel lavoro e nel privato: una tomba di forma circolare, con grandi vetrate e grandi aiuole intorno, dove Giammetti ha gi\u00e0 annunciato che vorr\u00e0 essere sepolto anche lui.<\/p>\n<p>            2026-01-23 08:20:42<br \/>\n            Il compagno: &#8220;Sono devastto&#8221;<\/p>\n<p>\u201cLe ultime parole che ci siamo detti? Ti amo\u201d. A dirlo ai giornalisti, assembrati all\u2019entrata della camera ardente di\u00a0Valentino\u00a0in Piazza Mignanelli, \u00e8 Vernon Bruce Hoeksema, l\u2019ultimo compagno dello stilista. \u201cPer me sar\u00e0 impossibile non ricordarlo &#8211; ha aggiunto &#8211; Sono devastato\u201d.<\/p>\n<p>\n                            Il punto serale sulle notizie del giorno<br \/>\n                            <b>Iscriviti<\/b> e ricevi le notizie via email\n                        <\/p>\n<p>L&#8217;ultimo saluto a <a href=\"https:\/\/www.ilmessaggero.it\/t\/valentino-garavani\" rel=\"nofollow noopener\" target=\"_blank\">Valentino Garavani<\/a> sar\u00e0 oggi alle 11 nella Basilica di Santa Maria degli Angeli e dei Martiri.\u00a0Il feretro entrer\u00e0 nella Basilica accolto dalle note di Mozart. Tra i volti attesi alle esequie, che saranno celebrate da don Pietro Guerini, ci saranno\u00a0Tom Ford, <a href=\"https:\/\/www.ilmessaggero.it\/t\/anne-hathaway\" rel=\"nofollow noopener\" target=\"_blank\">Anne Hathaway<\/a>, <a href=\"https:\/\/www.ilmessaggero.it\/t\/anna-wintour\" rel=\"nofollow noopener\" target=\"_blank\">Anna Wintour<\/a> e Afef Jnifen. Oltre ai familiari e amici di una vita, <a href=\"https:\/\/www.ilmessaggero.it\/t\/giancarlo-giammetti\" rel=\"nofollow noopener\" target=\"_blank\">Giancarlo Giammetti<\/a>, storico compagno e socio, che in chiesa\u00a0alla fine della cerimonia\u00a0far\u00e0 un omaggio a Valentino. E poi Bruce Hoeksema, l\u2019ultimo compagno dello stilista e i suoi collaboratori storici.\u00a0<\/p>\n<p>&#13;<br \/>\n    APPROFONDIMENTI&#13;<br \/>\n    &#13;<\/p>\n<p>Intanto, ieri, alla camera ardente hanno scelto di portare il loro saluto a\u00a0Valentino\u00a0anche altri pezzi del puzzle della sua vita. <\/p>\n<p>Matteo Marzotto, che ha lavorato al rilancio della maison negli anni Duemila, ha raccontato il \u00abricordo pi\u00f9 bello\u00bb che conserva dello stilista, quello del loro primo incontro \u00abprofessionale\u00bb. \u00abFu qui in studio da loro &#8211; ha raccontato -. C&#8217;erano tutti e due e io mi sono presentato con una foto che mi aveva dato mia madre: c&#8217;erano loro quarantenni e io cinquenne\u00bb Nel pomeriggio, dopo essere stata a lungo dentro la camera ardente insieme ai familiari e amici di Garavani, Donatella Versace ha ricordato come sia stato lui \u00abla prima persona\u00bb che ha visto \u00abquando mi hanno annunciato che mio fratello era morto. Lui e Giancarlo sono venuti subito da me\u00bb. Al fianco di Versace l&#8217;ex co-direttore creativo della maison, Pierpaolo Piccioli, che ha spiegato come\u00a0Valentino\u00a0gli abbia \u00abinsegnato a fare questo lavoro, a pensare che questo lavoro \u00e8 in conversazione con altri corpi, a rendere le donne pi\u00f9 belle\u00bb. Anche Beppe Convertini ha incrociato lo stilista lungo il proprio percorso e ha deciso di omaggiarlo. Fece il modello per lui: \u00abHo lavorato e trascorso tanti momenti di vita assieme a lui &#8211; ha spiegato -. I ricordi sono legati soprattutto ai momenti in cui si andava a colazione o a cena. Arrivava sempre per ultimo perch\u00e9 era veramente super elegante, di classe, e quindi non c&#8217;era nulla in lui che non andasse mai, era sempre perfetto. E poi raccontava tanti aneddoti della sua vita, insomma \u00e8 stata una vita da sogno\u00bb. Un&#8217;esistenza straordinaria che si \u00e8 conclusa con serenit\u00e0 e le ultime parole scambiate con l&#8217;ultimo compagno, Vernon Bruce Hoeksema: \u00abTi amo\u00bb, ha ricordato, commosso. La tenerezza di un&#8217;umanit\u00e0 oltre il mito, celebrata anche da chi ha lavorato al suo fianco. Come Sebastiano Di Rienzo, a cui Valentino chiese di fare il tagliatore per lui: \u00abIo titubai e lui mi rispose &#8216;Ma Sebastiano, le va di spunticchiare per tutta la vita?&#8217;. Avevo solo vent&#8217;anni\u00bb. Ma rifiutare era impossibile. \u00abFu una bellissima esperienza\u00bb<\/p>\n<p><img decoding=\"async\" alt=\"\" class=\"wnv-lazy\" src=\"https:\/\/www.europesays.com\/it\/wp-content\/uploads\/2026\/01\/versace_valentino_23082809.jpg\"\/><\/p>\n<p>&#13;<br \/>\n                            \u00a9 RIPRODUZIONE RISERVATA&#13;<\/p>\n<p>&#13;<\/p>\n","protected":false},"excerpt":{"rendered":"2026-01-23 11:55:36 L&#8217;Ave Maria di Schubert \u00c8 finita l&#8217;omelia durante i funerali di\u00a0Valentino, durata una decina di minuti.&hellip;\n","protected":false},"author":3,"featured_media":319424,"comment_status":"","ping_status":"","sticky":false,"template":"","format":"standard","meta":{"footnotes":"","_share_on_mastodon":"0"},"categories":[1451],"tags":[1621,1620,203,204,1537,90,89,188239,183963],"class_list":["post-319423","post","type-post","status-publish","format-standard","has-post-thumbnail","category-celebrita","tag-celebrita","tag-celebrities","tag-entertainment","tag-intrattenimento","tag-it","tag-italia","tag-italy","tag-valentino-funerale","tag-valentino-garavani"],"share_on_mastodon":{"url":"https:\/\/pubeurope.com\/@it\/115944063141096853","error":""},"_links":{"self":[{"href":"https:\/\/www.europesays.com\/it\/wp-json\/wp\/v2\/posts\/319423","targetHints":{"allow":["GET"]}}],"collection":[{"href":"https:\/\/www.europesays.com\/it\/wp-json\/wp\/v2\/posts"}],"about":[{"href":"https:\/\/www.europesays.com\/it\/wp-json\/wp\/v2\/types\/post"}],"author":[{"embeddable":true,"href":"https:\/\/www.europesays.com\/it\/wp-json\/wp\/v2\/users\/3"}],"replies":[{"embeddable":true,"href":"https:\/\/www.europesays.com\/it\/wp-json\/wp\/v2\/comments?post=319423"}],"version-history":[{"count":0,"href":"https:\/\/www.europesays.com\/it\/wp-json\/wp\/v2\/posts\/319423\/revisions"}],"wp:featuredmedia":[{"embeddable":true,"href":"https:\/\/www.europesays.com\/it\/wp-json\/wp\/v2\/media\/319424"}],"wp:attachment":[{"href":"https:\/\/www.europesays.com\/it\/wp-json\/wp\/v2\/media?parent=319423"}],"wp:term":[{"taxonomy":"category","embeddable":true,"href":"https:\/\/www.europesays.com\/it\/wp-json\/wp\/v2\/categories?post=319423"},{"taxonomy":"post_tag","embeddable":true,"href":"https:\/\/www.europesays.com\/it\/wp-json\/wp\/v2\/tags?post=319423"}],"curies":[{"name":"wp","href":"https:\/\/api.w.org\/{rel}","templated":true}]}}