{"id":319560,"date":"2026-01-23T12:52:29","date_gmt":"2026-01-23T12:52:29","guid":{"rendered":"https:\/\/www.europesays.com\/it\/319560\/"},"modified":"2026-01-23T12:52:29","modified_gmt":"2026-01-23T12:52:29","slug":"cadillac-axr-squalificata-acura-in-pole-position-alla-24h-di-daytona","status":"publish","type":"post","link":"https:\/\/www.europesays.com\/it\/319560\/","title":{"rendered":"Cadillac-AXR squalificata, Acura in Pole Position alla 24h di Daytona"},"content":{"rendered":"<p>Neanche il tempo di festeggiare che la Action Express Racing si \u00e8 vista togliere la Pole Position per la 24h di Daytona.<\/p>\n<p>Durante le verifiche tecniche avvenute le post-sessione, i responsabili dell&#8217;IMSA SportsCar Championship hanno riscontrato una irregolarit\u00e0 sull&#8217;usura del pattino fissato nella parte inferiore della vettura.<\/p>\n<p>L&#8217;usura era oltre il consentito e dunque la Cadillac #31 che Jack Aitken aveva messo davanti a tutti in Classe GTP viene spedita in fondo al gruppo principale dei prototipi, ora capitanato dalla Acura #93 di Renger Van Der Zande: l&#8217;alfiere di Meyer Shank Racing sar\u00e0 affiancato da Louis Deletraz con la Cadillac #40 della Wayne Taylor Racing.<\/p>\n<p>In seconda fila salgono quindi la Porsche-Penske #7 di Felipe Nasr e la Acura-MSR #60 di Tom Blomqvist, con K\u00e9vin Estre quinto al volante della seconda 963 ufficiale.<\/p>\n<p>Sesta la Cadillac-WTR #10, seguita da Porsche-JDC-Miller Motorsports #85, BMW-WRT #24 e #25 ed Aston Martin Valkyrie, chiudendo infine con la Cadillac-AXR.<\/p>\n<p>Anche in Classe GTD PRO arriva una mazzata, in questo caso per la BMW #1 di Paul Miller Racing che Neil Verhagen aveva qualificato in prima fila: la M4 \u00e8 stata trovata con una campanatura oltre i parametri imposti e consentiti, per cui anch&#8217;essa viene privata del crono scendendo in coda.<\/p>\n<p>   <img decoding=\"async\" draggable=\"false\" src=\"https:\/\/www.europesays.com\/it\/wp-content\/uploads\/2026\/01\/galstad-imsa-roar-0126-023044.jpg\" alt=\"\" loading=\"lazy\" width=\"1200\" height=\"800\"\/><br \/>\nLIBERE 2: brilla Bamber<\/p>\n<p>La Cadillac della Action Express Racing si \u00e8 poi rifatta concludendo davanti a tutti anche nelle Prove Libere 2: la sessione \u00e8 andata in scena come di consueto in serata per dare modo ai piloti con licenza Bronze di guidare nelle fasi di buio. A questo aggiungiamo che per la Classe GTD il tempo minimo in macchina di questi iscritti \u00e8 stato ridotto a 3h30&#8242;, togliendo 60&#8242; a quanto previsto in precedenza.<\/p>\n<p>Una bandiera rossa ha brevemente fermato i 90&#8242; di lavori quando Dudu Barrichello \u00e8 finito fuori in curva 5 con la Aston Martin-Heart of Racing #27 a causa della perdita di una ruota, che fortunatamente non ha provocato danni a nessuno.<\/p>\n<p>Una volta terminate le Qualifiche, dove la Pole Position assoluta della 24h era andata a Jack Aitken prima della squalifica, il suo compagno di squadra Earl Bamber ha realizzato il miglior tempo in Classe GTP al volante della V-Series.R #31 griffata Whelen Engineering in 1&#8217;35&#8243;914, staccando per 0&#8243;056 la Porsche-Penske #7 e per 0&#8243;233 la Acura #60 della Meyer Shank Racing.<\/p>\n<p>Pi\u00f9 lontani tutti gli altri, ben oltre il mezzo secondo di ritardo, con la Cadillac-Wayne Taylor Racing #40 che \u00e8 quarta davanti alle BMW-WRT #24 e #25, e alle Porsche di Team Penske #6 e JDC-Miller Motorsports #85.<\/p>\n<p>In Top10 con pi\u00f9 di 1&#8243; di margine dalla vetta abbiamo anche la Cadillac-WTR #10 e la Acura-MSR #93, in coda rimane la Aston Martin Valkyrie.<\/p>\n<p>   <img decoding=\"async\" draggable=\"false\" src=\"https:\/\/www.europesays.com\/it\/wp-content\/uploads\/2026\/01\/43-inter-europol-competition-o.jpg\" alt=\"#43 Inter Europol Competition ORECA LMP2 07: Jeremy Clarke, Tom Dillmann, Bijoy Garg, Antonio Felix da Costa\" loading=\"lazy\" width=\"1200\" height=\"800\"\/> <\/p>\n<p class=\"title\">#43 Inter Europol Competition ORECA LMP2 07: Jeremy Clarke, Tom Dillmann, Bijoy Garg, Antonio Felix da Costa<\/p>\n<p class=\"photographer\">Foto di: Jake Galstad<\/p>\n<p>In Classe LMP2 \u00e8 Antonio Felix Da Costa a piazzare in prima posizione la Oreca #43 di Inter Europol Competition con il tempo di 1&#8217;39&#8243;791, per soli 0&#8243;015 migliore rispetto a quello ottenuto dal ferrarista Nicklas Nielsen con la 07-Gibson #83 di AF Corse.<\/p>\n<p>Molto vicini tutti gli altri, a partire dalla AO Racing &#8216;Spike&#8217; #99 terza a +0&#8243;169 dal primato, seguita a ruota da TDS Racing #11, United Autosports #22 (che si \u00e8 toccata con la Aston-VDSR #29 alla chicane &#8216;Le Mans&#8217;) e Crowdstrike-APR #04 che \u00e8 sesta.<\/p>\n<p>Il settimo tempo lo ottiene la BHA-PR1 Mathiasen #52 che tiene dietro United #2, Tower #8 ed Inter Europol #343 a completare la Top10, fuori dalla quale restano Era #18, Pratt Miller #73 e Intersport #37.<\/p>\n<p>Messa in bacheca la Pole Position GTD PRO, le Corvette continuano a brillare anche al calar della sera: Antonio Garcia \u00e8 il pi\u00f9 veloce in 1&#8217;46&#8243;742 con la Z06 #3 nella doppietta di casa GM che vede la #4 subito dietro per meno di un decimo.<\/p>\n<p>La Ferrari #033 della Triarsi si issa terza a quasi 2 decimi dalle vetture gialle, mezzo secondo lo accusano invece Porsche-Manthey #911 e Mercedes-GetSpeed #69 in Top5, con dietro la McLaren-RLL #59 e la Lamborghini-Pfaff #9.<\/p>\n<p>Ferrari-Risi #62, Mercedes-75 Express #75 e Porsche-AO Racing &#8216;Rexy&#8217; #77 sono tra i primi 10 con ritardi pi\u00f9 ampi.<\/p>\n<p>   <img decoding=\"async\" draggable=\"false\" src=\"https:\/\/www.europesays.com\/it\/wp-content\/uploads\/2026\/01\/45-wayne-taylor-racing-lamborg.jpg\" alt=\"#45 Wayne Taylor Racing Lamborghini Huracan GT3 EVO2: Danny Formal, Trent Hindman, Graham Doyle\" loading=\"lazy\" width=\"1200\" height=\"800\"\/> <\/p>\n<p class=\"title\">#45 Wayne Taylor Racing Lamborghini Huracan GT3 EVO2: Danny Formal, Trent Hindman, Graham Doyle<\/p>\n<p class=\"photographer\">Foto di: Brandon Badraoui \/ Lumen via Getty Images<\/p>\n<p>In generale tra le GT3, in mezzo alle due Corvette c&#8217;\u00e8 Danny Formal, leader della Classe GTD, che con la Lamborghini-Wayne Taylor Racing #45 gira in 1&#8217;46&#8243;768 regolando per 0&#8243;3 la Ferrari-Conquest #34 e la Mustang-Myers Riley #16.<\/p>\n<p>Problemi per la Corvette-13 Autosport #13, che ha avuto un principio d&#8217;incendio al motore nelle fasi finali della sessione dopo che aveva ottenuto il quarto tempo, per poco davanti alla Mercedes-Lone Star #80 e alla Corvette-DragonSpeed #81 sesta con dietro la Mercedes-Winward #57.<\/p>\n<p>La Ferrari-Triarsi #023 termina ottava a sette decimi, cos\u00ec come la BMW-Turner #96, che \u00e8 nei dieci pi\u00f9 veloci con la Porsche-Manthey #912.<\/p>\n<p>Venerd\u00ec il programma proseguir\u00e0 con le Prove Libere 3 alle ore 11;05 locali (le 17;15 italiane) per gli ultimi 75&#8242; di azione prima del riposo, in attesa della partenza della gara sabato alle 13;40 (le 19;40).<\/p>\n<p><a href=\"https:\/\/imsa.results.alkamelcloud.com\/Results\/26_2026\/03_Daytona%20International%20Speedway\/01_IMSA%20WeatherTech%20SportsCar%20Championship\/202601221815_Practice%202\/03_Results_Practice%202.PDF\" target=\"_blank\" rel=\"noopener nofollow\"><strong>IMSA &#8211; 24h di Daytona: Prove Libere 2<\/strong><\/a><\/p>\n<p>Leggi anche:<\/p>\n<p>            Vogliamo la vostra opinione!<\/p>\n<p class=\"mt-auto\">Cosa vorresti vedere su Motorsport.com?<\/p>\n<p>            <a href=\"#\" class=\"ms-link text-link font-bold\">Partecipate al nostro sondaggio di 5 minuti.<\/a><\/p>\n<p class=\"mt-1 text-body\">&#8211; Il team di Motorsport.com<\/p>\n","protected":false},"excerpt":{"rendered":"Neanche il tempo di festeggiare che la Action Express Racing si \u00e8 vista togliere la Pole Position per&hellip;\n","protected":false},"author":3,"featured_media":319561,"comment_status":"","ping_status":"","sticky":false,"template":"","format":"standard","meta":{"footnotes":"","_share_on_mastodon":"0"},"categories":[176],"tags":[188280,188279,188281,31044,188278,1537,90,89,245,244],"class_list":["post-319560","post","type-post","status-publish","format-standard","has-post-thumbnail","category-sport","tag-24h-di-daytona","tag-acura-in-pole-position-alla-24h-di-daytona","tag-daytona-international-speedway","tag-imsa","tag-imsa-cadillac-axr-squalificata","tag-it","tag-italia","tag-italy","tag-sport","tag-sports"],"share_on_mastodon":{"url":"https:\/\/pubeurope.com\/@it\/115944511561175068","error":""},"_links":{"self":[{"href":"https:\/\/www.europesays.com\/it\/wp-json\/wp\/v2\/posts\/319560","targetHints":{"allow":["GET"]}}],"collection":[{"href":"https:\/\/www.europesays.com\/it\/wp-json\/wp\/v2\/posts"}],"about":[{"href":"https:\/\/www.europesays.com\/it\/wp-json\/wp\/v2\/types\/post"}],"author":[{"embeddable":true,"href":"https:\/\/www.europesays.com\/it\/wp-json\/wp\/v2\/users\/3"}],"replies":[{"embeddable":true,"href":"https:\/\/www.europesays.com\/it\/wp-json\/wp\/v2\/comments?post=319560"}],"version-history":[{"count":0,"href":"https:\/\/www.europesays.com\/it\/wp-json\/wp\/v2\/posts\/319560\/revisions"}],"wp:featuredmedia":[{"embeddable":true,"href":"https:\/\/www.europesays.com\/it\/wp-json\/wp\/v2\/media\/319561"}],"wp:attachment":[{"href":"https:\/\/www.europesays.com\/it\/wp-json\/wp\/v2\/media?parent=319560"}],"wp:term":[{"taxonomy":"category","embeddable":true,"href":"https:\/\/www.europesays.com\/it\/wp-json\/wp\/v2\/categories?post=319560"},{"taxonomy":"post_tag","embeddable":true,"href":"https:\/\/www.europesays.com\/it\/wp-json\/wp\/v2\/tags?post=319560"}],"curies":[{"name":"wp","href":"https:\/\/api.w.org\/{rel}","templated":true}]}}