{"id":319572,"date":"2026-01-23T12:58:09","date_gmt":"2026-01-23T12:58:09","guid":{"rendered":"https:\/\/www.europesays.com\/it\/319572\/"},"modified":"2026-01-23T12:58:09","modified_gmt":"2026-01-23T12:58:09","slug":"ponte-al-pino-e-le-tante-altre-volte-in-cui-litalia-e-stata-spaccata-in-due-perche-il-nodo-di-firenze-e-il-tallone-dachille-dei-treni-italiani","status":"publish","type":"post","link":"https:\/\/www.europesays.com\/it\/319572\/","title":{"rendered":"Ponte al Pino e le tante altre volte in cui l&#8217;Italia \u00e8 stata spaccata in due: perch\u00e9 il nodo di Firenze \u00e8 il tallone d&#8217;Achille dei treni italiani"},"content":{"rendered":"<p>    di<br \/>\n    Giulio Gori<\/p>\n<p class=\"summary-art is-line-h-12\">Dai guasti ai deragliamenti, i mille casi in cui \u00abl&#8217;imbuto\u00bb fiorentino ha messo in ginocchio l&#8217;alta velocit\u00e0 e in generale il trasporto su binari di tutto il Paese. Fino al caso dei 30 metri di ponte da demolire<\/p>\n<p class=\"chapter-paragraph\">Un&#8217;<b><a href=\"https:\/\/corrierefiorentino.corriere.it\/notizie\/cronaca\/26_gennaio_22\/firenze-ponte-al-pino-spezza-l-italia-in-due-stop-a-tutti-i-treni-questo-weekend-per-24-ore-83b6d60c-a688-48c5-af5c-96b4192f2xlk.shtml\" rel=\"nofollow noopener\" target=\"_blank\">Italia ferroviaria tagliata in due per un giorno intero<\/a><\/b>, a causa di un ponte lungo appena 30 metri. Succeder\u00e0 in questo fine settimana, quando <b>dalle tre del pomeriggio di sabato 24 gennaio alle tre del pomeriggio di domenica 25<\/b>, per la <b>demolizione di Ponte al Pino a Firenze <\/b>e l&#8217;installazione di una passerella pedonale provvisoria, quasi tutti i treni che circolano sul capoluogo toscano vedranno interrotta la circolazione, compresi tutti gli Alta Velocit\u00e0 che viaggiano lungo la dorsale della penisola.<\/p>\n<p>    Il caso di Ponte al Pino<\/p>\n<p class=\"chapter-paragraph\"><b>Frecciarossa e Italo <\/b>si dovranno fermare da Sud alla stazione di Firenze Campo di Marte e da Nord a quella di Firenze Rifredi, con i passeggeri che saranno trasferiti su delle navette che dovranno fare avanti e indietro per cinque chilometri di strada.    &#13;<br \/>\n&#13;<br \/>\n&#13;<br \/>\n&#13;<br \/>\n&#13;<br \/>\n&#13;<br \/>\n&#13;<br \/>\n&#13;<br \/>\n&#13;<br \/>\n&#13;<br \/>\n&#13;<br \/>\n&#13;<br \/>\n&#13;<br \/>\n&#13;<br \/>\n&#13;<br \/>\n&#13;<br \/>\n&#13;<br \/>\n&#13;<br \/>\n&#13;<br \/>\n&#13;<br \/>\n&#13;<br \/>\n&#13;<br \/>\n&#13;<br \/>\n&#13;<br \/>\n&#13;<br \/>\n&#13;<br \/>\n&#13;<br \/>\n&#13;<br \/>\n&#13;<br \/>\n&#13;<br \/>\n&#13;<br \/>\n&#13;<br \/>\n&#13;<br \/>\n&#13;<br \/>\n&#13;<br \/>\n&#13;<br \/>\n&#13;<br \/>\n&#13;<br \/>\n&#13;<br \/>\n&#13;<br \/>\n&#13;<br \/>\n&#13;<br \/>\n&#13;<br \/>\n&#13;<br \/>\n&#13;<br \/>\n&#13;<br \/>\n&#13;<br \/>\n&#13;<br \/>\n&#13;<br \/>\n&#13;<br \/>\n&#13;<br \/>\n&#13;<br \/>\n&#13;\n<\/p>\n<p class=\"chapter-paragraph\"><b>Ponte al Pino<\/b>, una struttura ottocentesca che negli scorsi anni ha mostrato dei limiti statici che non possono essere risolti con una semplice manutenzione, deve essere <b>demolito e ricostruito di sana pianta<\/b>. E siccome i <b>cinque binari ferroviari <\/b>che corrono al di sotto sono l&#8217;unico punto di collegamento tra Roma e Milano \u2013 le uniche distanti alternative viaggiano lungo il mar Tirreno e l&#8217;Adriatico \u2013 <b>l&#8217;Italia intera dovr\u00e0 fermarsi per 24 ore<\/b>.<\/p>\n<p>    I precedenti di un&#8217;infinita storia di disagi<\/p>\n<p class=\"chapter-paragraph\">Non \u00e8 tuttavia una novit\u00e0 per il <b>nodo ferroviario di Firenze<\/b> diventare protagonista di gravi contraccolpi su tutta la circolazione dei treni italiani, complice la complicata orografia della zona che, tra le tante montagne e colline toscane, non d\u00e0 spazio alla possibilit\u00e0 infrastrutture alternative.<\/p>\n<p class=\"chapter-paragraph\"><b><a href=\"https:\/\/corrierefiorentino.corriere.it\/notizie\/cronaca\/25_dicembre_29\/investimento-a-firenze-rifredi-una-domenica-sera-da-incubo-per-i-treni-ae777208-59fd-4c77-873f-9257e4c04xlk.shtml\" rel=\"nofollow noopener\" target=\"_blank\">L&#8217;ultimo caso<\/a><\/b> riguarda il 28 dicembre 2025 quando, prima per la presenza di alcune persone sui binari, poi per un investimento mortale, gli Alta Velocit\u00e0 rimasero bloccati per due volte nel giro di poche ore.<\/p>\n<p class=\"chapter-paragraph\">La <b><a href=\"https:\/\/corrierefiorentino.corriere.it\/notizie\/cronaca\/23_aprile_20\/firenze-deragliato-treno-merci-interrotte-le-linee-ferroviarie-per-bologna-71d74875-ef44-4399-a8be-03a8029b9xlk.shtml\" rel=\"nofollow noopener\" target=\"_blank\">vicenda pi\u00f9 clamorosa<\/a><\/b> risale alla notte del 20 aprile 2023: il deragliamento di un treno merci a pochi passi dalla stazione di Firenze Castello mand\u00f2 in tilt la circolazione ferroviaria, col blocco totale dei treni Roma-Milano per 10 ore, la riduzione della circolazione Alta Velocit\u00e0 per altre 6 e giorni di stop ai treni regionali.<\/p>\n<p class=\"chapter-paragraph\">Mentre il 4 dicembre 2021 un <b><a href=\"https:\/\/corrierefiorentino.corriere.it\/firenze\/notizie\/cronaca\/22_marzo_17\/guasto-firenze-campo-marte-treni-regionali-alta-velocita-caos-22ff05be-a5cc-11ec-9aff-3c7b1eac045e.shtml\" rel=\"nofollow noopener\" target=\"_blank\">guasto ai sistemi di gestione<\/a><\/b> della circolazione a Campo di Marte caus\u00f2 ritardi fino a 200 minuti con 80 treni coinvolti e 14 cancellati.<\/p>\n<p>    Una luce in fondo al tunnel?<\/p>\n<p class=\"chapter-paragraph\">La <b>parziale soluzione<\/b> arriver\u00e0 nel 2028, o forse nel 2029, quando a Firenze dovrebbe essere inaugurato il <b>doppio tunnel sotterraneo per l&#8217;Alta Velocit\u00e0<\/b> che collegher\u00e0 Campo di Marte a Castello e permetter\u00e0 a Frecciarossa e Italo di passare sotto terra senza doversi pi\u00f9 fermare nella stazione di testa di Santa Maria Novella, risparmiando inoltre 8 minuti di tempo.\u00a0<\/p>\n<p class=\"chapter-paragraph\">Parziale perch\u00e9, se a Nord di Castello Firenze ha un&#8217;alternativa alla linea veloce nella vecchia linea che arriva a Bologna attraverso Prato, a Sud di Campo di Marte l&#8217;imbuto invece rester\u00e0.<\/p>\n<p>    Quando l&#8217;imbuto fiorentino quasi provoc\u00f2 una crisi di governo<\/p>\n<p class=\"chapter-paragraph\">Proprio alla periferia Sud di Firenze, il 22 luglio 2019 un <b><a href=\"https:\/\/video.corriere.it\/cronaca\/caos-treni-luogo-incendio-cabine-rovezzano-visto-alto\/a2eca9f2-ad36-11e9-aafc-ff288f0f153c\" rel=\"nofollow noopener\" target=\"_blank\">triplice attentato incendiario<\/a><\/b> alle cabine elettriche della stazione di Rovezzano blocc\u00f2 la circolazione ferroviaria tra Firenze e Roma per diverse ore.\u00a0<\/p>\n<p class=\"chapter-paragraph\">L&#8217;allora ministro dell&#8217;Interno Matteo Salvini, quel giorno nel capoluogo toscano, tuon\u00f2 contro \u00abl&#8217;attacco allo Stato\u00bb e punt\u00f2 l&#8217;indice contro i No Tav, provocando le ire del ministro degli Esteri Luigi di Maio. <b>Manc\u00f2 poco che l&#8217;imbuto fiorentino non provocasse una crisi di governo<\/b>.<\/p>\n<p class=\"is-mr-t-20 is-mr-b-20\"><b><br \/>\n                    <a href=\"https:\/\/corrierefiorentino.corriere.it\/?intcmp=Notizielocali_nd_010623_corriere_ss_fior\" target=\"_blank\" rel=\"nofollow noopener\">Vai a tutte le notizie di Firenze<\/a><br \/>\n            <\/b><\/p>\n<p class=\"chapter-paragraph\"><b><a href=\"https:\/\/www.corriere.it\/newsletter\/?theme=45&amp;intcmp=NL-artic_nd_050624_corriere_ss_fior\" target=\"_blank\" rel=\"nofollow noopener\">Iscriviti alla newsletter del Corriere Fiorentino<\/a><\/b><\/p>\n<p class=\"is-last-update\" datetime=\"2026-01-23T10:33:49+01:00\">23 gennaio 2026<\/p>\n<p class=\"is-copyright\">\n            \u00a9 RIPRODUZIONE RISERVATA\n        <\/p>\n","protected":false},"excerpt":{"rendered":"di Giulio Gori Dai guasti ai deragliamenti, i mille casi in cui \u00abl&#8217;imbuto\u00bb fiorentino ha messo in ginocchio&hellip;\n","protected":false},"author":3,"featured_media":319573,"comment_status":"","ping_status":"","sticky":false,"template":"","format":"standard","meta":{"footnotes":"","_share_on_mastodon":"0"},"categories":[79],"tags":[7554,14299,2901,1495,8980,921,187654,14785,188306,20202,631,8984,60590,7714,14,93,94,1888,5829,14699,18254,8154,2266,34546,188307,188304,188305,1537,90,627,89,11817,7,15,44397,12991,177295,987,535,105,17650,11,84,91,12,85,92,3556],"class_list":["post-319572","post","type-post","status-publish","format-standard","has-post-thumbnail","category-italia","tag-alta","tag-alta-velocita","tag-alternative","tag-altre","tag-binari","tag-campo","tag-campo-marte","tag-capoluogo","tag-capoluogo-toscano","tag-castello","tag-cinque","tag-circolazione","tag-circolazione-ferroviaria","tag-crisi","tag-cronaca","tag-cronaca-italiana","tag-cronacaitaliana","tag-dicembre","tag-dovranno","tag-fermare","tag-ferroviaria","tag-fiorentino","tag-firenze","tag-frecciarossa","tag-frecciarossa-italo","tag-imbuto","tag-imbuto-fiorentino","tag-it","tag-italia","tag-italiani","tag-italy","tag-marte","tag-news","tag-notizie","tag-pino","tag-ponte","tag-ponte-pino","tag-roma","tag-stazione","tag-sud","tag-treni","tag-ultime-notizie","tag-ultime-notizie-e-news-di-oggi","tag-ultime-notizie-italia","tag-ultimenotizie","tag-ultimenotizieenewsdioggi","tag-ultimenotizieitalia","tag-velocita"],"share_on_mastodon":{"url":"","error":"Validation failed: Text character limit of 500 exceeded"},"_links":{"self":[{"href":"https:\/\/www.europesays.com\/it\/wp-json\/wp\/v2\/posts\/319572","targetHints":{"allow":["GET"]}}],"collection":[{"href":"https:\/\/www.europesays.com\/it\/wp-json\/wp\/v2\/posts"}],"about":[{"href":"https:\/\/www.europesays.com\/it\/wp-json\/wp\/v2\/types\/post"}],"author":[{"embeddable":true,"href":"https:\/\/www.europesays.com\/it\/wp-json\/wp\/v2\/users\/3"}],"replies":[{"embeddable":true,"href":"https:\/\/www.europesays.com\/it\/wp-json\/wp\/v2\/comments?post=319572"}],"version-history":[{"count":0,"href":"https:\/\/www.europesays.com\/it\/wp-json\/wp\/v2\/posts\/319572\/revisions"}],"wp:featuredmedia":[{"embeddable":true,"href":"https:\/\/www.europesays.com\/it\/wp-json\/wp\/v2\/media\/319573"}],"wp:attachment":[{"href":"https:\/\/www.europesays.com\/it\/wp-json\/wp\/v2\/media?parent=319572"}],"wp:term":[{"taxonomy":"category","embeddable":true,"href":"https:\/\/www.europesays.com\/it\/wp-json\/wp\/v2\/categories?post=319572"},{"taxonomy":"post_tag","embeddable":true,"href":"https:\/\/www.europesays.com\/it\/wp-json\/wp\/v2\/tags?post=319572"}],"curies":[{"name":"wp","href":"https:\/\/api.w.org\/{rel}","templated":true}]}}