{"id":319687,"date":"2026-01-23T14:42:13","date_gmt":"2026-01-23T14:42:13","guid":{"rendered":"https:\/\/www.europesays.com\/it\/319687\/"},"modified":"2026-01-23T14:42:13","modified_gmt":"2026-01-23T14:42:13","slug":"valeria-marini-parla-la-mamma-gianna-orru-picchiata-e-incinta-quando-non-aveva-neanche-18-anni-lho-salvata-io","status":"publish","type":"post","link":"https:\/\/www.europesays.com\/it\/319687\/","title":{"rendered":"Valeria Marini, parla la mamma Gianna Orr\u00f9: \u00abPicchiata e incinta quando non aveva neanche 18 anni, l&#8217;ho salvata io\u00bb"},"content":{"rendered":"<p>    di<br \/>\n    Federica Bandirali<\/p>\n<p class=\"summary-art is-line-h-12\">La showgirl e la mamma ospiti di Monica Setta, nella trasmissione &#8220;Storie al bivio&#8221;. Per svelare racconti inediti<\/p>\n<p class=\"chapter-paragraph\">\u00abEra stata picchiata da un violento ed era incinta\u00bb: queste le parole di Gianna Orr\u00f9, mamma di Valeria Marini, che svela un racconto drammatico nella vita della figlia.<b> Orr\u00f9 \u00e8 stata ospite di Monica Setta, nella trasmissione &#8220;Storie al bivio<\/b>&#8221; in onda sabato 24 gennaio su Rai2.\u00a0<\/p>\n<p class=\"chapter-paragraph\">Un episodio che \u00e8 ancora molto presente nella mamma della soubrette italiana: \u00ab<b>Non aveva nemmeno 18 anni<\/b> Valeria quando una sera torna a casa con un labbro spaccato e un occhio pesto. Compresi subito che dovevo metterla su un aereo e mandarla via dalla Sardegna. Facemmo i bagagli e corremmo in aeroporto, due ore d&#8217;attesa a Cagliari e poi a Roma. Per anni non siamo pi\u00f9 tornate in Sardegna \u00bb, ha raccontato Orr\u00f9.<br \/>&#13;<br \/>\n&#13;<br \/>\n&#13;<br \/>\n&#13;<br \/>\n&#13;<br \/>\n&#13;<br \/>\n&#13;<br \/>\n&#13;<br \/>\n&#13;<br \/>\n&#13;<br \/>\n&#13;<br \/>\n&#13;<br \/>\n&#13;<br \/>\n&#13;<br \/>\n&#13;<br \/>\n&#13;<br \/>\n&#13;<br \/>\n&#13;<br \/>\n&#13;<br \/>\n&#13;<br \/>\n&#13;<br \/>\n&#13;<br \/>\n&#13;<br \/>\n&#13;<br \/>\n&#13;<br \/>\n&#13;<br \/>\n&#13;<br \/>\n&#13;<br \/>\n&#13;<br \/>\n&#13;<br \/>\n&#13;<br \/>\n&#13;<br \/>\n&#13;<br \/>\n&#13;<br \/>\n&#13;<br \/>\n&#13;<br \/>\n&#13;<br \/>\n&#13;<br \/>\n&#13;<br \/>\n&#13;<br \/>\n&#13;<br \/>\n&#13;<br \/>\n&#13;<br \/>\n&#13;<br \/>\n&#13;<br \/>\n&#13;<br \/>\n&#13;<br \/>\n&#13;<br \/>\n&#13;<br \/>\n&#13;<br \/>\n&#13;<br \/>\n&#13;<br \/>\n&#13;\n<\/p>\n<p>        <img decoding=\"async\" class=\"is_full_image\" loading=\"lazy\" alt=\"01 nov 2025\" src=\"https:\/\/www.europesays.com\/it\/wp-content\/uploads\/2026\/01\/690647d9ad59c.jpeg\" data-full-src=\"https:\/\/www.europesays.com\/it\/wp-content\/uploads\/2026\/01\/690647d9ad59c.jpeg\"\/><\/p>\n<p class=\"chapter-paragraph\">Insieme alla madre, in studio, anche la stessa Valeria Marini che confermato: \u00ab<b>Mia madre mi ha salvata. Ero entrata in un buco nero<\/b>, ero vittima di un amore tossico e se mia madre non mi avesse portato via dalla Sardegna forse non sarei nemmeno qui a raccontarlo\u00bb.\u00a0<\/p>\n<p class=\"chapter-paragraph\">Un momento di confessione delle due davanti alle telecamere: \u00ab<b>Non ho mai amato gli uomini di Valeria<\/b>\u00bb, ha aggiunto Gianna Orr\u00f9, \u00abl&#8217;unico con cui mi scrivo ancora messaggi \u00e8 Patrick Baldassarre. Jovanotti? Erano piccoli, facevano i camerieri d&#8217;estate, un flirt di giovent\u00f9. Ma lui non mi piace come cantante. Vittorio Cecchi Gori? Era pieno di problemi e litigavano spesso\u00bb.\u00a0<\/p>\n<p class=\"chapter-paragraph\">E proprio sulla storia con l&#8217;imprenditore ha aggiunto: \u00ab<b>Mi ricordo che un giorno Valeria mi chiama in lacrime dicendomi di correre a casa loro<\/b>\u00bb, ha confessato Orr\u00f9, \u00abIo ero a Sacrofano, presi il fuori strada e corsi a Roma nel palazzo dove lei abitava con Vittorio. Ma lui, sapendo che stavo arrivando ed ero arrabbiata, si chiuse la porta alle spalle e fuggi via con il cane. Mi temeva. Sapeva che non gli perdonavo nulla. Mia figlia viene prima di tutto\u00bb.<\/p>\n<p class=\"is-last-update\" datetime=\"2026-01-23T13:14:32+01:00\">23 gennaio 2026<\/p>\n<p class=\"is-copyright\">\n            \u00a9 RIPRODUZIONE RISERVATA\n        <\/p>\n","protected":false},"excerpt":{"rendered":"di Federica Bandirali La showgirl e la mamma ospiti di Monica Setta, nella trasmissione &#8220;Storie al bivio&#8221;. Per&hellip;\n","protected":false},"author":3,"featured_media":319688,"comment_status":"","ping_status":"","sticky":false,"template":"","format":"standard","meta":{"footnotes":""},"categories":[174],"tags":[772,36585,203,3384,78847,162477,16792,204,1537,90,89,4045,4002,15513,605,32504,188339,176913,93196,987,28924,3954,68827,188340,33308,48509],"class_list":{"0":"post-319687","1":"post","2":"type-post","3":"status-publish","4":"format-standard","5":"has-post-thumbnail","7":"category-intrattenimento","8":"tag-aggiunto","9":"tag-bivio","10":"tag-entertainment","11":"tag-figlia","12":"tag-gianna","13":"tag-gianna-orru","14":"tag-incinta","15":"tag-intrattenimento","16":"tag-it","17":"tag-italia","18":"tag-italy","19":"tag-madre","20":"tag-mamma","21":"tag-marini","22":"tag-monica","23":"tag-monica-setta","24":"tag-monica-setta-trasmissione","25":"tag-orru","26":"tag-picchiata","27":"tag-roma","28":"tag-salvata","29":"tag-sardegna","30":"tag-setta","31":"tag-setta-trasmissione","32":"tag-valeria","33":"tag-valeria-marini"},"share_on_mastodon":{"url":"https:\/\/pubeurope.com\/@it\/115944944144147085","error":""},"_links":{"self":[{"href":"https:\/\/www.europesays.com\/it\/wp-json\/wp\/v2\/posts\/319687","targetHints":{"allow":["GET"]}}],"collection":[{"href":"https:\/\/www.europesays.com\/it\/wp-json\/wp\/v2\/posts"}],"about":[{"href":"https:\/\/www.europesays.com\/it\/wp-json\/wp\/v2\/types\/post"}],"author":[{"embeddable":true,"href":"https:\/\/www.europesays.com\/it\/wp-json\/wp\/v2\/users\/3"}],"replies":[{"embeddable":true,"href":"https:\/\/www.europesays.com\/it\/wp-json\/wp\/v2\/comments?post=319687"}],"version-history":[{"count":0,"href":"https:\/\/www.europesays.com\/it\/wp-json\/wp\/v2\/posts\/319687\/revisions"}],"wp:featuredmedia":[{"embeddable":true,"href":"https:\/\/www.europesays.com\/it\/wp-json\/wp\/v2\/media\/319688"}],"wp:attachment":[{"href":"https:\/\/www.europesays.com\/it\/wp-json\/wp\/v2\/media?parent=319687"}],"wp:term":[{"taxonomy":"category","embeddable":true,"href":"https:\/\/www.europesays.com\/it\/wp-json\/wp\/v2\/categories?post=319687"},{"taxonomy":"post_tag","embeddable":true,"href":"https:\/\/www.europesays.com\/it\/wp-json\/wp\/v2\/tags?post=319687"}],"curies":[{"name":"wp","href":"https:\/\/api.w.org\/{rel}","templated":true}]}}