{"id":319861,"date":"2026-01-23T17:01:14","date_gmt":"2026-01-23T17:01:14","guid":{"rendered":"https:\/\/www.europesays.com\/it\/319861\/"},"modified":"2026-01-23T17:01:14","modified_gmt":"2026-01-23T17:01:14","slug":"quando-la-provincia-diventa-il-set-di-nuove-tribu-giovanili","status":"publish","type":"post","link":"https:\/\/www.europesays.com\/it\/319861\/","title":{"rendered":"quando la provincia diventa il set di nuove trib\u00f9 giovanili"},"content":{"rendered":"<p>\t\t\t\t\t\t\t\t\t\t\t\t\t\t\t\t\t\t\t\t\t\t\t\t\t\t\t\t\t<img decoding=\"async\" loading=\"lazy\" fetchpriority=\"low\" width=\"610\" height=\"431\" src=\"https:\/\/www.europesays.com\/it\/wp-content\/uploads\/2026\/01\/trap-2022811.610x431.jpg\" alt=\"trap\"\/>\t\t\t\t\t\t\t\t\t\t\t\t\t\t\t\t\t\t\t<\/p>\n<p>Da <strong>Malnate<\/strong> a <strong>Varese<\/strong>, passando per <strong>Mornago<\/strong> e <strong>Albizzate <\/strong>(e chiss\u00e0 quanti altri paesini che sono sfuggiti dai radar delle bacheche social degli adulti): la <strong>provincia varesina<\/strong> \u00e8 sempre pi\u00f9 spesso il <strong>set di videoclip trap<\/strong> che diventano anche<strong> raduni giovanili<\/strong>. L\u2019estetica della \u201c<strong>trib\u00f9<\/strong>\u201d e la voglia di riprendersi (anche solo simbolicamente) pezzi di spazio pubblico non sono pi\u00f9 cose da grandi metropoli americane o da banlieue parigine.<\/p>\n<p>Ormai sono una scena che capita spesso di osservare, <strong>anche tra valli e citt\u00e0 della provincia di Varese<\/strong>. Il territorio diventa un set, e la trap spesso \u00e8 il pretesto per un\u2019aggregazione giovanile a tratti \u201ctribale\u201d, giocata su visibilit\u00e0, appartenenza e sfida \u2014 pi\u00f9 o meno esplicita \u2014 alle istituzioni.<\/p>\n<p>Il punto di svolta, per queste dinamiche, si pu\u00f2 leggere <strong>nell\u2019ascesa di Massimo Pericolo<\/strong>. Il rapper di Brebbia ha rotto l\u2019idea che per \u201cessere veri\u201d serva arrivare da una grande metropoli, <strong>portando la provincia al centro del racconto<\/strong> come luogo di disagio ma anche di <strong>identit\u00e0<\/strong>. Se all\u2019inizio la \u201ctrib\u00f9\u201d era un giro ristretto, il salto ai raduni pi\u00f9 grandi ha segnato un\u2019estetica precisa: quanta gente compare nel video diventa una misura del peso dell\u2019artista. Pi\u00f9 \u00e8 grande il gruppo, pi\u00f9 il territorio sembra \u201cpresidiato\u201d sul piano simbolico. \u00c8 una dimostrazione di forza che prova a <strong>trasformare la provincia da periferia silenziosa a posto di cui si parla<\/strong>.<\/p>\n<p>Questa esigenza di \u201cmettere il proprio nome sulla mappa\u201d spesso passa per\u00f2 dall\u2019occupazione fisica degli spazi, e l\u00ec scatta lo scontro con la vita normale della citt\u00e0. <strong>Il caso di Malnate<\/strong> \u2014 r<strong><a href=\"https:\/\/www.varesenews.it\/2021\/02\/un-video-musicale-senza-mascherine-discutere-malnate-sindaco-nessuno-deve-abbassare-la-guardia\/1307275\/\" rel=\"nofollow noopener\" target=\"_blank\">aduno per un videoclip in piena emergenza sanitaria<\/a><\/strong> e polemiche inevitabili \u2014 ha mostrato come la rivendicazione di uno spazio \u201cnostro\u201d finisca spesso per sospendere, o mettere tra parentesi, le regole comuni. Non \u00e8 sempre trasgressione fine a se stessa: \u00e8 anche una <strong>ritualit\u00e0 collettiva<\/strong>, in cui il singolo smette di sentirsi isolato e diventa parte di un corpo visibile e compatto.<\/p>\n<p><img decoding=\"async\" loading=\"lazy\" fetchpriority=\"low\" width=\"610\" height=\"431\" src=\"https:\/\/www.europesays.com\/it\/wp-content\/uploads\/2026\/01\/video-167-gang-malnate-1203632.610x431.jpg\" alt=\"video 167 gang malnate\"\/>Le immagini del videoclip girato a Malnate nel 2021<\/p>\n<p>Lo stesso schema si \u00e8 ripetuto <strong>la settimana scorsa<\/strong> <strong>ad Albizzate<\/strong>: la stazione, luogo di passaggio per definizione, trasformata in ritrovo per una \u201cmarcia\u201d verso le zone residenziali, con il set che arriva letteralmente <strong>sotto le finestre dei cittadini<\/strong>.<\/p>\n<p>Dentro questo quadro, l<strong>e forze dell\u2019ordine hanno un ruolo quasi paradossale<\/strong>. Invece di essere solo un deterrente, l\u2019arrivo di carabinieri o polizia<strong> viene spesso cercato e assorbito nella narrazione<\/strong>. Lo si \u00e8 visto ad Albizzate e nell\u2019ultimo, clamoroso, <strong>blocco stradale a Varese<\/strong>: l\u2019arrivo delle volanti non chiude la scena, anzi <strong>diventa il picco del set.<\/strong> La tensione tra autorit\u00e0 e \u201ctrib\u00f9\u201d d\u00e0 al video quella street credibility che sui social funziona \u2014 anche per l\u2019algoritmo. Sanzioni e identificazioni finiscono per diventare \u201cmedaglie\u201d da mostrare nel montaggio finale, trasformando un problema di ordine pubblico in uno strumento efficace di marketing della ribellione.<\/p>\n<p><img decoding=\"async\" loading=\"lazy\" fetchpriority=\"low\" width=\"610\" height=\"431\" src=\"https:\/\/www.europesays.com\/it\/wp-content\/uploads\/2026\/01\/trap-albizzate-2022799.610x431.jpg\" alt=\"trap albizzate\"\/>Il videoclip girato ad Albizzate poco prima dell\u2019arrivo di una pattuglia dei carabinieri<\/p>\n<p>Il punto, e lo diciamo rischiando di apparire anche un po\u2019 bacchettoni, e senza voler per forza generalizzare, \u00e8 che il confine tra performance e deriva criminale talvolta resta sottilissimo. Tra gli esempi che abbiamo raccolto in questo articolo ci sono ad esempio <strong><a href=\"https:\/\/www.varesenews.it\/2021\/02\/marijuana-pistole-un-video-trap-girato-mornago-un-arresto-denuncia-spaccio\/1303147\/\" rel=\"nofollow noopener\" target=\"_blank\">l\u2019episodio di Mornago<\/a><\/strong>, dove le riprese di un video trap hanno fatto emergere un contesto di spaccio. Ben pi\u00f9 grave il risvolto della crew musicale che sta dietro ai video trap di Malnate, protagonista nei mesi scorsi di una <strong><a href=\"https:\/\/www.varesenews.it\/2025\/10\/armi-e-droga-linchiesta-sulla-band-trap-167-gang-di-malnate-che-controllava-lo-spaccio-nei-boschi\/2381689\/\" rel=\"nofollow noopener\" target=\"_blank\">maxioperazione antidroga<\/a> <\/strong>contro la detenzione di armi, le indimidazioni e lo spaccio nei boschi nei dintorni di Varese. Esempi che ci dicono che l\u2019estetica \u201cda gang\u201d non \u00e8 sempre solo scena e che a forza di interpretare un ruolo, i soggetti pi\u00f9 fragili finiscano per scivolare in dinamiche di illegalit\u00e0 vera.<\/p>\n<blockquote class=\"wp-embedded-content\" data-secret=\"ai8mTYINNB\">\n<p><a href=\"https:\/\/www.varesenews.it\/2025\/10\/armi-e-droga-linchiesta-sulla-band-trap-167-gang-di-malnate-che-controllava-lo-spaccio-nei-boschi\/2381689\/\" rel=\"nofollow noopener\" target=\"_blank\">Armi e droga: l\u2019inchiesta sulla band trap \u201c167 Gang\u201c di Malnate che controllava lo spaccio nei boschi<\/a><\/p>\n<\/blockquote>\n<blockquote class=\"wp-embedded-content\" data-secret=\"XMz1Pus6OB\">\n<p><a href=\"https:\/\/www.varesenews.it\/2026\/01\/per-il-video-clip-in-strada-a-varese-identificati-alcuni-partecipanti\/2466979\/\" rel=\"nofollow noopener\" target=\"_blank\">Per il video clip in strada a Varese identificati alcuni partecipanti<\/a><\/p>\n<\/blockquote>\n","protected":false},"excerpt":{"rendered":"Da Malnate a Varese, passando per Mornago e Albizzate (e chiss\u00e0 quanti altri paesini che sono sfuggiti dai&hellip;\n","protected":false},"author":3,"featured_media":319862,"comment_status":"","ping_status":"","sticky":false,"template":"","format":"standard","meta":{"footnotes":"","_share_on_mastodon":"0"},"categories":[79],"tags":[14,93,94,1598,1537,90,89,7,15,29932,11,84,91,12,85,92],"class_list":["post-319861","post","type-post","status-publish","format-standard","has-post-thumbnail","category-italia","tag-cronaca","tag-cronaca-italiana","tag-cronacaitaliana","tag-giovani","tag-it","tag-italia","tag-italy","tag-news","tag-notizie","tag-trap","tag-ultime-notizie","tag-ultime-notizie-e-news-di-oggi","tag-ultime-notizie-italia","tag-ultimenotizie","tag-ultimenotizieenewsdioggi","tag-ultimenotizieitalia"],"share_on_mastodon":{"url":"https:\/\/pubeurope.com\/@it\/115945490729885978","error":""},"_links":{"self":[{"href":"https:\/\/www.europesays.com\/it\/wp-json\/wp\/v2\/posts\/319861","targetHints":{"allow":["GET"]}}],"collection":[{"href":"https:\/\/www.europesays.com\/it\/wp-json\/wp\/v2\/posts"}],"about":[{"href":"https:\/\/www.europesays.com\/it\/wp-json\/wp\/v2\/types\/post"}],"author":[{"embeddable":true,"href":"https:\/\/www.europesays.com\/it\/wp-json\/wp\/v2\/users\/3"}],"replies":[{"embeddable":true,"href":"https:\/\/www.europesays.com\/it\/wp-json\/wp\/v2\/comments?post=319861"}],"version-history":[{"count":0,"href":"https:\/\/www.europesays.com\/it\/wp-json\/wp\/v2\/posts\/319861\/revisions"}],"wp:featuredmedia":[{"embeddable":true,"href":"https:\/\/www.europesays.com\/it\/wp-json\/wp\/v2\/media\/319862"}],"wp:attachment":[{"href":"https:\/\/www.europesays.com\/it\/wp-json\/wp\/v2\/media?parent=319861"}],"wp:term":[{"taxonomy":"category","embeddable":true,"href":"https:\/\/www.europesays.com\/it\/wp-json\/wp\/v2\/categories?post=319861"},{"taxonomy":"post_tag","embeddable":true,"href":"https:\/\/www.europesays.com\/it\/wp-json\/wp\/v2\/tags?post=319861"}],"curies":[{"name":"wp","href":"https:\/\/api.w.org\/{rel}","templated":true}]}}