{"id":320214,"date":"2026-01-23T21:50:10","date_gmt":"2026-01-23T21:50:10","guid":{"rendered":"https:\/\/www.europesays.com\/it\/320214\/"},"modified":"2026-01-23T21:50:10","modified_gmt":"2026-01-23T21:50:10","slug":"massara-guarda-in-francia-occhi-su-methalie-del-tolosa","status":"publish","type":"post","link":"https:\/\/www.europesays.com\/it\/320214\/","title":{"rendered":"Massara guarda in Francia: occhi su Methalie del Tolosa"},"content":{"rendered":"<p>Il Tolosa chiede poco meno di 20 milioni di euro<\/p>\n<p>Continua il casting per la fascia sinistra. Dayann <strong>Methalie<\/strong> \u00e8 il nuovo nome seguito da Massara secondo quanto riportato da TransferFeed. Il <strong>Tolosa<\/strong> chiede poco meno di 20 milioni di euro e i giallorossi hanno effettuato il primo sondaggio. Su di lui c&#8217;\u00e8 anche il Newcastle. A ottobre ha rinnovato il contratto fino al 2030, ma il club francese non chiude alla cessione anche in questa sessione di mercato. In questa stagione ha gi\u00e0 giocato 16 presenze in Ligue mettendo a referto una rete. Pu\u00f2 giocare sia sulla sinistra che come difensore centrale e Gasperini ha gi\u00e0 dato il suo &#8216;ok&#8217; all&#8217;operazione.\u00a0<\/p>\n<p class=\"is-copyright\">\u00a9 RIPRODUZIONE RISERVATA<\/p>\n","protected":false},"excerpt":{"rendered":"Il Tolosa chiede poco meno di 20 milioni di euro Continua il casting per la fascia sinistra. Dayann&hellip;\n","protected":false},"author":3,"featured_media":320215,"comment_status":"","ping_status":"","sticky":false,"template":"","format":"standard","meta":{"footnotes":"","_share_on_mastodon":"0"},"categories":[1452],"tags":[721,475,5297,724,1740,1537,90,89,5291,188568,1739,245,244,12155],"class_list":["post-320214","post","type-post","status-publish","format-standard","has-post-thumbnail","category-calcio","tag-calcio","tag-chiede","tag-chiede-euro","tag-euro","tag-football","tag-it","tag-italia","tag-italy","tag-massara","tag-methalie","tag-soccer","tag-sport","tag-sports","tag-tolosa"],"share_on_mastodon":{"url":"https:\/\/pubeurope.com\/@it\/115946626962574573","error":""},"_links":{"self":[{"href":"https:\/\/www.europesays.com\/it\/wp-json\/wp\/v2\/posts\/320214","targetHints":{"allow":["GET"]}}],"collection":[{"href":"https:\/\/www.europesays.com\/it\/wp-json\/wp\/v2\/posts"}],"about":[{"href":"https:\/\/www.europesays.com\/it\/wp-json\/wp\/v2\/types\/post"}],"author":[{"embeddable":true,"href":"https:\/\/www.europesays.com\/it\/wp-json\/wp\/v2\/users\/3"}],"replies":[{"embeddable":true,"href":"https:\/\/www.europesays.com\/it\/wp-json\/wp\/v2\/comments?post=320214"}],"version-history":[{"count":0,"href":"https:\/\/www.europesays.com\/it\/wp-json\/wp\/v2\/posts\/320214\/revisions"}],"wp:featuredmedia":[{"embeddable":true,"href":"https:\/\/www.europesays.com\/it\/wp-json\/wp\/v2\/media\/320215"}],"wp:attachment":[{"href":"https:\/\/www.europesays.com\/it\/wp-json\/wp\/v2\/media?parent=320214"}],"wp:term":[{"taxonomy":"category","embeddable":true,"href":"https:\/\/www.europesays.com\/it\/wp-json\/wp\/v2\/categories?post=320214"},{"taxonomy":"post_tag","embeddable":true,"href":"https:\/\/www.europesays.com\/it\/wp-json\/wp\/v2\/tags?post=320214"}],"curies":[{"name":"wp","href":"https:\/\/api.w.org\/{rel}","templated":true}]}}