{"id":320367,"date":"2026-01-24T00:09:10","date_gmt":"2026-01-24T00:09:10","guid":{"rendered":"https:\/\/www.europesays.com\/it\/320367\/"},"modified":"2026-01-24T00:09:10","modified_gmt":"2026-01-24T00:09:10","slug":"un-posto-al-sole-anticipazioni-upas-dal-26-al-30-gennaio-2026","status":"publish","type":"post","link":"https:\/\/www.europesays.com\/it\/320367\/","title":{"rendered":"Un Posto al sole: anticipazioni UPAS dal 26 al 30 gennaio 2026"},"content":{"rendered":"<p class=\"paragraph\" spellcheck=\"true\">Nella puntata di <b>Un Posto al Sole<\/b> di venerd\u00ec 23 gennaio 2026 \u00e8 stato introdotto il personaggio di Eleanor Price interpretato da <b>Whoopy Goldberg<\/b>. L&#8217;attrice premio Oscar <a href=\"https:\/\/www.gazzetta.it\/tv\/storie\/27-06-2025\/un-posto-al-sole-non-in-onda-questa-sera-27-giugno-e-si-regala-whoopy-goldberg\/\" title=\"Un Posto al Sole non \u00e8 in onda stasera, venerd\u00ec 27 giugno ma si regala una premio Oscar\" target=\"_blank\" rel=\"nofollow noopener\">era stata annunciata la scorsa primavera<\/a> nel cast della soap di Rai 3, una sorta di regalo per i 30 anni della serie e finalmente il pubblico potr\u00e0 vederla in scena.<\/p>\n<p class=\"paragraph\" spellcheck=\"true\"><b>Goldberg<\/b>, che ha girato mesi fa le sue scene, sar\u00e0 presente per <b>20 puntate<\/b> nei panni di una facoltosa cliente dei Cantieri Palladini. Roberto Ferri le trover\u00e0 un alloggio a palazzo ed Eleanor Price incontrer\u00e0 cos\u00ec Raffaele, mentre <b>Ferri cercher\u00e0 di sfruttare le ricchezze della donna<\/b> per riprendersi il controllo dei cantieri.<\/p>\n<p class=\"paragraph\" spellcheck=\"true\">Prima di scoprire quello che ci aspetta nelle puntate della settimana, vediamo dove <a href=\"https:\/\/www.gazzetta.it\/tv\/storie\/16-01-2026\/un-posto-al-sole-anticipazioni-upas-dal-19-al-23-gennaio-2026\/\" title=\"Un Posto al sole, le anticipazioni delle puntate dal 19 al 23 gennaio 2026\" target=\"_blank\" rel=\"nofollow noopener\">eravamo rimasti<\/a>. L&#8217;arrivo della ricca cliente americana potrebbe aiutare i cantieri. Raffaele, intanto, ha deciso di restare in portineria rinunciando alla pensione ma questo provoca una frattura con Ornella. Nunzio sta ottenendo un&#8217;inaspettata popolarit\u00e0 sui social ma non tutti sembrano apprezzare.<\/p>\n","protected":false},"excerpt":{"rendered":"Nella puntata di Un Posto al Sole di venerd\u00ec 23 gennaio 2026 \u00e8 stato introdotto il personaggio di&hellip;\n","protected":false},"author":3,"featured_media":320368,"comment_status":"","ping_status":"","sticky":false,"template":"","format":"standard","meta":{"footnotes":"","_share_on_mastodon":"0"},"categories":[1444],"tags":[1493,2017,1518,11536,170898,105475,5371,104388,33303,73820,188609,188610,12204,203,2716,2614,169501,188611,204,1537,90,89,330,8202,5569,360,253],"class_list":["post-320367","post","type-post","status-publish","format-standard","has-post-thumbnail","category-tv","tag-alberto","tag-americani","tag-anticipazioni","tag-anticipazioni-puntata","tag-anticipazioni-puntata-gennaio","tag-bice","tag-colpo","tag-cotugno","tag-damiano","tag-eduardo","tag-eleanor","tag-eleanor-price","tag-elena","tag-entertainment","tag-figlio","tag-gennaio","tag-gennaio-sole","tag-gennaio-sole-scoprire","tag-intrattenimento","tag-it","tag-italia","tag-italy","tag-palazzo","tag-puntata","tag-rosa","tag-sole","tag-tv"],"share_on_mastodon":{"url":"https:\/\/pubeurope.com\/@it\/115947173630494963","error":""},"_links":{"self":[{"href":"https:\/\/www.europesays.com\/it\/wp-json\/wp\/v2\/posts\/320367","targetHints":{"allow":["GET"]}}],"collection":[{"href":"https:\/\/www.europesays.com\/it\/wp-json\/wp\/v2\/posts"}],"about":[{"href":"https:\/\/www.europesays.com\/it\/wp-json\/wp\/v2\/types\/post"}],"author":[{"embeddable":true,"href":"https:\/\/www.europesays.com\/it\/wp-json\/wp\/v2\/users\/3"}],"replies":[{"embeddable":true,"href":"https:\/\/www.europesays.com\/it\/wp-json\/wp\/v2\/comments?post=320367"}],"version-history":[{"count":0,"href":"https:\/\/www.europesays.com\/it\/wp-json\/wp\/v2\/posts\/320367\/revisions"}],"wp:featuredmedia":[{"embeddable":true,"href":"https:\/\/www.europesays.com\/it\/wp-json\/wp\/v2\/media\/320368"}],"wp:attachment":[{"href":"https:\/\/www.europesays.com\/it\/wp-json\/wp\/v2\/media?parent=320367"}],"wp:term":[{"taxonomy":"category","embeddable":true,"href":"https:\/\/www.europesays.com\/it\/wp-json\/wp\/v2\/categories?post=320367"},{"taxonomy":"post_tag","embeddable":true,"href":"https:\/\/www.europesays.com\/it\/wp-json\/wp\/v2\/tags?post=320367"}],"curies":[{"name":"wp","href":"https:\/\/api.w.org\/{rel}","templated":true}]}}