{"id":320677,"date":"2026-01-24T05:09:17","date_gmt":"2026-01-24T05:09:17","guid":{"rendered":"https:\/\/www.europesays.com\/it\/320677\/"},"modified":"2026-01-24T05:09:17","modified_gmt":"2026-01-24T05:09:17","slug":"niccolo-pisilli-chi-e-il-centrocampista-della-roma-decisivo-in-europa-eta-carriera-fidanzata-stipendio-e-il-legame-con-conti-il-messaggero","status":"publish","type":"post","link":"https:\/\/www.europesays.com\/it\/320677\/","title":{"rendered":"Niccol\u00f2 Pisilli, chi \u00e8 il centrocampista della Roma decisivo in Europa: et\u00e0, carriera, fidanzata, stipendio e il legame con Conti &#8211; Il Messaggero"},"content":{"rendered":"<ol>\n<li><a href=\"https:\/\/news.google.com\/rss\/articles\/CBMi1gFBVV95cUxNY2lsQ1ZvbHJsV3pKMHBEMTI5c1VWLThoS2hfT3dOMlFtNG90UzRXeFpBSWxOTEtQWmp6SzdKVDNWZEdFSFNpd2E4MjVoVVA4aWI3U1lTT1otVE5IMmlkUl9HclJjUEltd0Rwa3g1WU5uNmpwLTJfc2Vuc3JnanBDNHQxSkRVSXdhYklXYTNoRHdrQnhkNXl6VHlUMl80cXVNYWRzYlNnNms0dTJueFNjS203ZS0xam5obDVqQlZGVWwxUmVIcU8yb05oaC1VZUgyQTJ2dVZ3?oc=5\" target=\"_blank\" rel=\"nofollow noopener\">Niccol\u00f2 Pisilli, chi \u00e8 il centrocampista della Roma decisivo in Europa: et\u00e0, carriera, fidanzata, stipendio e il legame con Conti<\/a>&nbsp;&nbsp;Il Messaggero<\/li>\n<li><a href=\"https:\/\/news.google.com\/rss\/articles\/CBMi_gFBVV95cUxNcGFOOWJFU1JzTzR1MWNZU3VxVzFfRjZabnVvbzFUTE1EOFo0RzZUcFh2VzJlZ2RuZ09XdUpiWHV4YjFybG1jYzQ3bWdOU3lFalo1QTI3SmhpWURvRWItUktJOWN4S0F4R1Bfa0x5Y3dyTmtaWXNSdmVvYjJYOVZINXNOd3pwaHdZcERrOWQ3OWw3YWZkRVFid0ZoTzhyc2VqY0RodENJamdMNzlzWExaOVgzdGNDZl8zU1NhTWhucmxlS21udzVlb1VFSGVYWFJ0VTFWMGhZb0Jrc3JKbXJhd2cxT2M3N25nNll3eVNiUzN0V3Z1S2RCYTFYTVVoZ9IBgwJBVV95cUxNZGpyUk0wQU1SNXRhQmhtQXo0RF8zUDBoUWdUMWE4T0lpRUNjNjAxOXpadDR5U3JfWTZ3bnJPX04zV2NyZ2tEZnBNdXJQeG9RcnlKU0hxbTR4Mzd4bUNBOWVGenZpZzByWkpHeUFvMG9iVWhVOE5PMDNzSE94OUJZdlJ6WGRsYzhIRVU4UUdWMlZmNFphVTAtd1F2S1dNb2RSTjlTdkprc2JUS2tFcGVCaElqU1BuaEcwN3N1U1lwZXJVVVo0eDNPSG1EVVlaLTVCMTFqaXhnUm5mNjdEMUdCdkRJQUtTUDJ6dFpoLTZTRWhBdm1SQ0dWLTdKLWJUS2NCejJZ?oc=5\" target=\"_blank\" rel=\"nofollow noopener\">Pisilli show, la Roma vede gli ottavi di Europa League. Pari in rimonta del Bologna<\/a>&nbsp;&nbsp;ANSA<\/li>\n<li><a href=\"https:\/\/news.google.com\/rss\/articles\/CBMi1AFBVV95cUxOTUNmMXhaR0pIbldEOXNUaHp1cEsySVFkdWNTQWFoTE5aekZmZldFNjh0anEzR0VMOC1URXVlU0RhUGpwTU5rZmI2SlY0UW03R3k3LXlFMmRLbmF6eHRjdUYtWlNkM0QwTkN5eEVNbE04bGw0V3RyTUN6N05iMkNDMTd3ZzJzYXg0NXZLa0IxSFhqSlo5a0FpNHZlMzRSVlpQdnFRWU00UERCcXFtSU5tcFFaa0lTYmFiVl9nYWJZS3V3LXZwT21pWHNXVC1ZU3cwTmdFS9IB2gFBVV95cUxQTG16ejNOWkJFRG9YcFFZbVFtRlJiNGpnc1ZOaDdGdVF5VmdRdUotMU5YX3pUblpnTVdfVzlBTVNWNkttc2lJM3JNUG5KaGQ1TFVLTl84VXJaaERVMDBNYVRubE5HeEVBQTlJZllWZ1UxZzM1U2dscjJnZXdjeWlKeGhRZW91VUNuYzJDUlNtQXg4TFJPRnhITlFqbzg3WFZoZ0hVUzRvZVF5Zk1mMUluclBtX21SQkpvYW9UT2RNYjRKdko1V0hfLVM0c2pfbW5uQzdRX3o2ZnFSZw?oc=5\" target=\"_blank\" rel=\"nofollow noopener\">Bravo Gasp, l\u2019azzardo contro lo Stoccarda ha pagato. E ora il Milan<\/a>&nbsp;&nbsp;roma.repubblica.it<\/li>\n<li><a href=\"https:\/\/news.google.com\/rss\/articles\/CBMinwFBVV95cUxOWWFFR1VSSF91TWx5d3ZoZ21qUkNkU3lxcW1IM0Q2TGNwRE00WWtJd1JWc3dHZFFoSXdFLVNWMm1sMTdnUmdZMFp5TmQ2NGEtMEkzRm1VMkc3MTZkRVBYOWNiMnE0Rm42Z3FBLWdUbjFPU3NCczAwTldTQ0pMcGdIVlMySXVCR0JVM1J5anpJT052NFNTbjFjSVJTUWE3eXfSAXhBVV95cUxNQmZRLWJkMlZEdXVpNFhKX0xqN255em83djNfVjR1WElrOXJEY1F4aUh4UnVFdUFjR0pKXzkzakRzemRVaFlPLWUyWjZ4OU5GeW5MdUFpN3djMTNkQTgzTDFLbWZubHJWazgzNkw1OUx6SXNld1RKeDY?oc=5\" target=\"_blank\" rel=\"nofollow noopener\">Gasperini: &#8220;Una partita perfetta, Pisilli assomiglia un po&#8217; a Tardelli&#8221;<\/a>&nbsp;&nbsp;Sportmediaset<\/li>\n<li><a href=\"https:\/\/news.google.com\/rss\/articles\/CBMikAFBVV95cUxOdlozMU5IcXNXNUR0YldMeG9iWlFoOG9EM3o3WElod1BpV3A1NEJwWE9KdzBxWlFGdGtSOXg3X0IyZW1FQ3hqdzBRVkdFdF9HbjRlbm1fVGpfWHRxckUyQTBQbC1qcV9hNjFOZy1vb1BOUHJMVWx0QllfUVVxVjBZT0MwUGZjTlFTZV85eU9DYmw?oc=5\" target=\"_blank\" rel=\"nofollow noopener\">Il talento (da proteggere e accompagnare) di Nicol\u00f2 Pisilli<\/a>&nbsp;&nbsp;Sky Sport<\/li>\n<\/ol>\n","protected":false},"excerpt":{"rendered":"Niccol\u00f2 Pisilli, chi \u00e8 il centrocampista della Roma decisivo in Europa: et\u00e0, carriera, fidanzata, stipendio e il legame&hellip;\n","protected":false},"author":3,"featured_media":320678,"comment_status":"","ping_status":"","sticky":false,"template":"","format":"standard","meta":{"footnotes":"","_share_on_mastodon":"0"},"categories":[176],"tags":[7724,10411,48858,5301,1537,90,89,34449,987,245,244],"class_list":["post-320677","post","type-post","status-publish","format-standard","has-post-thumbnail","category-sport","tag-as-roma","tag-chi","tag-et","tag-gasperini","tag-it","tag-italia","tag-italy","tag-pisilli","tag-roma","tag-sport","tag-sports"],"share_on_mastodon":{"url":"https:\/\/pubeurope.com\/@it\/115948353112012036","error":""},"_links":{"self":[{"href":"https:\/\/www.europesays.com\/it\/wp-json\/wp\/v2\/posts\/320677","targetHints":{"allow":["GET"]}}],"collection":[{"href":"https:\/\/www.europesays.com\/it\/wp-json\/wp\/v2\/posts"}],"about":[{"href":"https:\/\/www.europesays.com\/it\/wp-json\/wp\/v2\/types\/post"}],"author":[{"embeddable":true,"href":"https:\/\/www.europesays.com\/it\/wp-json\/wp\/v2\/users\/3"}],"replies":[{"embeddable":true,"href":"https:\/\/www.europesays.com\/it\/wp-json\/wp\/v2\/comments?post=320677"}],"version-history":[{"count":0,"href":"https:\/\/www.europesays.com\/it\/wp-json\/wp\/v2\/posts\/320677\/revisions"}],"wp:featuredmedia":[{"embeddable":true,"href":"https:\/\/www.europesays.com\/it\/wp-json\/wp\/v2\/media\/320678"}],"wp:attachment":[{"href":"https:\/\/www.europesays.com\/it\/wp-json\/wp\/v2\/media?parent=320677"}],"wp:term":[{"taxonomy":"category","embeddable":true,"href":"https:\/\/www.europesays.com\/it\/wp-json\/wp\/v2\/categories?post=320677"},{"taxonomy":"post_tag","embeddable":true,"href":"https:\/\/www.europesays.com\/it\/wp-json\/wp\/v2\/tags?post=320677"}],"curies":[{"name":"wp","href":"https:\/\/api.w.org\/{rel}","templated":true}]}}