{"id":321001,"date":"2026-01-24T10:12:10","date_gmt":"2026-01-24T10:12:10","guid":{"rendered":"https:\/\/www.europesays.com\/it\/321001\/"},"modified":"2026-01-24T10:12:10","modified_gmt":"2026-01-24T10:12:10","slug":"stop-ai-treni-dellalta-velocita-a-firenze-disagi-per-tutto-il-weekend-cosa-sapere","status":"publish","type":"post","link":"https:\/\/www.europesays.com\/it\/321001\/","title":{"rendered":"Stop ai treni dell&#8217;Alta Velocit\u00e0 a Firenze, disagi per tutto il weekend: cosa sapere"},"content":{"rendered":"<p>Fine settimana complicato per chi deve viaggiare in treno. Dalle 15 di oggi, sabato 24 gennaio, alla stessa ora di domani, domenica 25, chiude il traffico ferroviario tra le stazioni di Campo di Marte e di Rifredi a Firenze, a causa di lavori legati alla sostituzione del cavalcaferrovia stradale di ponte al Pino.\u00a0I convogli dell&#8217;Alta\u00a0velocit\u00e0 non potranno quindi arrivare alla stazione centrale di Santa Maria Novella, uno degli snodi principali del Paese, per altro interessato direttamente da altri lavori di rinnovo degli scambi nelle stesse date. L&#8217;offerta ferroviaria di Italo (<a data-intcmp-qp=\"skytg24_foglia articolo_interlink_text\" rel=\"nofollow noopener\" href=\"https:\/\/italoinviaggio.italotreno.com\/italo-informa\/nodo-ferroviario-firenze\" target=\"_blank\">LE INFORMAZIONI A QUESTO LINK<\/a>) e di Trenitalia (<a data-intcmp-qp=\"skytg24_foglia articolo_interlink_text\" rel=\"nofollow noopener\" href=\"https:\/\/www.trenitalia.com\/content\/dam\/trenitalia\/tcom\/allegati\/trenitalia\/infomobilita\/Ponte%20al%20Pino%2024-25%20gennaio2026%20v1%20TI.pdf?intcmp=skytg24_foglia+articolo_interlink_text\" target=\"_blank\">QUI GLI AGGIORNAMENTI<\/a>)\u00a0\u00e8 stata ridotta, anche se ci sar\u00e0 comunque un treno ogni ora, sia in ingresso che in uscita dal capoluogo toscano, cos\u00ec come la capienza a bordo. Modifiche poi al servizio regionale e al percorso degli Intercity lungo la tratta Trieste-Roma.<\/p>\n<p>\t\t \tCollegamenti dei treni interrotti a Firenze: le alternative per spostarsi<\/p>\n<p>I passeggeri diretti verso il Nord Italia devono scendere a Campo di Marte e poi salire su un bus navetta verso Rifredi, da cui proseguire il viaggio con un altro treno. Percorso inverso, discesa a Rifredi e viaggio in pullman fino a Campo di Marte, per chi va al Sud. In entrambi i casi previsti tempi di percorrenza pi\u00f9 lunghi. Per il trasporto dei viaggiatori tra Campo di Marte e Rifredi sono organizzati sei bus da 50 posti ciascuno. Per chi invece deve andare a Santa Maria Novella \u00e8 predisposta una navetta gratuita da Campo di Marte fino a piazza della Libert\u00e0 per poi salire sulla tramvia. Da Rifredi il collegamento con la stazione centrale via bus. Per chi viaggia sugli Intercity Trieste-Roma \u00e8 previsto un collegamento con bus sostitutivo fra le stazioni di Prato Centrale e\u00a0Firenze\u00a0Rovezzano.<\/p>\n<p>\t\t\t<a class=\"c-inline-card j-inline-card c-inline-card--with-image\" href=\"https:\/\/tg24.sky.it\/economia\/2026\/01\/09\/treni-alta-velocita-prezzi-biglietti-frecce\" rel=\"follow nofollow noopener\" data-intcmp=\"skytg24_articolo_approfondimenti_inline\" target=\"_blank\"><\/p>\n<p>\t\t\t         <img decoding=\"async\" crossorigin=\"anonymous\" alt=\"\" src=\"https:\/\/www.europesays.com\/it\/wp-content\/uploads\/2026\/01\/07-treni-trenitalia-fs-ansa 5.jpg\"  loading=\"lazy\"  bad-src=\"https:\/\/www.europesays.com\/it\/wp-content\/uploads\/2026\/01\/07-treni-trenitalia-fs-ansa 5.jpg\"\/><\/p>\n<p>\n\t\t\t         Leggi anche<br \/>\n\t\t\t         Treni, prezzi dinamici AV: come risparmiare sui biglietti delle Frecce\n\t\t\t      <\/p>\n<p>\t\t\t<\/a><\/p>\n","protected":false},"excerpt":{"rendered":"Fine settimana complicato per chi deve viaggiare in treno. Dalle 15 di oggi, sabato 24 gennaio, alla stessa&hellip;\n","protected":false},"author":3,"featured_media":321002,"comment_status":"","ping_status":"","sticky":false,"template":"","format":"standard","meta":{"footnotes":"","_share_on_mastodon":"0"},"categories":[79],"tags":[14,93,94,369,2266,34546,1537,90,89,7,15,4326,17650,189161,41309,14019,11,84,91,12,85,92],"class_list":["post-321001","post","type-post","status-publish","format-standard","has-post-thumbnail","category-italia","tag-cronaca","tag-cronaca-italiana","tag-cronacaitaliana","tag-digitall","tag-firenze","tag-frecciarossa","tag-it","tag-italia","tag-italy","tag-news","tag-notizie","tag-trasporti","tag-treni","tag-treni-regionali","tag-trenitalia","tag-treno","tag-ultime-notizie","tag-ultime-notizie-e-news-di-oggi","tag-ultime-notizie-italia","tag-ultimenotizie","tag-ultimenotizieenewsdioggi","tag-ultimenotizieitalia"],"share_on_mastodon":{"url":"https:\/\/pubeurope.com\/@it\/115949544705569027","error":""},"_links":{"self":[{"href":"https:\/\/www.europesays.com\/it\/wp-json\/wp\/v2\/posts\/321001","targetHints":{"allow":["GET"]}}],"collection":[{"href":"https:\/\/www.europesays.com\/it\/wp-json\/wp\/v2\/posts"}],"about":[{"href":"https:\/\/www.europesays.com\/it\/wp-json\/wp\/v2\/types\/post"}],"author":[{"embeddable":true,"href":"https:\/\/www.europesays.com\/it\/wp-json\/wp\/v2\/users\/3"}],"replies":[{"embeddable":true,"href":"https:\/\/www.europesays.com\/it\/wp-json\/wp\/v2\/comments?post=321001"}],"version-history":[{"count":0,"href":"https:\/\/www.europesays.com\/it\/wp-json\/wp\/v2\/posts\/321001\/revisions"}],"wp:featuredmedia":[{"embeddable":true,"href":"https:\/\/www.europesays.com\/it\/wp-json\/wp\/v2\/media\/321002"}],"wp:attachment":[{"href":"https:\/\/www.europesays.com\/it\/wp-json\/wp\/v2\/media?parent=321001"}],"wp:term":[{"taxonomy":"category","embeddable":true,"href":"https:\/\/www.europesays.com\/it\/wp-json\/wp\/v2\/categories?post=321001"},{"taxonomy":"post_tag","embeddable":true,"href":"https:\/\/www.europesays.com\/it\/wp-json\/wp\/v2\/tags?post=321001"}],"curies":[{"name":"wp","href":"https:\/\/api.w.org\/{rel}","templated":true}]}}