{"id":321162,"date":"2026-01-24T12:28:16","date_gmt":"2026-01-24T12:28:16","guid":{"rendered":"https:\/\/www.europesays.com\/it\/321162\/"},"modified":"2026-01-24T12:28:16","modified_gmt":"2026-01-24T12:28:16","slug":"musetti-e-darderi-agli-ottavi-dellaustralian-open","status":"publish","type":"post","link":"https:\/\/www.europesays.com\/it\/321162\/","title":{"rendered":"Musetti e Darderi agli ottavi dell&#8217;Australian Open"},"content":{"rendered":"<p>                                Lorenzo orgoglioso della sua maratona: &#8220;Ero molto ben preparato al caldo, ma la battuta proprio non andava&#8230;&#8221;. Luciano, prima volta a un ottavo Slam: &#8220;Non mi accontento, prover\u00f2 a vincere ancora&#8221;<\/p>\n<p class=\"paragraph\" spellcheck=\"true\">Lorenzo Musetti se l&#8217;era posto come obiettivo per questa prima settimana dello Slam australiano: &#8220;La stagione di preparazione \u00e8 andata molto bene, a Melbourne spero di raggiungere la seconda settimana, visto che non ci sono mai riuscito&#8221;. Missione, almeno la prima missione \u00e8 compiuta. C&#8217;\u00e8 voluta una maratona di quattro ore e 27 per superare il ceco Tomas Machac e conquistare gli ottavi di finale. Una partita iniziata male, con tanto nervosismo, i soliti monologhi, il servizio che non entra e poi, come spesso accade, ecco che tutto comincia a girare, i pezzi del puzzle artistico di Muso si compongono e lui va che \u00e8 una meraviglia. Secondo e terzo set impeccabili, che mandano fuori giri il ceco poi, dopo qualche occasione sprecata nel quarto, ecco un rigurgito di orgoglio del ceco che porta il match al quinto. L\u00ec, Muso \u00e8 impeccabile &#8220;Testa fredda e cuore caldo&#8221;, come ha scritto\u00a0 scatta avanti di un break e quando \u00e8 sul 2-0 si chiude il tetto. Lorenzo non sbaglia pi\u00f9 nulla e arriva finalmente al traguardo dopo quattro ore e mezza: &#8220;Sono molto orgoglioso di aver portato a casa questa partita.\u00a0Ero preparato fin da inizio partita a combattere molto per via del caldo. All&#8217;inizio non sono riuscito a trovare il giusto ritmo, lui dettava il ritmo e io ero un po&#8217; troppo lontano dalla riga di fondo.  Per\u00f2 poi con grandi attitudine, mentalit\u00e0 e condizione fisica sono riuscito a ribaltare la partita&#8221;. Il servizio, all&#8217;inizio lo ha fatto tribolare: &#8220;Ho visto le percentuali al servizio del primo set, a un certo punto mi sono detto che stavo servendo come mia madre! Ti amo mamma, grazie! Era difficile servire peggio&#8230;  Scherzi a parte, sono riuscito a ritrovare il movimento tutto senza affrettare troppo e aggiustando un pochino il lancio di palla. \u00c8 la mia prima volta nella seconda settimana dell&#8217;Australian Open, sono molto felice&#8221;.\u00a0Quella di Luciano Darderi \u00e8 stata un&#8217;impresa, l&#8217;allenamento della vigilia \u00e8 stato tra loro due: &#8220;Sono contento per lui &#8211; ha proseguito Lore -, sta lavorando tantissimo e si merita questo premio. Ora lo aspetta un bel derby con Jannik, c&#8217;\u00e8 tanta Italia qui a Melbourne&#8221;.<\/p>\n<p>    darderi\u2014 \u00a0<\/p>\n<p class=\"paragraph is-inline\" spellcheck=\"true\">Luciano Darderi \u00e8 quasi incredulo dell&#8217;impresa che ha meritatamente portato a termine. Si mette le mani sul volto, si fa assorbire dall&#8217;abbraccio della sua squadra e di pap\u00e0-coach Gino che lo accompagna anche in conferenza stampa: &#8220;Non mi aspettavo di arrivare alla seconda settimana, ma ce lo meritiamo perch\u00e9 stiamo lavorando tanto &#8211; \u00e8 il commento di Luli -. Mi sentivo comodo in campo e il mio team ogni volta che perdevo la testa mi aiutava mi dava i consigli giusti. Ora il derby con Sinner, lo considero un regalo poter giocare con lui sulla Rod Laver Arena. Sar\u00e0 una bellissima esperienza ma non voglio accontentarmi di questo, dar\u00f2 il massimo per cercare di vincere, sar\u00f2 concentrato su me stesso&#8221;.<\/p>\n","protected":false},"excerpt":{"rendered":"Lorenzo orgoglioso della sua maratona: &#8220;Ero molto ben preparato al caldo, ma la battuta proprio non andava&#8230;&#8221;. Luciano,&hellip;\n","protected":false},"author":3,"featured_media":321163,"comment_status":"","ping_status":"","sticky":false,"template":"","format":"standard","meta":{"footnotes":"","_share_on_mastodon":"0"},"categories":[6],"tags":[1534,6384,14,3415,5187,8,3264,1302,1537,90,89,1269,6087,3417,3418,7343,4002,15344,13155,1351,3419,46513,7,15,82,9,83,10,42810,1290,1916,9269,5893,24595,3353,2521,59008,669,3645,989,3423,1928,13,11,80,84,12,81,85,4968],"class_list":["post-321162","post","type-post","status-publish","format-standard","has-post-thumbnail","category-ultime-notizie","tag-caldo","tag-ceco","tag-cronaca","tag-darderi","tag-derby","tag-headlines","tag-impresa","tag-inizio","tag-it","tag-italia","tag-italy","tag-jannik","tag-lavorando","tag-lorenzo","tag-luciano","tag-luciano-darderi","tag-mamma","tag-maratona","tag-melbourne","tag-missione","tag-musetti","tag-muso","tag-news","tag-notizie","tag-notizie-di-cronaca","tag-notizie-principali","tag-notiziedicronaca","tag-notizieprincipali","tag-orgoglioso","tag-partita","tag-portato","tag-preparato","tag-regalo","tag-ritmo","tag-riuscito","tag-seconda","tag-seconda-settimana","tag-servizio","tag-set","tag-settimana","tag-slam","tag-testa","tag-titoli","tag-ultime-notizie","tag-ultime-notizie-di-cronaca","tag-ultime-notizie-e-news-di-oggi","tag-ultimenotizie","tag-ultimenotiziedicronaca","tag-ultimenotizieenewsdioggi","tag-vincere"],"share_on_mastodon":{"url":"","error":"Validation failed: Text character limit of 500 exceeded"},"_links":{"self":[{"href":"https:\/\/www.europesays.com\/it\/wp-json\/wp\/v2\/posts\/321162","targetHints":{"allow":["GET"]}}],"collection":[{"href":"https:\/\/www.europesays.com\/it\/wp-json\/wp\/v2\/posts"}],"about":[{"href":"https:\/\/www.europesays.com\/it\/wp-json\/wp\/v2\/types\/post"}],"author":[{"embeddable":true,"href":"https:\/\/www.europesays.com\/it\/wp-json\/wp\/v2\/users\/3"}],"replies":[{"embeddable":true,"href":"https:\/\/www.europesays.com\/it\/wp-json\/wp\/v2\/comments?post=321162"}],"version-history":[{"count":0,"href":"https:\/\/www.europesays.com\/it\/wp-json\/wp\/v2\/posts\/321162\/revisions"}],"wp:featuredmedia":[{"embeddable":true,"href":"https:\/\/www.europesays.com\/it\/wp-json\/wp\/v2\/media\/321163"}],"wp:attachment":[{"href":"https:\/\/www.europesays.com\/it\/wp-json\/wp\/v2\/media?parent=321162"}],"wp:term":[{"taxonomy":"category","embeddable":true,"href":"https:\/\/www.europesays.com\/it\/wp-json\/wp\/v2\/categories?post=321162"},{"taxonomy":"post_tag","embeddable":true,"href":"https:\/\/www.europesays.com\/it\/wp-json\/wp\/v2\/tags?post=321162"}],"curies":[{"name":"wp","href":"https:\/\/api.w.org\/{rel}","templated":true}]}}