{"id":3212,"date":"2025-07-23T13:08:13","date_gmt":"2025-07-23T13:08:13","guid":{"rendered":"https:\/\/www.europesays.com\/it\/3212\/"},"modified":"2025-07-23T13:08:13","modified_gmt":"2025-07-23T13:08:13","slug":"mclaren-ribalta-le-prospettive-la-pazienza-batte-la-fretta","status":"publish","type":"post","link":"https:\/\/www.europesays.com\/it\/3212\/","title":{"rendered":"McLaren ribalta le prospettive: la pazienza batte la fretta"},"content":{"rendered":"<p><strong>McLaren <\/strong>si presenta al <strong>Gran Premio del Belgio 2025<\/strong> (<a href=\"https:\/\/www.formulacritica.it\/gp-belgio-2025-anteprima-tecnica-spa-francorchamps-salto-di-mescola-e-altre-sfide\/\" rel=\"nofollow noopener\" target=\"_blank\">leggi l\u2019anteprima tecnica<\/a>) con un approccio che ribalta completamente la mentalit\u00e0 dell\u2019urgenza che spesso caratterizza la<strong> Formula 1<\/strong>. Dove altri team corrono contro il tempo introducendo aggiornamenti quasi in emergenza, la squadra di <strong>Woking<\/strong> ha sviluppato una filosofia operativa basata su una triade di validazione quasi incontrovertibile: <strong>pista, CFD e galleria del vento devono convergere perfettamente prima di qualsiasi implementazione definitiva.<\/strong><\/p>\n<p>Questa metodologia affonda le radici nella visione strategica tracciata da <strong>Andrea Stella<\/strong> sin dal 2023, quando il team principal italiano stabil\u00ec una roadmap evolutiva fondata sulla pazienza progettuale e sulla coerenza di sviluppo. L\u2019obiettivo era costruire una base tecnica solida da cui far scaturire naturalmente miglioramenti mirati ed efficaci. Cosa avvenuta in maniera evidente.<\/p>\n<p><img loading=\"lazy\" decoding=\"async\" class=\"size-full wp-image-61293 lazyload\" src=\"https:\/\/www.europesays.com\/it\/wp-content\/uploads\/2025\/07\/McLaren-MCL39-Silverstone.webp.webp\" alt=\"McLaren\" width=\"900\" height=\"694\"\/> La McLaren MCL39 in azione a Silverstone<strong>McLaren MCL39 \u2013 Il nuovo fondo: un caso di studio perfetto<\/strong><\/p>\n<p>Il debutto ufficiale del nuovo fondo vettura a <strong>Spa-Francorchamps<\/strong> rappresenta l\u2019esempio paradigmatico di questo approccio metodologico. L\u2019aggiornamento non arriva per caso in un weekend sprint, dove le possibilit\u00e0 di regolazione sono ridotte al minimo: questa scelta testimonia la totale fiducia che McLaren ripone nel proprio processo di approvazione dei componenti inediti.<\/p>\n<p>La genesi di questo componente racconta una storia di rigore tecnico esemplare. Il primo contatto con la realt\u00e0 \u00e8 avvenuto durante le prove libere del venerd\u00ec a <strong>Silverstone<\/strong>, ma non per raccogliere impressioni soggettive o sensazioni immediate. Il target era puramente funzionale: una verifica dinamica preliminare prima di procedere con le analisi approfondite in ambiente controllato.<\/p>\n<p>Subito dopo questo test limitato, il fondo \u00e8 stato trasferito al simulatore, dove l\u2019elemento soggettivo ha lasciato spazio all\u2019osservazione oggettiva dei dati. Solo quando tutti i parametri hanno confermato l\u2019efficacia del componente, questo ha ricevuto l\u2019omologazione per l\u2019impiego in gara.<\/p>\n<p>La profondit\u00e0 di questo approccio emerge con chiarezza durante il <strong>Gran Premio di Gran Bretagna<\/strong>. <strong>Oscar Piastri<\/strong> ha declinato l\u2019utilizzo della nuova configurazione ancor prima di testarla in pista, basandosi esclusivamente sull\u2019analisi telemetrica e sui confronti tecnici con il compagno <strong>Lando Norris<\/strong>. Questa decisione rivela un livello di maturit\u00e0 interna straordinario: l\u2019interpretazione dei dati ha raggiunto un grado di affidabilit\u00e0 tale da guidare le scelte tecniche prima ancora dell\u2019esperienza diretta. Piastri ha riconosciuto che, pur apportando benefici settoriali, il nuovo schema rischiava di compromettere l\u2019equilibrio generale necessario al suo stile di guida, preferendo mantenere la configurazione standard della <strong>MCL39<\/strong>.<\/p>\n<p><img loading=\"lazy\" decoding=\"async\" class=\"size-full wp-image-61563 lazyload\" src=\"https:\/\/www.europesays.com\/it\/wp-content\/uploads\/2025\/07\/Mclaren.webp.webp\" alt=\"McLaren\" width=\"1200\" height=\"800\"\/> Il chief designer della Mclaren, Peter Prodromou, festeggia con Lando Norris e Oscar Piastri la doppietta nel Gp della Gran Bretagna 2025<strong>L\u2019eredit\u00e0 di una trasformazione vincente<\/strong><\/p>\n<p>I risultati odierni sono il frutto maturo di una trasformazione progressiva delle monoposto dell\u2019era Venturi che hanno conferito ulteriore competitivit\u00e0 a un mezzo, la MCL39, nato gi\u00e0 fortissimo. La continuit\u00e0 progettuale ha permesso allo storico tema britannico di capitalizzare ogni singolo aggiornamento, costruendo progressivamente un vantaggio tecnico che si \u00e8 consolidato nel tempo.<\/p>\n<p>Nell\u2019attuale era delle vetture a effetto suolo, dove ogni componente aerodinamico lavora in simbiosi con gli altri in un ecosistema estremamente delicato, questa metodologia rappresenta un vantaggio competitivo decisivo. Un singolo elemento mal calibrato pu\u00f2 compromettere l\u2019intero equilibrio prestazionale.<\/p>\n<p><strong>McLaren: performance sostenibile oltre l\u2019emergenza<\/strong><\/p>\n<p>McLaren ha scelto deliberatamente di abbandonare la logica dell\u2019aggiornamento compulsivo, quella corsa frenetica che spinge molti team a introdurre novit\u00e0 senza una validazione completa. <strong>Le prove libere non vengono utilizzate come trampolino di lancio immediato, ma come strumento di misurazione e comprensione, rimandando l\u2019implementazione effettiva finch\u00e9 ogni parametro non converge verso l\u2019ottimizzazione massima<\/strong>. Il gap accumulato d\u00e0 loro la possibilit\u00e0 di procedere in questa maniera.<\/p>\n<p>I risultati premiano inequivocabilmente questa visione strategica. La rinuncia all\u2019urgenza ha trasformato McLaren in una compagine capace di offrire ai propri piloti una piattaforma sempre pi\u00f9 raffinata e prevedibile, aggiornamento dopo aggiornamento. L\u2019adattamento sempre pi\u00f9 efficace alla vettura di Lando Norris non fa che confermarlo.<\/p>\n<p><img loading=\"lazy\" decoding=\"async\" class=\"size-full wp-image-61438 lazyload\" src=\"https:\/\/www.europesays.com\/it\/wp-content\/uploads\/2025\/07\/Lando-Norris-1.webp.webp\" alt=\"Gp Gran Bretagna ordine arrivo\" width=\"1200\" height=\"710\"\/> Lando Norris, McLaren F1<strong>Verso il futuro con consapevolezza nuova<\/strong><\/p>\n<p><strong>Quello che emerge dal percorso McLaren non \u00e8 semplicemente un\u2019evoluzione tecnica, ma la testimonianza di una maturazione gestionale e strategica completa<\/strong>. La squadra britannica guarda gi\u00e0 al 2026 e al nuovo orizzonte regolamentare con una consapevolezza costruita su basi solidissime: la metodologia come leva tecnica vincente.<\/p>\n<p>Il debutto del nuovo fondo a Spa non \u00e8 quindi solo l\u2019introduzione di un componente, ma la conferma di un modello operativo che ha trasformato la scuderia di <strong>Zak Brown <\/strong>in uno dei riferimenti pi\u00f9 credibili della Formula 1 contemporanea.<\/p>\n<p><a href=\"https:\/\/x.com\/formulacritica\" rel=\"nofollow\">Crediti foto:<\/a> McLaren F1<\/p>\n<p><b>Seguici sul nostro canale YouTube<\/b>:<a href=\"https:\/\/www.youtube.com\/@formulacritica\" rel=\"nofollow noopener\" target=\"_blank\"> clicca qui<\/a><\/p>\n","protected":false},"excerpt":{"rendered":"McLaren si presenta al Gran Premio del Belgio 2025 (leggi l\u2019anteprima tecnica) con un approccio che ribalta completamente&hellip;\n","protected":false},"author":3,"featured_media":3213,"comment_status":"","ping_status":"","sticky":false,"template":"","format":"standard","meta":{"footnotes":""},"categories":[1454],"tags":[1770,683,1771,4749,1537,90,89,5992,5993,7,245,244],"class_list":{"0":"post-3212","1":"post","2":"type-post","3":"status-publish","4":"format-standard","5":"has-post-thumbnail","7":"category-f1","8":"tag-f1","9":"tag-formula-1","10":"tag-formula1","11":"tag-gp-belgio-2025","12":"tag-it","13":"tag-italia","14":"tag-italy","15":"tag-mcl39","16":"tag-mclaren","17":"tag-news","18":"tag-sport","19":"tag-sports"},"share_on_mastodon":{"url":"","error":""},"_links":{"self":[{"href":"https:\/\/www.europesays.com\/it\/wp-json\/wp\/v2\/posts\/3212","targetHints":{"allow":["GET"]}}],"collection":[{"href":"https:\/\/www.europesays.com\/it\/wp-json\/wp\/v2\/posts"}],"about":[{"href":"https:\/\/www.europesays.com\/it\/wp-json\/wp\/v2\/types\/post"}],"author":[{"embeddable":true,"href":"https:\/\/www.europesays.com\/it\/wp-json\/wp\/v2\/users\/3"}],"replies":[{"embeddable":true,"href":"https:\/\/www.europesays.com\/it\/wp-json\/wp\/v2\/comments?post=3212"}],"version-history":[{"count":0,"href":"https:\/\/www.europesays.com\/it\/wp-json\/wp\/v2\/posts\/3212\/revisions"}],"wp:featuredmedia":[{"embeddable":true,"href":"https:\/\/www.europesays.com\/it\/wp-json\/wp\/v2\/media\/3213"}],"wp:attachment":[{"href":"https:\/\/www.europesays.com\/it\/wp-json\/wp\/v2\/media?parent=3212"}],"wp:term":[{"taxonomy":"category","embeddable":true,"href":"https:\/\/www.europesays.com\/it\/wp-json\/wp\/v2\/categories?post=3212"},{"taxonomy":"post_tag","embeddable":true,"href":"https:\/\/www.europesays.com\/it\/wp-json\/wp\/v2\/tags?post=3212"}],"curies":[{"name":"wp","href":"https:\/\/api.w.org\/{rel}","templated":true}]}}