{"id":321227,"date":"2026-01-24T13:22:09","date_gmt":"2026-01-24T13:22:09","guid":{"rendered":"https:\/\/www.europesays.com\/it\/321227\/"},"modified":"2026-01-24T13:22:09","modified_gmt":"2026-01-24T13:22:09","slug":"litalia-richiama-il-nostro-ambasciatore-in-svizzera-dopo-la-scarcerazione-di-jacques-moretti-tajani-potrebbe-tentare-la-fuga","status":"publish","type":"post","link":"https:\/\/www.europesays.com\/it\/321227\/","title":{"rendered":"L&#8217;Italia richiama il nostro ambasciatore in Svizzera dopo la scarcerazione di Jacques Moretti. Tajani: potrebbe tentare la fuga"},"content":{"rendered":"<p>    di<br \/>\n    Carlotta De Leo<\/p>\n<p class=\"summary-art is-line-h-12\">Crans-Montana, la decisione concordata da Meloni e Tajani: \u00abGoverno indignato, intraprenderemo azioni\u00bb.<\/p>\n<p class=\"chapter-paragraph\">Sul caso di Crans-Montana, oltre quello giudiziario si apre anche <b>un fronte diplomatico<\/b>. Il governo, infatti, ha deciso di <b>richiamare l&#8217;ambasciatore italiano a Berna, Gian Lorenzo Cornado,<\/b>\u00a0<b>\u00ab<\/b>per definire le ulteriori azioni da intraprendere\u00bb.\u00a0<\/p>\n<p class=\"chapter-paragraph\">La decisione arriva all&#8217;indomani della decisione del\u00a0 Tribunale di Sion di <a href=\"https:\/\/milano.corriere.it\/notizie\/cronaca\/26_gennaio_24\/crans-montana-cauzione-moretti-chi-ha-pagato-b8aebb86-9c41-4a4d-8880-5bc97ec90xlk.shtml\" rel=\"nofollow noopener\" target=\"_blank\">scarcerare Jacques Moretti<\/a>\u00a0<b>\u00a0proprietario del Constellation\u00a0<\/b>dove \u00e8 avvenuta la tragedia di\u00a0 Capodanno che ha provocato<b> 40 morti,<\/b> di cui <b>sei italiani<\/b>, e <b>116 feriti<\/b>.\u00a0    &#13;<br \/>\n&#13;<br \/>\n&#13;<br \/>\n&#13;<br \/>\n&#13;<br \/>\n&#13;<br \/>\n&#13;<br \/>\n&#13;<br \/>\n&#13;<br \/>\n&#13;<br \/>\n&#13;<br \/>\n&#13;<br \/>\n&#13;<br \/>\n&#13;<br \/>\n&#13;<br \/>\n&#13;<br \/>\n&#13;<br \/>\n&#13;<br \/>\n&#13;<br \/>\n&#13;<br \/>\n&#13;<br \/>\n&#13;<br \/>\n&#13;<br \/>\n&#13;<br \/>\n&#13;<br \/>\n&#13;<br \/>\n&#13;<br \/>\n&#13;<br \/>\n&#13;<br \/>\n&#13;<br \/>\n&#13;<br \/>\n&#13;<br \/>\n&#13;<br \/>\n&#13;<br \/>\n&#13;<br \/>\n&#13;<br \/>\n&#13;<br \/>\n&#13;<br \/>\n&#13;<br \/>\n&#13;<br \/>\n&#13;<br \/>\n&#13;<br \/>\n&#13;<br \/>\n&#13;<br \/>\n&#13;<br \/>\n&#13;<br \/>\n&#13;<br \/>\n&#13;<br \/>\n&#13;<br \/>\n&#13;<br \/>\n&#13;<br \/>\n&#13;<br \/>\n&#13;\n<\/p>\n<p class=\"chapter-paragraph\">In una nota, Palazzo Chigi spiega che la premier <b>Giorgia Meloni <\/b>e il Ministro degli Esteri <b>Antonio Tajani<\/b> \u00abhanno dato istruzione all\u2019ambasciatore d\u2019Italia in Svizzera Gian Lorenzo Cornado di <b>prendere immediatamente contatto<\/b> con la <b>procuratrice generale del Canton Vallese<\/b> <b>B\u00e9atrice Pilloud<\/b> per rappresentarle la<b> viva indignazione del governo<\/b> e dell\u2019Italia\u00bb dopo la scarcerazione di Moretti avvenuta \u00abnonostante l\u2019estrema gravit\u00e0 del reato di cui \u00e8 sospettato, le pesanti responsabilit\u00e0 che incombono su di lui, il persistente pericolo di fuga e l\u2019evidente rischio di ulteriore inquinamento delle prove a suo carico\u00bb.<\/p>\n<p class=\"chapter-paragraph\">Una decisione che \u00abrappresenta una grave offesa e una ulteriore ferita inferta alle\u00a0<a href=\"https:\/\/milano.corriere.it\/notizie\/cronaca\/26_gennaio_23\/crans-montana-jacques-moretti-esce-dal-carcere-i-200-mila-franchi-pagati-da-un-amico-c614b29a-359e-4822-9065-ddf797360xlk.shtml\" rel=\"nofollow noopener\" target=\"_blank\">famiglie\u00a0 delle vittime <\/a>\u00a0della tragedia di Crans-Montana e di coloro che sono tuttora ricoverati in ospedale\u00bb.\u00a0<\/p>\n<p class=\"chapter-paragraph\">\u00ab<b>L\u2019Italia tutta chiede a gran voce verit\u00e0 e giustizia,<\/b> e chiede che a ridosso di questa sciagura vengano <b>adottati provvedimenti rispettosi,<\/b> che tengano pienamente conto delle sofferenze e delle aspettative delle famiglie\u00bb conclude la nota.<\/p>\n<p>    Tajani: buchi nell&#8217;inchiesta<\/p>\n<p class=\"chapter-paragraph\">La scarcerazione di Jacques Moretti \u00absi poteva evitare\u00bb, perch\u00e9\u00a0 <b>\u00abpotrebbe tentare la fuga\u00bb<\/b> dice Tajani in un punto stampa alla Farnesina. E, aggiunge,\u00a0 permane\u00a0 anche il \u00abrischio d&#8217;inquinamento delle prove\u00bb. Il messaggio   \u00ab\u00e8 diretto alla magistratura cantonale che \u00e8 responsabile di una <b>inchiesta che fa buchi da tutte le parti<\/b>\u00bb.<\/p>\n<p class=\"chapter-paragraph\">\u00a0In particolare, Tajani ripete che \u00ab<b>la scarcerazione per 200mila franchi \u00e8 inaccettabile<\/b>. \u00c8 un&#8217;offesa alla memoria delle vittime,  alle famiglie, ai feriti, a quelli che sono ancora in pericolo di vita al Niguarda di Milano. \u00c8 una ferita a tutto il popolo italiano\u00bb.\u00a0 Quello che il governo intende sapere \u00e8 \u00ab<b>chi ha pagato questa cauzione<\/b>\u00bb: \u00abVogliamo che si faccia chiarezza, mi pare che i  magistrati cantonali non la stiano facendo\u00bb.<\/p>\n<p class=\"chapter-paragraph\">E proprio per questo, dopo il richiamo dell&#8217;ambasciatore,\u00a0il governo \u00absta studiando con l&#8217;avvocatura generale la costituzione di parte civile\u00bb. E valuta la proposta\u00a0 \u00abdi\u00a0<b>togliere l&#8217;inchiesta al cantone<\/b> e affidarla in maniera straordinaria alla magistratura di un <b>altro cantone<\/b>\u00bb.\u00a0<br \/>\u00abLa premier e io stamani eravamo veramente indignati. Non solo come<br \/>rappresentanti del governo italiano, ma come genitori e io anche<br \/>come nonno\u00bb conclude Tajani.<\/p>\n<p>    L&#8217;indignazione della premier<\/p>\n<p class=\"chapter-paragraph\">Subito dopo la notizia del rilascio di Moretti,<a href=\"https:\/\/www.corriere.it\/cronache\/26_gennaio_23\/crans-montana-jacques-moretti-libero-cauzione-185b7a99-cc31-4373-9482-59cd89fccxlk.shtml?refresh_ce\" rel=\"nofollow noopener\" target=\"_blank\"> la premier Meloni si era detta\u00a0 \u00abindignata\u00bb<\/a>\u00a0e aveva fatto sapere che il governo avrebbe \u00ab<b>chiesto conto alle autorit\u00e0 svizzere\u00bb. <\/b>E cos\u00ec si \u00e8 arrivati alla decisione della Farnesina di convocare il nostro ambasciatore a Berna.\u00a0<\/p>\n<p class=\"chapter-paragraph\">\u00abLa considero <b>un oltraggio alla memoria delle vittime<\/b> della tragedia di Capodanno e un insulto alle loro famiglie, che stanno soffrendo per la scomparsa dei loro cari. <b>Il governo italiano chieder\u00e0 conto alle autorit\u00e0 svizzere di quanto accaduto<\/b>\u00bb, ha detto la premier Meloni.\u00a0<\/p>\n<p class=\"is-mr-t-20 is-mr-b-20\"><b><br \/>\n                    <a href=\"https:\/\/roma.corriere.it\/?intcmp=Notizielocali_nd_010623_corriere_ss_roma\" target=\"_blank\" rel=\"nofollow noopener\">Vai a tutte le notizie di Roma<\/a><br \/>\n            <\/b><\/p>\n<p class=\"chapter-paragraph\"><b><a href=\"https:\/\/www.corriere.it\/newsletter\/?theme=52&amp;intcmp=NL-artic_nd_050624_corriere_ss_roma\" target=\"_blank\" rel=\"nofollow noopener\">Iscriviti alla newsletter di Corriere Roma<\/a><\/b><\/p>\n<p class=\"is-last-update\" datetime=\"2026-01-24T13:09:42+01:00\">24 gennaio 2026 ( modifica il 24 gennaio 2026 | 13:09)<\/p>\n<p class=\"is-copyright\">\n            \u00a9 RIPRODUZIONE RISERVATA\n        <\/p>\n","protected":false},"excerpt":{"rendered":"di Carlotta De Leo Crans-Montana, la decisione concordata da Meloni e Tajani: \u00abGoverno indignato, intraprenderemo azioni\u00bb. Sul caso&hellip;\n","protected":false},"author":3,"featured_media":321228,"comment_status":"","ping_status":"","sticky":false,"template":"","format":"standard","meta":{"footnotes":""},"categories":[6],"tags":[913,917,189264,3610,873,23714,48098,61029,82649,475,13602,2944,189265,189266,171614,110178,44739,14,1368,943,20325,4501,2242,8,51,1537,90,1599,89,84102,169875,58,110181,15246,7,15,82,9,83,10,115,51935,2527,13,9500,11,80,84,12,81,85,838],"class_list":{"0":"post-321227","1":"post","2":"type-post","3":"status-publish","4":"format-standard","5":"has-post-thumbnail","7":"category-ultime-notizie","8":"tag-ambasciatore","9":"tag-autorita","10":"tag-autorita-svizzere","11":"tag-avvenuta","12":"tag-azioni","13":"tag-berna","14":"tag-buchi","15":"tag-cantone","16":"tag-capodanno","17":"tag-chiede","18":"tag-conclude","19":"tag-conto","20":"tag-conto-autorita","21":"tag-conto-autorita-svizzere","22":"tag-cornado","23":"tag-crans","24":"tag-crans-montana","25":"tag-cronaca","26":"tag-decisione","27":"tag-famiglie","28":"tag-farnesina","29":"tag-ferita","30":"tag-fuga","31":"tag-headlines","32":"tag-inchiesta","33":"tag-it","34":"tag-italia","35":"tag-italiano","36":"tag-italy","37":"tag-jacques","38":"tag-jacques-moretti","39":"tag-meloni","40":"tag-montana","41":"tag-moretti","42":"tag-news","43":"tag-notizie","44":"tag-notizie-di-cronaca","45":"tag-notizie-principali","46":"tag-notiziedicronaca","47":"tag-notizieprincipali","48":"tag-premier","49":"tag-scarcerazione","50":"tag-tajani","51":"tag-titoli","52":"tag-tragedia","53":"tag-ultime-notizie","54":"tag-ultime-notizie-di-cronaca","55":"tag-ultime-notizie-e-news-di-oggi","56":"tag-ultimenotizie","57":"tag-ultimenotiziedicronaca","58":"tag-ultimenotizieenewsdioggi","59":"tag-vittime"},"share_on_mastodon":{"url":"","error":"Validation failed: Text character limit of 500 exceeded"},"_links":{"self":[{"href":"https:\/\/www.europesays.com\/it\/wp-json\/wp\/v2\/posts\/321227","targetHints":{"allow":["GET"]}}],"collection":[{"href":"https:\/\/www.europesays.com\/it\/wp-json\/wp\/v2\/posts"}],"about":[{"href":"https:\/\/www.europesays.com\/it\/wp-json\/wp\/v2\/types\/post"}],"author":[{"embeddable":true,"href":"https:\/\/www.europesays.com\/it\/wp-json\/wp\/v2\/users\/3"}],"replies":[{"embeddable":true,"href":"https:\/\/www.europesays.com\/it\/wp-json\/wp\/v2\/comments?post=321227"}],"version-history":[{"count":0,"href":"https:\/\/www.europesays.com\/it\/wp-json\/wp\/v2\/posts\/321227\/revisions"}],"wp:featuredmedia":[{"embeddable":true,"href":"https:\/\/www.europesays.com\/it\/wp-json\/wp\/v2\/media\/321228"}],"wp:attachment":[{"href":"https:\/\/www.europesays.com\/it\/wp-json\/wp\/v2\/media?parent=321227"}],"wp:term":[{"taxonomy":"category","embeddable":true,"href":"https:\/\/www.europesays.com\/it\/wp-json\/wp\/v2\/categories?post=321227"},{"taxonomy":"post_tag","embeddable":true,"href":"https:\/\/www.europesays.com\/it\/wp-json\/wp\/v2\/tags?post=321227"}],"curies":[{"name":"wp","href":"https:\/\/api.w.org\/{rel}","templated":true}]}}