{"id":321588,"date":"2026-01-24T18:55:10","date_gmt":"2026-01-24T18:55:10","guid":{"rendered":"https:\/\/www.europesays.com\/it\/321588\/"},"modified":"2026-01-24T18:55:10","modified_gmt":"2026-01-24T18:55:10","slug":"cofidis-il-direttore-raphael-jeune-sulla-scelta-di-non-partecipare-al-giro-ditalia-per-un-proteam-e-difficile-fare-tutti-e-3-i-gt-bisogna-pensare-anche-alla-salute-dei-corridori","status":"publish","type":"post","link":"https:\/\/www.europesays.com\/it\/321588\/","title":{"rendered":"Cofidis, il direttore Rapha\u00ebl Jeune sulla scelta di non partecipare al Giro d\u2019Italia: \u201cPer un ProTeam \u00e8 difficile fare tutti e 3 i GT, bisogna pensare anche alla salute dei corridori\u201d"},"content":{"rendered":"<p>\t\t\t\t\t<a href=\"https:\/\/cyclingpro.net\/spaziociclismo\/altro\/scopri-lapp-ufficiale-di-spaziociclismo\/\" title=\"\" rel=\"nofollow noopener\" target=\"_blank\"><br \/>\n\t\t\t\t\t\t<img loading=\"lazy\" decoding=\"async\" src=\"https:\/\/www.europesays.com\/it\/wp-content\/uploads\/2025\/09\/1758060682_662_Banner-App-SpazioCiclismo.png\" alt=\"\" width=\"728\" height=\"91\"\/><br \/>\n\t\t\t\t\t<\/a><\/p>\n<p>La <strong>Cofidis<\/strong> ha scelto di non partecipare a diverse corse <strong>WorldTour<\/strong> in questa stagione. La formazione francese dopo la retrocessione al termine dell\u2019ultimo triennio, corre con una licenza Professional, ma grazie al nuovo regolamento del ranking UCI, avrebbe il diritto di partecipare a tutte le corse del calendario WorldTour. Esiste per\u00f2 anche la facolt\u00e0 di rifiniture gli inviti e il team transalpino ha preferito questa opzione, <a href=\"https:\/\/cyclingpro.net\/spaziociclismo\/giro-2026\/esclusiva-giro-ditalia-2026-la-cofidis-ha-gia-deciso-ufficialmente-di-rinunciare-alla-partecipazione\/\" target=\"_blank\" rel=\"noopener nofollow\">rinunciando al Giro d\u2019Italia<\/a>, ma anche alle Strade Bianche e alla Tirreno-Adriatico, oltre ad altre importanti corse a tappe come il Giro di Catalogna, il Giro di Romandia e il Giro di Svizzera.<\/p>\n<p>Una scelta ponderata con attenzione, come ha spiegato il direttore generale della Cofidis, <strong>Rapha\u00ebl Jeune,<\/strong> a <a href=\"https:\/\/www.directvelo.com\/actualite\/126529\/raphael-jeune-il-ne-faut-pas-courir-15-000-lievres-a-la-fois\" target=\"_blank\" rel=\"noopener nofollow\">DirectVelo<\/a>: \u201c<strong>Per un ProTeam \u00e8 difficile partecipare ai tre Grandi Giri<\/strong>. Abbiamo l\u2019obbligo di partecipare alle gare in Francia, che onoriamo con piacere. Ci mettiamo il cuore per fare bene. A maggio parteciperemo con grandi ambizioni alla 4 Giorni di Dunkerque. \u00c8 anche un mese importante per la preparazione del Tour de France, che \u00e8 ovviamente il grande appuntamento della stagione. Se a questo aggiungiamo i potenziali infortunati e gli ammalati, la situazione si complica rapidamente, 30 corridori non sono tanti. A differenza della maggior parte dei WorldTeam, non abbiamo una squadra Continental alle spalle. <strong>Purtroppo, quindi, non parteciperemo al Giro<\/strong>, dove la Cofidis ama andare e speriamo di poterci tornare il prima possibile\u201d.<\/p>\n<p>L\u2019obiettivo principale della stagione sar\u00e0 quindi quello di concentrasi su un calendario pi\u00f9 ristretto per rendere al meglio nelle corse in cui si partecipa, al di l\u00e0 del loro livello: \u201cPer gli stessi motivi non saremo ad esempio alla la Strade Bianche e alla Tirreno-Adriatico. Abbiamo la Parigi-Nizza nello stesso periodo e non \u00e8 possibile inseguire 15.000 lepri contemporaneamente. <strong>L\u2019obiettivo non \u00e8 partecipare alle gare solo per il gusto di farlo<\/strong>. Vogliamo mostrare la maglia quando siamo alla partenza, e non parlo di fuga pubblicitaria, ma di incidere, di ottenere risultati. Non \u00e8 diluendo le forze che ci riusciremo. L\u2019anno scorso siamo stati tra le tre o quattro squadre che hanno corso di pi\u00f9. Con lo staff abbiamo deciso di fare scelte oculate\u201d.<\/p>\n<p>La strategia \u00e8 anche quella di provare a guadagnare un maggior numero di punti in corse minori in altri continenti, in particolare in Asia, seguendo l\u2019esempio di altre squadre: \u201cL\u2019anno scorso abbiamo visto che Astana ha fatto molte gare in Asia per i punti. Se altre squadre lo fanno, perch\u00e9 non noi? <strong>Scopriremo nuove gare, ci sar\u00e0 voglia di competere<\/strong>. \u00c8 interessante anche per lo sviluppo dei nostri giovani corridori. Per quanto riguarda <strong>la Cina, \u00e8 ovviamente un mercato in piena espansione<\/strong>. \u00c8 molto importante per i nostri partner Look e Campagnolo\u201d.<\/p>\n<p>Questo calendario differenziato \u00e8 stato ben accolto anche dai corridori, che avranno tempi maggiori per recuperare dagli sforzi e preparasi al meglio alle corse. Jeune sottolinea infatti che la decisione \u201c<strong>\u00c8 stata accolta molto bene sia dai corridori che dai partner<\/strong>, che ovviamente sono molto importanti. Quando si parla di prestazioni nelle gare, bisogna anche pensare alla salute dei corridori. Non bisogna farli partecipare a tutte le gare. Al contrario, l\u2019idea \u00e8 quella di fissare obiettivi ben precisi. C\u2019\u00e8 il livello fisico, ma bisogna anche pensare alla mente di un corridore. Si vede che \u00e8 complicato da questo punto di vista, anche in una grande squadra come Visma-Lease a Bike. La campionessa mondiale di ciclocross Fem Van Empel ha messo in pausa la sua carriera. Si vede che negli ultimi anni diversi corridori hanno interrotto la loro carriera per motivi mentali\u201d.<\/p>\n<p>Il tema della saluta mentale dei corridori \u00e8 molto importante per il team francese, che infatti per questa stagione ha inserito nello staff <a href=\"https:\/\/cyclingpro.net\/spaziociclismo\/worldtour\/cofidis-la-29enne-soline-lamboley-sara-il-primo-mental-coach-a-tempo-pieno-del-team-conosciamo-tutti-limportanza-di-una-buona-condizione-psicologica-per-affrontare-le-gare\/\" target=\"_blank\" rel=\"noopener nofollow\">una psicologa a tempo pieno, l\u2019ex ciclista francese Soline Lamboley<\/a>. Una scelta innovativa che potrebbe essere seguita da altre squadre, come ha sottolineato Jeune: \u201cCofidis ha deciso di fare una scelta molto innovativa per gli atleti e lo staff, con cui lavora anche lei, assumendo a tempo pieno una preparatrice mentale. Credo che siamo l\u2019unica squadra in questo caso. La direzione sportiva ha lavorato bene su questo\u201d.<\/p>\n","protected":false},"excerpt":{"rendered":"La Cofidis ha scelto di non partecipare a diverse corse WorldTour in questa stagione. La formazione francese dopo&hellip;\n","protected":false},"author":3,"featured_media":304741,"comment_status":"","ping_status":"","sticky":false,"template":"","format":"standard","meta":{"footnotes":"","_share_on_mastodon":"0"},"categories":[1456],"tags":[1824,112740,1825,30818,1537,90,89,88225,245,244],"class_list":["post-321588","post","type-post","status-publish","format-standard","has-post-thumbnail","category-ciclismo","tag-ciclismo","tag-cofidis-2026","tag-cycling","tag-giro-ditalia-2026","tag-it","tag-italia","tag-italy","tag-raphael-jeune","tag-sport","tag-sports"],"share_on_mastodon":{"url":"https:\/\/pubeurope.com\/@it\/115951601148023561","error":""},"_links":{"self":[{"href":"https:\/\/www.europesays.com\/it\/wp-json\/wp\/v2\/posts\/321588","targetHints":{"allow":["GET"]}}],"collection":[{"href":"https:\/\/www.europesays.com\/it\/wp-json\/wp\/v2\/posts"}],"about":[{"href":"https:\/\/www.europesays.com\/it\/wp-json\/wp\/v2\/types\/post"}],"author":[{"embeddable":true,"href":"https:\/\/www.europesays.com\/it\/wp-json\/wp\/v2\/users\/3"}],"replies":[{"embeddable":true,"href":"https:\/\/www.europesays.com\/it\/wp-json\/wp\/v2\/comments?post=321588"}],"version-history":[{"count":0,"href":"https:\/\/www.europesays.com\/it\/wp-json\/wp\/v2\/posts\/321588\/revisions"}],"wp:featuredmedia":[{"embeddable":true,"href":"https:\/\/www.europesays.com\/it\/wp-json\/wp\/v2\/media\/304741"}],"wp:attachment":[{"href":"https:\/\/www.europesays.com\/it\/wp-json\/wp\/v2\/media?parent=321588"}],"wp:term":[{"taxonomy":"category","embeddable":true,"href":"https:\/\/www.europesays.com\/it\/wp-json\/wp\/v2\/categories?post=321588"},{"taxonomy":"post_tag","embeddable":true,"href":"https:\/\/www.europesays.com\/it\/wp-json\/wp\/v2\/tags?post=321588"}],"curies":[{"name":"wp","href":"https:\/\/api.w.org\/{rel}","templated":true}]}}