{"id":321759,"date":"2026-01-24T21:46:18","date_gmt":"2026-01-24T21:46:18","guid":{"rendered":"https:\/\/www.europesays.com\/it\/321759\/"},"modified":"2026-01-24T21:46:18","modified_gmt":"2026-01-24T21:46:18","slug":"il-monferrato-pierc-si-racconta-prima-del-concerto-al-municipale-grazie-casale","status":"publish","type":"post","link":"https:\/\/www.europesays.com\/it\/321759\/","title":{"rendered":"Il Monferrato > PierC si racconta prima del concerto al Municipale: \u00abGrazie Casale!\u00bb"},"content":{"rendered":"<p>            Articolo \u00bb<\/p>\n<p>\n                    Si apre il sipario<br \/>\n                    Appuntamento domenica 25 gennaio alle 21                <\/p>\n<p>                    <img decoding=\"async\" src=\"https:\/\/www.europesays.com\/it\/wp-content\/uploads\/2026\/01\/r_810x810_pierc monferrato def.jpg\" alt=\"\" class=\"img-responsive\"\/><\/p>\n<p>PierC. Visto in \u201cversione pop\u201d da Max Ramezzana<\/p>\n<p>di Andrea Mombello<\/p>\n<p>Domenica 25 gennaio alle ore 21\u00a0tutto esaurito al Teatro Municipale di Casale Monferrato: PierC torner\u00e0 sul palcoscenico della sua citt\u00e0 dopo l\u2019esperienza a X Factor, per un concerto pensato come ritorno alle origini e come ringraziamento al pubblico che lo ha accompagnato nel suo recente percorso artistico. Il suo stile si muove tra pop e soul, con una forte capacit\u00e0 interpretativa e una sensibilit\u00e0 da musicista.<\/p>\n<p>Supportato dal pianoforte, che ne caratterizza la cifra espressiva, e affiancato dallo storico gruppo \u201cWhyNot? Band\u201d, il cantautore casalese ripercorrer\u00e0 le tappe pi\u00f9 significative del cammino maturato nel corso del talent televisivo, intrecciando musica e racconto in una serata che mette al centro il rapporto con la comunit\u00e0 e il valore della condivisione.<\/p>\n<p>Il\u00a0ricavato della serata sar\u00e0 destinato all\u2019Associazione Sostenitori Santo Spirito, a favore delle attivit\u00e0 svolte per l\u2019ospedale di Casale Monferrato.<\/p>\n<p>Piercesare Fagioli ha \u201cpiercizzato\u201d con la sua voce e la sua energia l\u2019Italia intera. \u201cNeve sporca\u201d, il suo inedito, \u00e8 stata la scintilla della sua carriera, iniziata con il quarto posto alla finalissima di X Factor in piazza del Plebiscito a Napoli. Diventato il volto musicale del Monferrato, ci racconta questo momento della sua vita, senza dimenticare le sue radici. Da dove tutto \u00e8 iniziato. E le date del tour si annunciano sold-out.<\/p>\n<p><strong>Alla finale di X Factor era pi\u00f9 agitato PierC o la zia Daria (Triglio, nda)?<br \/><\/strong>Piercesare era molto tranquillo dopo aver passato la semifinale, quando mi sono giocato il tutto per tutto, perch\u00e9 alla quinta puntata mi sono accorto di non aver cantato bene&#8230; Dopo la semifinale non dico che mi fossi sentito in vacanza, ma diciamo che mi sono liberato della tensione accumulata. Il mio obiettivo era arrivare in finale ed eravamo rimasti quattro amici che hanno compiuto un viaggio insieme. La zia Daria aveva 39 di febbre la sera della finale e stava troppo male per essere agitata, ma PierC se l\u2019\u00e8 goduta fino in fondo. Forse avrei dovuto vivere nella \u201cmodalit\u00e0 finale di Napoli\u201d anche le altre puntate di X Factor. Un momento che considero un rendez vous di affetto con amici che sono arrivati da tutta Europa, non sapevo cosa dire, avevo finito le parole per definire questa\u00a0 esperienza.<\/p>\n<p><strong>Cosa hai voluto trasmettere con la canzone \u201cNeve sporca\u201d?<br \/><\/strong>Ho voluto raccontare di Piercesare adulto che parla al me bambino, che ha vissuto tante sfaccettature e rivedendomi in quell\u2019ingenuit\u00e0 l\u00ec, ritornare quello che ero. Io mi rapporto in questo modo e finalmente riesco a capire cosa \u00e8 vero e verace. La musica per me \u00e8 vita.\u00a0<\/p>\n<p><strong>Appunto, il \u201cte\u201d piccolo, guardando indietro rifarebbe tutto?<br \/><\/strong>Fin da piccolo mia zia, mi ha avviato alla musica, qualcosa che ho sempre vissuto con passione. Dall\u2019indirizzo musicale alla \u201cTrevigi\u201d con le prof Cosseta, Sorisio, Priarone, Bussa, Pallanza, Perfumo e il prof Scagliotti, passando per il Liceo Classico Balbo e contemporaneamente seguivo le lezioni di pianoforte al \u201cSoliva\u201d, gli esami di solfeggio al \u201cVerdi\u201d di Torino, le prime lezioni di canto&#8230;poi in terza media la partecipazione a \u201cTi lascio una canzone\u201d, dove ho sentito per la prima volta la potenza di un\u2019orchestra dal vivo&#8230; Indimenticabili gli spettacoli con i prof Pesce e Meni negli anni del liceo, quest\u2019ultimo grande conoscitore della musica. Io e Francesco Mauri eravamo diventati un po\u2019 i vice direttori di questi eventi. Durante gli anni della laurea magistrale ho preso parte ai musical dell\u2019associazione Blpsa, Bocconi Live Performance.<\/p>\n<p><strong>Che rapporto hai con il tuo giudice Francesco Gabbani? Aprirai i suoi concerti da marzo.<br \/><\/strong>Lo adoro alla follia, \u00e8 un essere umano grandissimo, oltre ad essere un grande artista. \u00c8 stato sempre autentico sia nei miei confronti che nei confronti degli altri partecipanti a X Factor, \u00e8 stato sempre oggettivo. Con lui ho instaurato un legame profondo e nelle ultime puntate del programma mi difendeva quasi come fossi un figlio. Credeva in quello che diceva.<\/p>\n<p><strong>Cosa dobbiamo aspettarci dal concerto al Municipale?<br \/><\/strong>Faremo un qualcosa di semplice. Ci stiamo preparando al meglio con la WhyNot? Band.\u00a0Eseguir\u00f2 un\u00a0 estratto del programma e qualcosa che ho gi\u00e0 fatto con loro in passato.\u00a0Con questo concerto si chiude un cerchio e voglio ringraziare anche loro&#8230;tornando a casa.\u00a0<\/p>\n<p><strong>Stai preparando nuovi brani?<br \/><\/strong>S\u00ec, sto scrivendo nuovi pezzi, un lavoro difficile perch\u00e9 la socialit\u00e0 mi complica i momenti che mi servirebbero per elaborare pensieri e strofe.\u00a0Fare pubbliche relazioni e trovare la concentrazione per scrivere i testi fanno parte entrambi del gioco.\u00a0<\/p>\n<p><strong>Il rapporto con i social<br \/><\/strong>Mi sento un po\u2019 boomer, non sono cos\u00ec \u201csgamato\u201d. Ho tante idee, ma per realizzare i video mi faccio aiutare. Prima eravamo io e mia sorella Teresa, adesso il team si sta ampliando. Puoi aver un grande riscontro sui social, ma pu\u00f2 comportare anche dei momenti negativi, l\u2019insulto non lo contemplo. Quando sono commenti critici sensati, possono essere costruttivi, altre volte mi faccio una risata.\u00a0<\/p>\n<p><strong>Un hashtag per definire il tuo momento.<br \/><\/strong>Hashtag&#8230; scioccato. Non sono diverso da prima, ma rapportarmi con personaggi che magari prima vedevo solo in televisione mi stupisce. Penso che prender\u00f2 con leggerezza anche le uscite con gli amici e l\u2019incontro con le persone in giro&#8230; in fondo mi stanno dando un attestato di stima per la musica che propongo. Questo \u00e8 il mio lavoro, mi fa effetto dirlo, ma fino a quando ci sar\u00e0 occasione, sar\u00f2 stacanovista per provarci fino alla fine. \u00a0<\/p>\n<p><strong>Pochi hanno parlato della conduttrice di X Factor. Come consideri Giorgia?<br \/><\/strong>Quando incontravo Giorgia, alla prova generale del mercoled\u00ec, ci sorridevamo a vicenda. Sono innamorato della sua \u201cfigura mistica\u201d, una grande professionista, super partes fino al termine del programma. Posso dire che ho origliato alcuni \u201cbravo\u201d da dietro le quinte. Ma il consiglio pi\u00f9 grande \u00e8 stato \u201csii te stesso\u201d.<\/p>\n<p><strong>Hai pensato a collaborazioni con rob, eroCaddeo e Delia?<br \/><\/strong>Ci sentiamo spesso, abbiamo un gruppo su whatsapp, ci scriviamo almeno un paio di volte a settimana. Stiamo partecipando a eventi promozionali, tutti insieme. Vogliamo collaborare, ma le nostre idee sono in divenire. Siamo molto amici e ci stimiamo molto dal punto di vista artistico.\u00a0<\/p>\n<p><strong>Cosa ti pu\u00f2 dare ancora questo territorio, musicalmente parlando?<br \/><\/strong>Vorrei dare io a Casale.. per quanto posso. Un territorio che mi ha dato sostegno, in cui ho avuto un bel riscontro. S\u00ec, ho realizzato un sogno, sono in una bolla d\u2019oro, sono stato trasformato in due mesi in una pop star, ma devo stare anche attento a non abituarmi troppo, non \u00e8 detto che sia sempre cos\u00ec. Diciamo che nel 2025, ho anche sfruttato una congiunzione astrale&#8230;ho lavorato molto, mi sono buttato a capofitto e poi il \u201ctalent\u201d ti d\u00e0 la visibilit\u00e0. Spero che questo momento sia solo l\u2019inizio della mia carriera&#8230;<\/p>\n","protected":false},"excerpt":{"rendered":"Articolo \u00bb Si apre il sipario Appuntamento domenica 25 gennaio alle 21 PierC. Visto in \u201cversione pop\u201d da&hellip;\n","protected":false},"author":3,"featured_media":321760,"comment_status":"","ping_status":"","sticky":false,"template":"","format":"standard","meta":{"footnotes":"","_share_on_mastodon":"0"},"categories":[1443],"tags":[13444,13445,203,4820,13443,7889,204,1537,90,89,1538,1539],"class_list":["post-321759","post","type-post","status-publish","format-standard","has-post-thumbnail","category-musica","tag-bisettimanale","tag-casale-monferrato","tag-entertainment","tag-giornale","tag-il-monferrato","tag-informazione","tag-intrattenimento","tag-it","tag-italia","tag-italy","tag-music","tag-musica"],"share_on_mastodon":{"url":"https:\/\/pubeurope.com\/@it\/115952273509907933","error":""},"_links":{"self":[{"href":"https:\/\/www.europesays.com\/it\/wp-json\/wp\/v2\/posts\/321759","targetHints":{"allow":["GET"]}}],"collection":[{"href":"https:\/\/www.europesays.com\/it\/wp-json\/wp\/v2\/posts"}],"about":[{"href":"https:\/\/www.europesays.com\/it\/wp-json\/wp\/v2\/types\/post"}],"author":[{"embeddable":true,"href":"https:\/\/www.europesays.com\/it\/wp-json\/wp\/v2\/users\/3"}],"replies":[{"embeddable":true,"href":"https:\/\/www.europesays.com\/it\/wp-json\/wp\/v2\/comments?post=321759"}],"version-history":[{"count":0,"href":"https:\/\/www.europesays.com\/it\/wp-json\/wp\/v2\/posts\/321759\/revisions"}],"wp:featuredmedia":[{"embeddable":true,"href":"https:\/\/www.europesays.com\/it\/wp-json\/wp\/v2\/media\/321760"}],"wp:attachment":[{"href":"https:\/\/www.europesays.com\/it\/wp-json\/wp\/v2\/media?parent=321759"}],"wp:term":[{"taxonomy":"category","embeddable":true,"href":"https:\/\/www.europesays.com\/it\/wp-json\/wp\/v2\/categories?post=321759"},{"taxonomy":"post_tag","embeddable":true,"href":"https:\/\/www.europesays.com\/it\/wp-json\/wp\/v2\/tags?post=321759"}],"curies":[{"name":"wp","href":"https:\/\/api.w.org\/{rel}","templated":true}]}}